{"id":56006,"date":"2024-05-05T14:04:37","date_gmt":"2024-05-05T20:04:37","guid":{"rendered":"https:\/\/informativoelvalledeaguascalientes.online\/?p=56006"},"modified":"2024-06-02T13:16:16","modified_gmt":"2024-06-02T19:16:16","slug":"aguascalientes-recibira-a-los-mas-grandes-expositores-de-la-industria-automotriz-en-mexico-y-norteamerica","status":"publish","type":"post","link":"https:\/\/informativoelvalledeaguascalientes.online\/?p=56006","title":{"rendered":"AGUASCALIENTES RECIBIR\u00c1 A LOS M\u00c1S GRANDES EXPOSITORES DE LA INDUSTRIA AUTOMOTRIZ EN M\u00c9XICO Y NORTEAM\u00c9RICA"},"content":{"rendered":"<p>#informativoelvalledeaguascalientes<\/p>\n<p>#novaradioaguascalientes<\/p>\n<p>#informativoelvalledeaguascalientesll<\/p>\n<p>#ElGiganteDeMexico<\/p>\n<div class=\"siSdJK4 comp-l7sh9ubx\" data-hook=\"ricosviewer-wrapper\">\n<div class=\"U4I07\" dir=\"ltr\" data-id=\"content-viewer\">\n<div class=\"hl-xW\">\n<div>\n<ul class=\"xErDo AnCKd\">\n<li class=\"_04hd2 vVfzz\" dir=\"auto\">\n<div>\n<p id=\"viewer-k281k226\" class=\"-Zro6 -ZADH vVfzz AnCKd _57WYp\"><span class=\"d0767 vVfzz\"><strong><em>La cuarta edici\u00f3n del North America Automotive B2B Meeting se llevar\u00e1 a cabo los d\u00edas 6 y 7 de noviembre en el Ficotrece<\/em><\/strong><\/span><\/p>\n<\/div>\n<\/li>\n<li class=\"_04hd2 vVfzz\" dir=\"auto\">\n<div>\n<p id=\"viewer-h529q367\" class=\"-Zro6 -ZADH vVfzz AnCKd _57WYp\"><span class=\"d0767 vVfzz\"><strong><em>Acceso a citas de negocio, \u00e1rea de exposici\u00f3n, conferencias magistrales y networking de alto nivel, ofrecer\u00e1 el evento<\/em><\/strong><\/span><\/p>\n<div id=\"viewer-jv97b370\" class=\"-Zro6 -ZADH vVfzz _57WYp\"><span class=\"d0767 vVfzz\">\u00a0<\/span><\/div>\n<\/div>\n<\/li>\n<li class=\"_04hd2 vVfzz\" dir=\"auto\">\n<div>\n<p id=\"viewer-im05x462\" class=\"-Zro6 -ZADH vVfzz AnCKd _57WYp\"><span class=\"d0767 vVfzz\"><strong><em>Participar\u00e1n compradores y proveedores de 12 pa\u00edses; registro abierto en <\/em><\/strong><a class=\"TWoY9 itht3\" href=\"https:\/\/auto.capim.com.mx\" target=\"_self\" rel=\"noopener noreferrer\"><strong><em><u>https:\/\/auto.capim.com.mx<\/u><\/em><\/strong><\/a><strong><em>\u00a0<\/em><\/strong><\/span><\/p>\n<\/div>\n<\/li>\n<\/ul>\n<div id=\"viewer-m2pcp374\" class=\"-Zro6 -ZADH vVfzz _57WYp\"><span class=\"d0767 vVfzz\">\u00a0<\/span><\/div>\n<p id=\"viewer-4j2r7375\" class=\"-Zro6 -ZADH vVfzz AnCKd _57WYp\"><span class=\"d0767 vVfzz\">El Gobierno del Estado informa que, por cuarto a\u00f1o consecutivo, Aguascalientes ser\u00e1 sede del North America Automotive B2B Meeting, que es el encuentro de negocios de la industria automotriz m\u00e1s grande en M\u00e9xico y Norteam\u00e9rica, organizado por la Asociaci\u00f3n de la Industria Nacional de Autopartes (INA) y la Cadena de Proveedores de la Industria en M\u00e9xico (Capim), con el apoyo de la Secretar\u00eda de Desarrollo Econ\u00f3mico, Ciencia y Tecnolog\u00eda (Sedecyt).<\/span><\/p>\n<div id=\"viewer-a2yli377\" class=\"-Zro6 -ZADH vVfzz _57WYp\"><span class=\"d0767 vVfzz\">\u00a0<\/span><\/div>\n<p id=\"viewer-yenv6378\" class=\"-Zro6 -ZADH vVfzz AnCKd _57WYp\"><span class=\"d0767 vVfzz\">Este importante evento que representa oportunidades de negocio superior a los 5 mil millones de d\u00f3lares, se llevar\u00e1 a cabo los d\u00edas 6 y 7 de noviembre en las instalaciones del Ficotrece con la participaci\u00f3n de empresas compradoras y proveedoras locales, nacionales y extranjeras de Canad\u00e1, Estados Unidos, Alemania, China, Corea del Sur, Dinamarca, Espa\u00f1a, Francia, Jap\u00f3n, Suecia y Vietnam.<\/span><\/p>\n<div id=\"viewer-mnt74380\" class=\"-Zro6 -ZADH vVfzz _57WYp\"><span class=\"d0767 vVfzz\">\u00a0<\/span><\/div>\n<p id=\"viewer-ze1c5381\" class=\"-Zro6 -ZADH vVfzz AnCKd _57WYp\"><span class=\"d0767 vVfzz\">La relocalizaci\u00f3n regional y el nearshoring, as\u00ed como las reglas de origen que contempla el tratado comercial T-MEC, impulsan una mayor integraci\u00f3n de la cadena de suministro de la industria automotriz, lo que acelera la ubicaci\u00f3n de proveedores en M\u00e9xico por parte de los actores clave del proceso de manufactura automotriz alrededor del mundo.<\/span><\/p>\n<div id=\"viewer-bduao383\" class=\"-Zro6 -ZADH vVfzz _57WYp\"><span class=\"d0767 vVfzz\">\u00a0<\/span><\/div>\n<p id=\"viewer-bevn2384\" class=\"-Zro6 -ZADH vVfzz AnCKd _57WYp\"><span class=\"d0767 vVfzz\">El registro para asistir al evento y el programa completo se encuentran en <a class=\"TWoY9 itht3\" href=\"https:\/\/auto.capim.com.mx\" target=\"_self\" rel=\"noopener noreferrer\"><u>https:\/\/auto.capim.com.mx<\/u><\/a>, en donde adem\u00e1s los participantes tendr\u00e1n la posibilidad de acceder a citas de negocio, \u00e1rea de exposici\u00f3n, conferencias magistrales y networking de alto nivel.<\/span><\/p>\n<\/div>\n<\/div>\n<\/div>\n<\/div>\n","protected":false},"excerpt":{"rendered":"<p>#informativoelvalledeaguascalientes #novaradioaguascalientes #informativoelvalledeaguascalientesll #ElGiganteDeMexico La cuarta edici\u00f3n del North America Automotive B2B Meeting se llevar\u00e1 a cabo los d\u00edas 6 y 7 de noviembre en el Ficotrece Acceso a citas de negocio, \u00e1rea de exposici\u00f3n, conferencias magistrales y networking de alto nivel, ofrecer\u00e1 el evento \u00a0 Participar\u00e1n compradores y proveedores de 12 pa\u00edses; registro abierto [&hellip;]<\/p>\n","protected":false},"author":1,"featured_media":56007,"comment_status":"closed","ping_status":"open","sticky":false,"template":"","format":"standard","meta":{"advanced_seo_description":"","jetpack_seo_html_title":"","jetpack_seo_noindex":false,"_jetpack_memberships_contains_paid_content":false,"footnotes":"","jetpack_publicize_message":"","jetpack_publicize_feature_enabled":true,"jetpack_social_post_already_shared":true,"jetpack_social_options":{"image_generator_settings":{"template":"highway","default_image_id":0,"font":"","enabled":false},"version":2}},"categories":[21,4],"tags":[22,615,610],"class_list":["post-56006","post","type-post","status-publish","format-standard","has-post-thumbnail","hentry","category-aguascalientes","category-gobierno-del-estado-aguascalientes","tag-aguascalientes","tag-gobierno-del-estado-de-aguascalientes","tag-sedecyt"],"jetpack_publicize_connections":[],"jetpack_featured_media_url":"https:\/\/i0.wp.com\/informativoelvalledeaguascalientes.online\/wp-content\/uploads\/2024\/05\/32.jpeg?fit=1251%2C741&ssl=1","jetpack-related-posts":[],"jetpack_sharing_enabled":true,"jetpack_likes_enabled":true,"_links":{"self":[{"href":"https:\/\/informativoelvalledeaguascalientes.online\/index.php?rest_route=\/wp\/v2\/posts\/56006","targetHints":{"allow":["GET"]}}],"collection":[{"href":"https:\/\/informativoelvalledeaguascalientes.online\/index.php?rest_route=\/wp\/v2\/posts"}],"about":[{"href":"https:\/\/informativoelvalledeaguascalientes.online\/index.php?rest_route=\/wp\/v2\/types\/post"}],"author":[{"embeddable":true,"href":"https:\/\/informativoelvalledeaguascalientes.online\/index.php?rest_route=\/wp\/v2\/users\/1"}],"replies":[{"embeddable":true,"href":"https:\/\/informativoelvalledeaguascalientes.online\/index.php?rest_route=%2Fwp%2Fv2%2Fcomments&post=56006"}],"version-history":[{"count":1,"href":"https:\/\/informativoelvalledeaguascalientes.online\/index.php?rest_route=\/wp\/v2\/posts\/56006\/revisions"}],"predecessor-version":[{"id":56008,"href":"https:\/\/informativoelvalledeaguascalientes.online\/index.php?rest_route=\/wp\/v2\/posts\/56006\/revisions\/56008"}],"wp:featuredmedia":[{"embeddable":true,"href":"https:\/\/informativoelvalledeaguascalientes.online\/index.php?rest_route=\/wp\/v2\/media\/56007"}],"wp:attachment":[{"href":"https:\/\/informativoelvalledeaguascalientes.online\/index.php?rest_route=%2Fwp%2Fv2%2Fmedia&parent=56006"}],"wp:term":[{"taxonomy":"category","embeddable":true,"href":"https:\/\/informativoelvalledeaguascalientes.online\/index.php?rest_route=%2Fwp%2Fv2%2Fcategories&post=56006"},{"taxonomy":"post_tag","embeddable":true,"href":"https:\/\/informativoelvalledeaguascalientes.online\/index.php?rest_route=%2Fwp%2Fv2%2Ftags&post=56006"}],"curies":[{"name":"wp","href":"https:\/\/api.w.org\/{rel}","templated":true}]}}