{"id":55952,"date":"2024-05-01T12:49:07","date_gmt":"2024-05-01T18:49:07","guid":{"rendered":"https:\/\/informativoelvalledeaguascalientes.online\/?p=55952"},"modified":"2024-05-05T12:58:43","modified_gmt":"2024-05-05T18:58:43","slug":"refrenda-tere-jimenez-su-compromiso-con-quienes-hacen-de-aguascalientes-uno-de-los-estados-mas-productivos-del-pais","status":"publish","type":"post","link":"https:\/\/informativoelvalledeaguascalientes.online\/?p=55952","title":{"rendered":"REFRENDA TERE JIM\u00c9NEZ SU COMPROMISO CON QUIENES HACEN DE AGUASCALIENTES UNO DE LOS ESTADOS M\u00c1S PRODUCTIVOS DEL PA\u00cdS"},"content":{"rendered":"<p>#informativoelvalledeaguascalientes<\/p>\n<p>#novaradioaguascalientes<\/p>\n<p>#informativoelvalledeaguascalientesll<\/p>\n<p>#ElGiganteDeMexico<\/p>\n<p>&nbsp;<\/p>\n<ul class=\"xErDo AnCKd\">\n<li class=\"_04hd2 vVfzz\" dir=\"auto\"><span class=\"d0767 vVfzz\"><strong>Encabez\u00f3 la gobernadora el tradicional Desfile del D\u00eda del Trabajo\u00a0<\/strong><\/span><\/li>\n<li class=\"_04hd2 vVfzz\" dir=\"auto\">\n<div>\n<p id=\"viewer-xvofu229\" class=\"-Zro6 -ZADH vVfzz AnCKd _57WYp\"><span class=\"d0767 vVfzz\"><strong>Dar\u00e1 seguimiento a las solicitudes que realiz\u00f3 la clase obrera<\/strong><\/span><\/p>\n<\/div>\n<\/li>\n<li class=\"_04hd2 vVfzz\" dir=\"auto\">\n<div>\n<p id=\"viewer-kzzqh232\" class=\"-Zro6 -ZADH vVfzz AnCKd _57WYp\"><span class=\"d0767 vVfzz\"><strong>M\u00e1s de 27 mil trabajadores participaron en el acto c\u00edvico<\/strong><\/span><\/p>\n<\/div>\n<\/li>\n<\/ul>\n<div id=\"viewer-03qvp234\" class=\"-Zro6 -ZADH IjV6v _57WYp\"><span class=\"d0767\">\u00a0<\/span><\/div>\n<p id=\"viewer-0gz5k235\" class=\"-Zro6 -ZADH vVfzz AnCKd _57WYp\"><span class=\"d0767 vVfzz\">La gobernadora de Aguascalientes, Tere Jim\u00e9nez, encabez\u00f3 el desfile c\u00edvico-obrero por el D\u00eda del Trabajo, en el que m\u00e1s de 27 mil trabajadores recorrieron las principales calles del Centro Hist\u00f3rico de la capital para expresar agradecimientos e inquietudes en un marco de total respeto y civilidad.<\/span><\/p>\n<div id=\"viewer-w1h41237\" class=\"-Zro6 -ZADH IjV6v _57WYp\"><span class=\"d0767\">\u00a0<\/span><\/div>\n<p id=\"viewer-e7sle238\" class=\"-Zro6 -ZADH vVfzz AnCKd _57WYp\"><span class=\"d0767 vVfzz\">En ese sentido, Tere Jim\u00e9nez refrend\u00f3 su compromiso con la clase trabajadora de la entidad y asegur\u00f3 que seguir\u00e1 trabajando hasta el \u00faltimo d\u00eda de su gesti\u00f3n para mejorar su calidad de vida, ya que este sector es el que mantiene a Aguascalientes como uno de los estados m\u00e1s productivos del pa\u00eds.<\/span><\/p>\n<div id=\"viewer-vdsfj240\" class=\"-Zro6 -ZADH IjV6v _57WYp\"><span class=\"d0767\">\u00a0<\/span><\/div>\n<p id=\"viewer-67vls241\" class=\"-Zro6 -ZADH vVfzz AnCKd _57WYp\"><span class=\"d0767 vVfzz\">Por m\u00e1s de tres horas, Tere Jim\u00e9nez escuch\u00f3 atenta el sentir de las y los trabajadores, quienes en su marcha dejaron de manifiesto que la lucha por mejorar sus condiciones laborales sigue vigente desde aquel 1\u00b0 de mayo de 1913, fecha en que se celebr\u00f3 el primer desfile obrero en M\u00e9xico.<\/span><\/p>\n<p id=\"viewer-9o0ll244\" class=\"-Zro6 -ZADH vVfzz AnCKd _57WYp\"><span class=\"d0767 vVfzz\">Al paso de los contingentes, cada uno de los representantes de los diferentes sindicatos y centrales obreras dialog\u00f3 con la gobernadora, a quien expresaron de viva voz algunas de las principales solicitudes de sus respectivos gremios, as\u00ed como su respaldo para seguir haciendo de Aguascalientes un estado productivo y con un \u00f3ptimo clima laboral.<\/span><\/p>\n<div id=\"viewer-4j6ue246\" class=\"-Zro6 -ZADH IjV6v _57WYp\"><span class=\"d0767\">\u00a0<\/span><\/div>\n<p id=\"viewer-yvsb7247\" class=\"-Zro6 -ZADH vVfzz AnCKd _57WYp\"><span class=\"d0767 vVfzz\">Decenas de sindicatos y centrales obreras fueron los que participaron en el tradicional desfile, como FEDESA, SUTHMH, SUTEMA, STICA, FEDESSP, SNTE, COEM, FTA \/ CTM, FSTSE, SNTSA, CATEM, UNT, STERM, SUTIAEA y CROM; adem\u00e1s, por primera ocasi\u00f3n participaron agrupaciones campesinas como UCD, UNTA y CCI.<\/span><\/p>\n<div id=\"viewer-l0dul249\" class=\"-Zro6 -ZADH IjV6v _57WYp\"><span class=\"d0767\">\u00a0<\/span><\/div>\n<p id=\"viewer-wesra250\" class=\"-Zro6 -ZADH vVfzz AnCKd _57WYp\"><span class=\"d0767 vVfzz\">Cabe destacar que durante el desfile se despleg\u00f3 un operativo para salvaguardar la integridad de las y los trabajadores, en el que participaron las corporaciones de seguridad p\u00fablica, personal de protecci\u00f3n civil y cuerpos de emergencia.<\/span><\/p>\n","protected":false},"excerpt":{"rendered":"<p>#informativoelvalledeaguascalientes #novaradioaguascalientes #informativoelvalledeaguascalientesll #ElGiganteDeMexico &nbsp; Encabez\u00f3 la gobernadora el tradicional Desfile del D\u00eda del Trabajo\u00a0 Dar\u00e1 seguimiento a las solicitudes que realiz\u00f3 la clase obrera M\u00e1s de 27 mil trabajadores participaron en el acto c\u00edvico \u00a0 La gobernadora de Aguascalientes, Tere Jim\u00e9nez, encabez\u00f3 el desfile c\u00edvico-obrero por el D\u00eda del Trabajo, en el que m\u00e1s [&hellip;]<\/p>\n","protected":false},"author":1,"featured_media":55953,"comment_status":"closed","ping_status":"open","sticky":false,"template":"","format":"standard","meta":{"advanced_seo_description":"","jetpack_seo_html_title":"","jetpack_seo_noindex":false,"_jetpack_memberships_contains_paid_content":false,"footnotes":"","jetpack_publicize_message":"","jetpack_publicize_feature_enabled":true,"jetpack_social_post_already_shared":true,"jetpack_social_options":{"image_generator_settings":{"template":"highway","default_image_id":0,"font":"","enabled":false},"version":2}},"categories":[21,4],"tags":[22,615,320],"class_list":["post-55952","post","type-post","status-publish","format-standard","has-post-thumbnail","hentry","category-aguascalientes","category-gobierno-del-estado-aguascalientes","tag-aguascalientes","tag-gobierno-del-estado-de-aguascalientes","tag-tere-jimenez"],"jetpack_publicize_connections":[],"jetpack_featured_media_url":"https:\/\/i0.wp.com\/informativoelvalledeaguascalientes.online\/wp-content\/uploads\/2024\/05\/440326491_995101495306386_7654655975584940032_n.jpg?fit=1440%2C960&ssl=1","jetpack-related-posts":[],"jetpack_sharing_enabled":true,"jetpack_likes_enabled":true,"_links":{"self":[{"href":"https:\/\/informativoelvalledeaguascalientes.online\/index.php?rest_route=\/wp\/v2\/posts\/55952","targetHints":{"allow":["GET"]}}],"collection":[{"href":"https:\/\/informativoelvalledeaguascalientes.online\/index.php?rest_route=\/wp\/v2\/posts"}],"about":[{"href":"https:\/\/informativoelvalledeaguascalientes.online\/index.php?rest_route=\/wp\/v2\/types\/post"}],"author":[{"embeddable":true,"href":"https:\/\/informativoelvalledeaguascalientes.online\/index.php?rest_route=\/wp\/v2\/users\/1"}],"replies":[{"embeddable":true,"href":"https:\/\/informativoelvalledeaguascalientes.online\/index.php?rest_route=%2Fwp%2Fv2%2Fcomments&post=55952"}],"version-history":[{"count":1,"href":"https:\/\/informativoelvalledeaguascalientes.online\/index.php?rest_route=\/wp\/v2\/posts\/55952\/revisions"}],"predecessor-version":[{"id":55954,"href":"https:\/\/informativoelvalledeaguascalientes.online\/index.php?rest_route=\/wp\/v2\/posts\/55952\/revisions\/55954"}],"wp:featuredmedia":[{"embeddable":true,"href":"https:\/\/informativoelvalledeaguascalientes.online\/index.php?rest_route=\/wp\/v2\/media\/55953"}],"wp:attachment":[{"href":"https:\/\/informativoelvalledeaguascalientes.online\/index.php?rest_route=%2Fwp%2Fv2%2Fmedia&parent=55952"}],"wp:term":[{"taxonomy":"category","embeddable":true,"href":"https:\/\/informativoelvalledeaguascalientes.online\/index.php?rest_route=%2Fwp%2Fv2%2Fcategories&post=55952"},{"taxonomy":"post_tag","embeddable":true,"href":"https:\/\/informativoelvalledeaguascalientes.online\/index.php?rest_route=%2Fwp%2Fv2%2Ftags&post=55952"}],"curies":[{"name":"wp","href":"https:\/\/api.w.org\/{rel}","templated":true}]}}