{"id":55940,"date":"2024-05-03T15:41:39","date_gmt":"2024-05-03T21:41:39","guid":{"rendered":"https:\/\/informativoelvalledeaguascalientes.online\/?p=55940"},"modified":"2024-05-04T15:45:50","modified_gmt":"2024-05-04T21:45:50","slug":"fortalecera-cesar-medina-el-alumbrado-publico-y-las-vialidades-en-jesus-maria","status":"publish","type":"post","link":"https:\/\/informativoelvalledeaguascalientes.online\/?p=55940","title":{"rendered":"FORTALECER\u00c1 CESAR MEDINA EL ALUMBRADO P\u00daBLICO Y LAS VIALIDADES EN JES\u00daS MAR\u00cdA"},"content":{"rendered":"<p>#informativoelvalledeaguascalientes<\/p>\n<p>#novaradioaguascalientes<\/p>\n<p>#informativoelvalledeaguascalientesll<\/p>\n<p>Durante la reuni\u00f3n que sostuvo Cesar Medina, candidato a la presidencia municipal de Jes\u00fas Mar\u00eda por la Alianza Fuerza y Coraz\u00f3n por Aguascalientes, con vecinos de Manantiales del Pinar, se comprometi\u00f3 a reforzar el alumbrado p\u00fablico en la cabecera municipal, as\u00ed como a redoblar esfuerzos para el mantenimiento de las vialidades.<\/p>\n<p>El abanderado por los partidos PRI-PAN y PRD, mencion\u00f3 que algunas colonias de Jes\u00fas Mar\u00eda, -como el caso de Manantiales del Pinar-cuentan con luminarias de micro led, las cuales alumbran con mayor intensidad, son m\u00e1s dif\u00edciles de vandalizar y permiten el ahorro de energ\u00eda, por lo que una de sus propuestas consiste en aumentar considerablemente el n\u00famero de luminarias de este tipo, as\u00ed como reforzar el mantenimiento de las vialidades.<\/p>\n<p>\u201cActualmente el municipio cuenta con una planta de asfalto, por lo que reforzaremos el bacheo en las noches y tambi\u00e9n durante la madrugada para avanzar en ese tema y que Jes\u00fas Mar\u00eda cuente con vialidades de calidad y en buen estado, como lo merece la sociedad\u201d mencion\u00f3 Cesar Medina.<br \/>\nAgreg\u00f3 que tambi\u00e9n le apostar\u00e1 a la rehabilitaci\u00f3n del Centro Hist\u00f3rico con la regeneraci\u00f3n de la est\u00e9tica urbana, lo que incentivar\u00e1 el movimiento comercial en el primer cuadro.<\/p>\n<p>Asimismo, el candidato a la presidencia municipal indic\u00f3 que durante su gesti\u00f3n se llevar\u00e1 a cabo el presupuesto participativo lo que permitir\u00e1 a los jesusmarienses, decidir democr\u00e1ticamente c\u00f3mo emplear los fondos p\u00fablicos disponibles y as\u00ed elegir las obras prioritarios.<\/p>\n","protected":false},"excerpt":{"rendered":"<p>#informativoelvalledeaguascalientes #novaradioaguascalientes #informativoelvalledeaguascalientesll Durante la reuni\u00f3n que sostuvo Cesar Medina, candidato a la presidencia municipal de Jes\u00fas Mar\u00eda por la Alianza Fuerza y Coraz\u00f3n por Aguascalientes, con vecinos de Manantiales del Pinar, se comprometi\u00f3 a reforzar el alumbrado p\u00fablico en la cabecera municipal, as\u00ed como a redoblar esfuerzos para el mantenimiento de las vialidades. El [&hellip;]<\/p>\n","protected":false},"author":1,"featured_media":55941,"comment_status":"closed","ping_status":"open","sticky":false,"template":"","format":"standard","meta":{"advanced_seo_description":"","jetpack_seo_html_title":"","jetpack_seo_noindex":false,"_jetpack_memberships_contains_paid_content":false,"footnotes":"","jetpack_publicize_message":"","jetpack_publicize_feature_enabled":true,"jetpack_social_post_already_shared":true,"jetpack_social_options":{"image_generator_settings":{"template":"highway","default_image_id":0,"font":"","enabled":false},"version":2}},"categories":[21,762,7],"tags":[22,765,764,665],"class_list":["post-55940","post","type-post","status-publish","format-standard","has-post-thumbnail","hentry","category-aguascalientes","category-elecciones-2024","category-pan-aguascalientes","tag-aguascalientes","tag-cesar-medina","tag-elecciones-2024","tag-pan"],"jetpack_publicize_connections":[],"jetpack_featured_media_url":"https:\/\/i0.wp.com\/informativoelvalledeaguascalientes.online\/wp-content\/uploads\/2024\/05\/WhatsApp-Image-2024-05-03-at-14.41.48.jpeg?fit=1600%2C1064&ssl=1","jetpack-related-posts":[],"jetpack_sharing_enabled":true,"jetpack_likes_enabled":true,"_links":{"self":[{"href":"https:\/\/informativoelvalledeaguascalientes.online\/index.php?rest_route=\/wp\/v2\/posts\/55940","targetHints":{"allow":["GET"]}}],"collection":[{"href":"https:\/\/informativoelvalledeaguascalientes.online\/index.php?rest_route=\/wp\/v2\/posts"}],"about":[{"href":"https:\/\/informativoelvalledeaguascalientes.online\/index.php?rest_route=\/wp\/v2\/types\/post"}],"author":[{"embeddable":true,"href":"https:\/\/informativoelvalledeaguascalientes.online\/index.php?rest_route=\/wp\/v2\/users\/1"}],"replies":[{"embeddable":true,"href":"https:\/\/informativoelvalledeaguascalientes.online\/index.php?rest_route=%2Fwp%2Fv2%2Fcomments&post=55940"}],"version-history":[{"count":1,"href":"https:\/\/informativoelvalledeaguascalientes.online\/index.php?rest_route=\/wp\/v2\/posts\/55940\/revisions"}],"predecessor-version":[{"id":55942,"href":"https:\/\/informativoelvalledeaguascalientes.online\/index.php?rest_route=\/wp\/v2\/posts\/55940\/revisions\/55942"}],"wp:featuredmedia":[{"embeddable":true,"href":"https:\/\/informativoelvalledeaguascalientes.online\/index.php?rest_route=\/wp\/v2\/media\/55941"}],"wp:attachment":[{"href":"https:\/\/informativoelvalledeaguascalientes.online\/index.php?rest_route=%2Fwp%2Fv2%2Fmedia&parent=55940"}],"wp:term":[{"taxonomy":"category","embeddable":true,"href":"https:\/\/informativoelvalledeaguascalientes.online\/index.php?rest_route=%2Fwp%2Fv2%2Fcategories&post=55940"},{"taxonomy":"post_tag","embeddable":true,"href":"https:\/\/informativoelvalledeaguascalientes.online\/index.php?rest_route=%2Fwp%2Fv2%2Ftags&post=55940"}],"curies":[{"name":"wp","href":"https:\/\/api.w.org\/{rel}","templated":true}]}}