{"id":55874,"date":"2024-05-02T17:51:57","date_gmt":"2024-05-02T23:51:57","guid":{"rendered":"https:\/\/informativoelvalledeaguascalientes.online\/?p=55874"},"modified":"2024-05-02T17:51:57","modified_gmt":"2024-05-02T23:51:57","slug":"servidores-publicos-de-jesus-maria-se-capacitan-en-la-lengua-de-senas-mexicanas","status":"publish","type":"post","link":"https:\/\/informativoelvalledeaguascalientes.online\/?p=55874","title":{"rendered":"SERVIDORES P\u00daBLICOS DE JES\u00daS MAR\u00cdA, SE CAPACITAN EN LA LENGUA DE SE\u00d1AS MEXICANAS"},"content":{"rendered":"<p>#informativoelvalledeaguascalientes<\/p>\n<p>#novaradioaguascalientes<\/p>\n<p>#informativoelvalledeaguascalientesll<\/p>\n<p>Con el objetivo de facilitar la comunicaci\u00f3n con los ciudadanos que tienen una discapacidad auditiva e impulsar la inclusi\u00f3n en el Gobierno Municipal, 22 servidores p\u00fablicos del Municipio de Jes\u00fas Mar\u00eda concluyeron el taller b\u00e1sico \u201cLengua de se\u00f1as mexicanas con enfoque en el servicio p\u00fablico\u201d<\/p>\n<p>Servidores p\u00fablicos de distintas \u00e1reas, principalmente aquellas enfocadas en la atenci\u00f3n al ciudadano, como DIF, CAPAS, Seguridad P\u00fablica, SEDATUM, Finanzas y Comunicaci\u00f3n, participaron en este taller impartido por la docente Beatriz Arcelia Ram\u00edrez M\u00e1rquez, en un esfuerzo conjunto entre la Asociaci\u00f3n de Int\u00e9rpretes y Promotores de la Lengua de Se\u00f1as en Aguascalientes (ASIPLESA) y el Sistema Municipal DIF.<\/p>\n<p>Con los conocimientos aprendidos, los servidores p\u00fablicos podr\u00e1n comunicarse con las personas que presentan discapacidad auditiva, generando un gobierno incluyente y emp\u00e1tico, contribuyendo as\u00ed a romper las barreras sociales y de comunicaci\u00f3n.<\/p>\n<p>En su intervenci\u00f3n, la presidenta de la Asociaci\u00f3n de Int\u00e9rpretes y Promotores de la Lengua de Se\u00f1as Mexicanas de Aguascalientes, Diana Monserrat Mart\u00ednez, agradeci\u00f3 la participaci\u00f3n de los servidores p\u00fablicos y los invit\u00f3 a seguir practicando para mejorar sus habilidades y lograr una plena inclusi\u00f3n de las personas con discapacidad auditiva al entorno social.<\/p>\n","protected":false},"excerpt":{"rendered":"<p>#informativoelvalledeaguascalientes #novaradioaguascalientes #informativoelvalledeaguascalientesll Con el objetivo de facilitar la comunicaci\u00f3n con los ciudadanos que tienen una discapacidad auditiva e impulsar la inclusi\u00f3n en el Gobierno Municipal, 22 servidores p\u00fablicos del Municipio de Jes\u00fas Mar\u00eda concluyeron el taller b\u00e1sico \u201cLengua de se\u00f1as mexicanas con enfoque en el servicio p\u00fablico\u201d Servidores p\u00fablicos de distintas \u00e1reas, principalmente aquellas [&hellip;]<\/p>\n","protected":false},"author":1,"featured_media":55875,"comment_status":"closed","ping_status":"open","sticky":false,"template":"","format":"standard","meta":{"advanced_seo_description":"","jetpack_seo_html_title":"","jetpack_seo_noindex":false,"_jetpack_memberships_contains_paid_content":false,"footnotes":"","jetpack_publicize_message":"","jetpack_publicize_feature_enabled":true,"jetpack_social_post_already_shared":true,"jetpack_social_options":{"image_generator_settings":{"template":"highway","default_image_id":0,"font":"","enabled":false},"version":2}},"categories":[14],"tags":[45],"class_list":["post-55874","post","type-post","status-publish","format-standard","has-post-thumbnail","hentry","category-jesus-maria-aguascalientes","tag-jesus-maria-aguascalientes"],"jetpack_publicize_connections":[],"jetpack_featured_media_url":"https:\/\/i0.wp.com\/informativoelvalledeaguascalientes.online\/wp-content\/uploads\/2024\/05\/WhatsApp-Image-2024-05-02-at-17.50.20.jpeg?fit=1600%2C1045&ssl=1","jetpack-related-posts":[],"jetpack_sharing_enabled":true,"jetpack_likes_enabled":true,"_links":{"self":[{"href":"https:\/\/informativoelvalledeaguascalientes.online\/index.php?rest_route=\/wp\/v2\/posts\/55874","targetHints":{"allow":["GET"]}}],"collection":[{"href":"https:\/\/informativoelvalledeaguascalientes.online\/index.php?rest_route=\/wp\/v2\/posts"}],"about":[{"href":"https:\/\/informativoelvalledeaguascalientes.online\/index.php?rest_route=\/wp\/v2\/types\/post"}],"author":[{"embeddable":true,"href":"https:\/\/informativoelvalledeaguascalientes.online\/index.php?rest_route=\/wp\/v2\/users\/1"}],"replies":[{"embeddable":true,"href":"https:\/\/informativoelvalledeaguascalientes.online\/index.php?rest_route=%2Fwp%2Fv2%2Fcomments&post=55874"}],"version-history":[{"count":1,"href":"https:\/\/informativoelvalledeaguascalientes.online\/index.php?rest_route=\/wp\/v2\/posts\/55874\/revisions"}],"predecessor-version":[{"id":55876,"href":"https:\/\/informativoelvalledeaguascalientes.online\/index.php?rest_route=\/wp\/v2\/posts\/55874\/revisions\/55876"}],"wp:featuredmedia":[{"embeddable":true,"href":"https:\/\/informativoelvalledeaguascalientes.online\/index.php?rest_route=\/wp\/v2\/media\/55875"}],"wp:attachment":[{"href":"https:\/\/informativoelvalledeaguascalientes.online\/index.php?rest_route=%2Fwp%2Fv2%2Fmedia&parent=55874"}],"wp:term":[{"taxonomy":"category","embeddable":true,"href":"https:\/\/informativoelvalledeaguascalientes.online\/index.php?rest_route=%2Fwp%2Fv2%2Fcategories&post=55874"},{"taxonomy":"post_tag","embeddable":true,"href":"https:\/\/informativoelvalledeaguascalientes.online\/index.php?rest_route=%2Fwp%2Fv2%2Ftags&post=55874"}],"curies":[{"name":"wp","href":"https:\/\/api.w.org\/{rel}","templated":true}]}}