{"id":55871,"date":"2024-05-01T17:41:38","date_gmt":"2024-05-01T23:41:38","guid":{"rendered":"https:\/\/informativoelvalledeaguascalientes.online\/?p=55871"},"modified":"2024-05-02T17:47:57","modified_gmt":"2024-05-02T23:47:57","slug":"continua-la-formacion-de-la-segunda-generacion-de-la-guardia-civil-municipal-en-jesus-maria","status":"publish","type":"post","link":"https:\/\/informativoelvalledeaguascalientes.online\/?p=55871","title":{"rendered":"CONTIN\u00daA LA FORMACI\u00d3N DE LA SEGUNDA GENERACI\u00d3N DE LA GUARDIA CIVIL MUNICIPAL EN JES\u00daS MAR\u00cdA"},"content":{"rendered":"<p>#informativoelvalledeaguascalientes<\/p>\n<p>#novaradioaguascalientes<\/p>\n<p>#informativoelvalledeaguascalientesll<\/p>\n<p>Veintid\u00f3s cadetes, son los que actualmente se encuentran en el curso de formaci\u00f3n para la segunda generaci\u00f3n de la Guardia Civil Municipal de Jes\u00fas Mar\u00eda, un grupo de hombres y mujeres, enfocados en mantener el orden y la paz p\u00fablica en el municipio.<\/p>\n<p>El presidente municipal de Jes\u00fas Mar\u00eda, Antonio Ar\u00e1mbula, los exhort\u00f3 a continuar prepar\u00e1ndose para esta encomienda, que requiere compromiso, vocaci\u00f3n y disciplina. \u201cUstedes juegan un papel muy importante, en beneficio de la sociedad, los invito a actuar siempre en apego a los derechos humanos y mostrando ese respeto y disposici\u00f3n que los jesusmarienses merecen\u201d mencion\u00f3.<\/p>\n<p>En el evento en el que tambi\u00e9n estuvo el secretario del Ayuntamiento, Refugio Mu\u00f1oz; el alcalde agreg\u00f3 que, al trabajar en equipo con la Secretar\u00eda de Seguridad P\u00fablica y Vialidad, as\u00ed como con elementos de Protecci\u00f3n Civil y Bomberos del Municipio, los habitantes de Jes\u00fas Mar\u00eda, viven en un entorno m\u00e1s seguro, al contar con m\u00e1s personal capacitado para actuar ante cualquier emergencia.<\/p>\n","protected":false},"excerpt":{"rendered":"<p>#informativoelvalledeaguascalientes #novaradioaguascalientes #informativoelvalledeaguascalientesll Veintid\u00f3s cadetes, son los que actualmente se encuentran en el curso de formaci\u00f3n para la segunda generaci\u00f3n de la Guardia Civil Municipal de Jes\u00fas Mar\u00eda, un grupo de hombres y mujeres, enfocados en mantener el orden y la paz p\u00fablica en el municipio. El presidente municipal de Jes\u00fas Mar\u00eda, Antonio Ar\u00e1mbula, los [&hellip;]<\/p>\n","protected":false},"author":1,"featured_media":55872,"comment_status":"closed","ping_status":"open","sticky":false,"template":"","format":"standard","meta":{"advanced_seo_description":"","jetpack_seo_html_title":"","jetpack_seo_noindex":false,"_jetpack_memberships_contains_paid_content":false,"footnotes":"","jetpack_publicize_message":"","jetpack_publicize_feature_enabled":true,"jetpack_social_post_already_shared":true,"jetpack_social_options":{"image_generator_settings":{"template":"highway","default_image_id":0,"font":"","enabled":false},"version":2}},"categories":[14],"tags":[45],"class_list":["post-55871","post","type-post","status-publish","format-standard","has-post-thumbnail","hentry","category-jesus-maria-aguascalientes","tag-jesus-maria-aguascalientes"],"jetpack_publicize_connections":[],"jetpack_featured_media_url":"https:\/\/i0.wp.com\/informativoelvalledeaguascalientes.online\/wp-content\/uploads\/2024\/05\/WhatsApp-Image-2024-05-02-at-17.46.56-scaled.jpeg?fit=2560%2C1706&ssl=1","jetpack-related-posts":[],"jetpack_sharing_enabled":true,"jetpack_likes_enabled":true,"_links":{"self":[{"href":"https:\/\/informativoelvalledeaguascalientes.online\/index.php?rest_route=\/wp\/v2\/posts\/55871","targetHints":{"allow":["GET"]}}],"collection":[{"href":"https:\/\/informativoelvalledeaguascalientes.online\/index.php?rest_route=\/wp\/v2\/posts"}],"about":[{"href":"https:\/\/informativoelvalledeaguascalientes.online\/index.php?rest_route=\/wp\/v2\/types\/post"}],"author":[{"embeddable":true,"href":"https:\/\/informativoelvalledeaguascalientes.online\/index.php?rest_route=\/wp\/v2\/users\/1"}],"replies":[{"embeddable":true,"href":"https:\/\/informativoelvalledeaguascalientes.online\/index.php?rest_route=%2Fwp%2Fv2%2Fcomments&post=55871"}],"version-history":[{"count":1,"href":"https:\/\/informativoelvalledeaguascalientes.online\/index.php?rest_route=\/wp\/v2\/posts\/55871\/revisions"}],"predecessor-version":[{"id":55873,"href":"https:\/\/informativoelvalledeaguascalientes.online\/index.php?rest_route=\/wp\/v2\/posts\/55871\/revisions\/55873"}],"wp:featuredmedia":[{"embeddable":true,"href":"https:\/\/informativoelvalledeaguascalientes.online\/index.php?rest_route=\/wp\/v2\/media\/55872"}],"wp:attachment":[{"href":"https:\/\/informativoelvalledeaguascalientes.online\/index.php?rest_route=%2Fwp%2Fv2%2Fmedia&parent=55871"}],"wp:term":[{"taxonomy":"category","embeddable":true,"href":"https:\/\/informativoelvalledeaguascalientes.online\/index.php?rest_route=%2Fwp%2Fv2%2Fcategories&post=55871"},{"taxonomy":"post_tag","embeddable":true,"href":"https:\/\/informativoelvalledeaguascalientes.online\/index.php?rest_route=%2Fwp%2Fv2%2Ftags&post=55871"}],"curies":[{"name":"wp","href":"https:\/\/api.w.org\/{rel}","templated":true}]}}