{"id":55862,"date":"2024-05-01T17:21:06","date_gmt":"2024-05-01T23:21:06","guid":{"rendered":"https:\/\/informativoelvalledeaguascalientes.online\/?p=55862"},"modified":"2024-05-02T17:32:24","modified_gmt":"2024-05-02T23:32:24","slug":"cesar-medina-impulsara-programas-sociales-para-mejorar-la-vivienda-de-los-jesusmarienses","status":"publish","type":"post","link":"https:\/\/informativoelvalledeaguascalientes.online\/?p=55862","title":{"rendered":"C\u00c9SAR MEDINA IMPULSAR\u00c1 PROGRAMAS SOCIALES PARA MEJORAR LA VIVIENDA DE LOS JESUSMARIENSES"},"content":{"rendered":"<p>#informativoelvalledeaguascalientes<\/p>\n<p>#novaradioaguascalientes<\/p>\n<p>#informativoelvalledeaguascalientesll<\/p>\n<p>El candidato a la presidencia municipal de Jes\u00fas Mar\u00eda por la Alianza Fuerza y Coraz\u00f3n por Aguascalientes, C\u00e9sar Medina Cervantes, se reuni\u00f3 en el skatorama con habitantes de la delegaci\u00f3n Margaritas para compartir sus propuestas, entre las que destacan el impulso a programas sociales que permitan mejorar las viviendas de los jesusmarienses y por lo tanto su calidad de vida.<br \/>\nEn este encuentro, C\u00e9sar Medina indic\u00f3 que durante su gobierno se dar\u00e1 impulso a los programas sociales para subsidiar tinacos, calentadores solares y cemento; pero adem\u00e1s ampliaremos el abanico de subsidios con paquetes de materiales como pintura, plomer\u00eda o electricidad, y otros art\u00edculos que permitir\u00e1n mejorar la calidad de vida de las familias.<br \/>\n\u201cPondr\u00e9 toda mi dedicaci\u00f3n, esfuerzo y energ\u00eda para abonarle al desarrollo del municipio y bienestar de las familias, en Margaritas se ha avanzado mucho en el tema h\u00eddrico con la perforaci\u00f3n de dos pozos de agua. Durante mi gesti\u00f3n seguir\u00e9 trabajando en el tema de agua potable en Jes\u00fas Mar\u00eda, con inversi\u00f3n p\u00fablica en obras hidrosanitarias\u201d manifest\u00f3 el abanderado de la coalici\u00f3n formada por el PRI-PAN y PRD.<br \/>\nAgreg\u00f3 que si bien ya existen programas que subsidian material para ampliar o realizar ciertas mejoras, se requiere ampliar el abanico de apoyos a todos los sectores: fraccionamientos, colonias, cotos, rancher\u00edas etc\u00e9tera.<br \/>\n\u201cLo importante es que toda la poblaci\u00f3n cuente con lo necesario para vivir dignamente\u201d, por lo que el candidato por la alianza Fuerza y Coraz\u00f3n por Aguascalientes, C\u00e9sar Medina propone reforzar los programas actuales y crear nuevas oportunidades con paquetes de material subsidiado, logrando obtener a un bajo costo pintura, vitro piso, material el\u00e9ctrico y de plomer\u00eda, que permitan dignificar la vivienda, mejorando la calidad de vida de las familias.<\/p>\n<p>Al abordar otros temas, Medina Cervantes indic\u00f3 que durante su gesti\u00f3n se construir\u00e1 una segunda etapa de la Casa de M\u00fasica, de manera que contar\u00e1 con actividades, no solo para los ni\u00f1os, sino tambi\u00e9n para los adultos que as\u00ed lo deseen, consolid\u00e1ndose como un centro cultural y deportivo.<\/p>\n","protected":false},"excerpt":{"rendered":"<p>#informativoelvalledeaguascalientes #novaradioaguascalientes #informativoelvalledeaguascalientesll El candidato a la presidencia municipal de Jes\u00fas Mar\u00eda por la Alianza Fuerza y Coraz\u00f3n por Aguascalientes, C\u00e9sar Medina Cervantes, se reuni\u00f3 en el skatorama con habitantes de la delegaci\u00f3n Margaritas para compartir sus propuestas, entre las que destacan el impulso a programas sociales que permitan mejorar las viviendas de los jesusmarienses [&hellip;]<\/p>\n","protected":false},"author":1,"featured_media":55867,"comment_status":"closed","ping_status":"open","sticky":false,"template":"","format":"standard","meta":{"advanced_seo_description":"","jetpack_seo_html_title":"","jetpack_seo_noindex":false,"_jetpack_memberships_contains_paid_content":false,"footnotes":"","jetpack_publicize_message":"","jetpack_publicize_feature_enabled":true,"jetpack_social_post_already_shared":true,"jetpack_social_options":{"image_generator_settings":{"template":"highway","default_image_id":0,"font":"","enabled":false},"version":2}},"categories":[21,762,7],"tags":[22,765,764,665],"class_list":["post-55862","post","type-post","status-publish","format-standard","has-post-thumbnail","hentry","category-aguascalientes","category-elecciones-2024","category-pan-aguascalientes","tag-aguascalientes","tag-cesar-medina","tag-elecciones-2024","tag-pan"],"jetpack_publicize_connections":[],"jetpack_featured_media_url":"https:\/\/i0.wp.com\/informativoelvalledeaguascalientes.online\/wp-content\/uploads\/2024\/05\/WhatsApp-Image-2024-05-02-at-17.30.43-scaled.jpeg?fit=2560%2C1703&ssl=1","jetpack-related-posts":[],"jetpack_sharing_enabled":true,"jetpack_likes_enabled":true,"_links":{"self":[{"href":"https:\/\/informativoelvalledeaguascalientes.online\/index.php?rest_route=\/wp\/v2\/posts\/55862","targetHints":{"allow":["GET"]}}],"collection":[{"href":"https:\/\/informativoelvalledeaguascalientes.online\/index.php?rest_route=\/wp\/v2\/posts"}],"about":[{"href":"https:\/\/informativoelvalledeaguascalientes.online\/index.php?rest_route=\/wp\/v2\/types\/post"}],"author":[{"embeddable":true,"href":"https:\/\/informativoelvalledeaguascalientes.online\/index.php?rest_route=\/wp\/v2\/users\/1"}],"replies":[{"embeddable":true,"href":"https:\/\/informativoelvalledeaguascalientes.online\/index.php?rest_route=%2Fwp%2Fv2%2Fcomments&post=55862"}],"version-history":[{"count":1,"href":"https:\/\/informativoelvalledeaguascalientes.online\/index.php?rest_route=\/wp\/v2\/posts\/55862\/revisions"}],"predecessor-version":[{"id":55864,"href":"https:\/\/informativoelvalledeaguascalientes.online\/index.php?rest_route=\/wp\/v2\/posts\/55862\/revisions\/55864"}],"wp:featuredmedia":[{"embeddable":true,"href":"https:\/\/informativoelvalledeaguascalientes.online\/index.php?rest_route=\/wp\/v2\/media\/55867"}],"wp:attachment":[{"href":"https:\/\/informativoelvalledeaguascalientes.online\/index.php?rest_route=%2Fwp%2Fv2%2Fmedia&parent=55862"}],"wp:term":[{"taxonomy":"category","embeddable":true,"href":"https:\/\/informativoelvalledeaguascalientes.online\/index.php?rest_route=%2Fwp%2Fv2%2Fcategories&post=55862"},{"taxonomy":"post_tag","embeddable":true,"href":"https:\/\/informativoelvalledeaguascalientes.online\/index.php?rest_route=%2Fwp%2Fv2%2Ftags&post=55862"}],"curies":[{"name":"wp","href":"https:\/\/api.w.org\/{rel}","templated":true}]}}