{"id":55847,"date":"2024-04-30T12:07:28","date_gmt":"2024-04-30T18:07:28","guid":{"rendered":"https:\/\/informativoelvalledeaguascalientes.online\/?p=55847"},"modified":"2024-05-01T12:14:50","modified_gmt":"2024-05-01T18:14:50","slug":"laura-ponce-fortalecera-e-impulsara-los-centros-de-atencion-de-adicciones-para-menores-de-edad","status":"publish","type":"post","link":"https:\/\/informativoelvalledeaguascalientes.online\/?p=55847","title":{"rendered":"Laura Ponce fortalecer\u00e1 e impulsar\u00e1 los Centros de Atenci\u00f3n de Adicciones para menores de edad."},"content":{"rendered":"<p>#informativoelvalledeaguascalientes<\/p>\n<p>#novaradioaguascalientes<\/p>\n<p>#informativoelvalledeaguascalientesll<\/p>\n<p>* Empez\u00f3 el d\u00eda visitando las empresas SUMMA e Industrias Procesa<br \/>\n* Comparti\u00f3 sus propuestas con vecinas y vecinos de las colonias Mart\u00ednez Andrade y Benigno Ch\u00e1vez<br \/>\n* Se reuni\u00f3 tambi\u00e9n con comerciantes de Jes\u00fas Mar\u00eda<br \/>\n* Cerr\u00f3 con evento para festejar a las ni\u00f1as y ni\u00f1os en su d\u00eda<\/p>\n<p>La candidata por el PAN comparti\u00f3 en sus recorridos una propuesta para legislar a favor de ni\u00f1as, ni\u00f1os y adolescentes, con el fin de que haya m\u00e1s centros de atenci\u00f3n a adicciones, pero que sean exclusivamente para menores de edad. \u201cLamentablemente, nos hemos encontrado con casos de adolescentes, ni\u00f1os y ni\u00f1as que ya han ca\u00eddo en las adicciones, tenemos que darles una atenci\u00f3n especial y espec\u00edfica a sus necesidades\u201d, coment\u00f3 Laura Ponce.<\/p>\n<p>Resalt\u00f3 el ejemplo del municipio de Jes\u00fas Mar\u00eda, que ya cuenta con un centro de este tipo, y reiter\u00f3 su compromiso para impulsar desde el Congreso del Estado, m\u00e1s lugares as\u00ed en todo el estado. \u201cNo vamos a permitir que las adicciones se apoderen del futuro de Aguascalientes\u201d, finaliz\u00f3.<\/p>\n<p>Laura Ponce, junto con C\u00e9sar Medina, festej\u00f3 a las ni\u00f1as y ni\u00f1os de Jes\u00fas Mar\u00eda en un evento de lucha libre, con el fin de tener una sana convivencia en compa\u00f1\u00eda de sus familias. En dicho evento, se comprometi\u00f3 a seguir velando por sus derechos, con m\u00e1s y mejores leyes que los protejan. \u201cYa lo he hecho durante mi tiempo como diputada, con la Ley 3 de 3 y la reforma que present\u00e9, para que no preescriba el delito por deber pensi\u00f3n alimenticia, de esta forma podr\u00e1n tener acceso a la pensi\u00f3n, aunque hayan pasado muchos a\u00f1os\u201d, puntualiz\u00f3 la candidata panista.<\/p>\n","protected":false},"excerpt":{"rendered":"<p>#informativoelvalledeaguascalientes #novaradioaguascalientes #informativoelvalledeaguascalientesll * Empez\u00f3 el d\u00eda visitando las empresas SUMMA e Industrias Procesa * Comparti\u00f3 sus propuestas con vecinas y vecinos de las colonias Mart\u00ednez Andrade y Benigno Ch\u00e1vez * Se reuni\u00f3 tambi\u00e9n con comerciantes de Jes\u00fas Mar\u00eda * Cerr\u00f3 con evento para festejar a las ni\u00f1as y ni\u00f1os en su d\u00eda La candidata [&hellip;]<\/p>\n","protected":false},"author":1,"featured_media":55848,"comment_status":"closed","ping_status":"open","sticky":false,"template":"","format":"standard","meta":{"advanced_seo_description":"","jetpack_seo_html_title":"","jetpack_seo_noindex":false,"_jetpack_memberships_contains_paid_content":false,"footnotes":"","jetpack_publicize_message":"","jetpack_publicize_feature_enabled":true,"jetpack_social_post_already_shared":true,"jetpack_social_options":{"image_generator_settings":{"template":"highway","default_image_id":0,"font":"","enabled":false},"version":2}},"categories":[21,762,7],"tags":[22,764,763,665],"class_list":["post-55847","post","type-post","status-publish","format-standard","has-post-thumbnail","hentry","category-aguascalientes","category-elecciones-2024","category-pan-aguascalientes","tag-aguascalientes","tag-elecciones-2024","tag-laura-ponce","tag-pan"],"jetpack_publicize_connections":[],"jetpack_featured_media_url":"https:\/\/i0.wp.com\/informativoelvalledeaguascalientes.online\/wp-content\/uploads\/2024\/05\/WhatsApp-Image-2024-05-01-at-12.10.35.jpeg?fit=1600%2C1200&ssl=1","jetpack-related-posts":[],"jetpack_sharing_enabled":true,"jetpack_likes_enabled":true,"_links":{"self":[{"href":"https:\/\/informativoelvalledeaguascalientes.online\/index.php?rest_route=\/wp\/v2\/posts\/55847","targetHints":{"allow":["GET"]}}],"collection":[{"href":"https:\/\/informativoelvalledeaguascalientes.online\/index.php?rest_route=\/wp\/v2\/posts"}],"about":[{"href":"https:\/\/informativoelvalledeaguascalientes.online\/index.php?rest_route=\/wp\/v2\/types\/post"}],"author":[{"embeddable":true,"href":"https:\/\/informativoelvalledeaguascalientes.online\/index.php?rest_route=\/wp\/v2\/users\/1"}],"replies":[{"embeddable":true,"href":"https:\/\/informativoelvalledeaguascalientes.online\/index.php?rest_route=%2Fwp%2Fv2%2Fcomments&post=55847"}],"version-history":[{"count":1,"href":"https:\/\/informativoelvalledeaguascalientes.online\/index.php?rest_route=\/wp\/v2\/posts\/55847\/revisions"}],"predecessor-version":[{"id":55849,"href":"https:\/\/informativoelvalledeaguascalientes.online\/index.php?rest_route=\/wp\/v2\/posts\/55847\/revisions\/55849"}],"wp:featuredmedia":[{"embeddable":true,"href":"https:\/\/informativoelvalledeaguascalientes.online\/index.php?rest_route=\/wp\/v2\/media\/55848"}],"wp:attachment":[{"href":"https:\/\/informativoelvalledeaguascalientes.online\/index.php?rest_route=%2Fwp%2Fv2%2Fmedia&parent=55847"}],"wp:term":[{"taxonomy":"category","embeddable":true,"href":"https:\/\/informativoelvalledeaguascalientes.online\/index.php?rest_route=%2Fwp%2Fv2%2Fcategories&post=55847"},{"taxonomy":"post_tag","embeddable":true,"href":"https:\/\/informativoelvalledeaguascalientes.online\/index.php?rest_route=%2Fwp%2Fv2%2Ftags&post=55847"}],"curies":[{"name":"wp","href":"https:\/\/api.w.org\/{rel}","templated":true}]}}