{"id":55781,"date":"2024-04-28T15:01:28","date_gmt":"2024-04-28T21:01:28","guid":{"rendered":"https:\/\/informativoelvalledeaguascalientes.online\/?p=55781"},"modified":"2024-04-30T15:05:45","modified_gmt":"2024-04-30T21:05:45","slug":"candidatos-de-la-alianza-fuerza-y-corazon-por-aguascalientes-realizan-rodada-ciclista-en-jesus-maria","status":"publish","type":"post","link":"https:\/\/informativoelvalledeaguascalientes.online\/?p=55781","title":{"rendered":"CANDIDATOS DE LA ALIANZA FUERZA Y CORAZ\u00d3N POR AGUASCALIENTES REALIZAN RODADA CICLISTA EN JES\u00daS MAR\u00cdA"},"content":{"rendered":"<p>#informativoelvalledeaguascalientes<\/p>\n<p>#novaradioaguascalientes<\/p>\n<p>#informativoelvalledeaguascalientesll<\/p>\n<p>Alegr\u00eda y color se vivi\u00f3 en la rodada ciclista que se realiz\u00f3 este domingo en el municipio de Jes\u00fas Mar\u00eda, la cual, estuvo encabezada por C\u00e9sar Medina, candidato a la presidencia municipal por Jes\u00fas Mar\u00eda; Laura Ponce y Ad\u00e1n Valdivia, candidatos a diputados locales por los distritos 7 y 8 respectivamente,<br \/>\nAcompa\u00f1ados de alrededor de 500 personas, los candidatos de la alianza Fuerza y Coraz\u00f3n por Aguascalientes salieron de distintos puntos del municipio para posteriormente reunirse en la plaza principal de Jes\u00fas Mar\u00eda y dirigirse a la Plaza del Mueble.<br \/>\nChicos y grandes se unieron a esta celebraci\u00f3n dominical que fomenta el deporte y la uni\u00f3n familiar, uno de los pilares para C\u00e9sar Medina, quien tiene diversas propuestas para impulsar la activaci\u00f3n f\u00edsica, lo que promueve la salud integral de los jesusmarienses.<\/p>\n","protected":false},"excerpt":{"rendered":"<p>#informativoelvalledeaguascalientes #novaradioaguascalientes #informativoelvalledeaguascalientesll Alegr\u00eda y color se vivi\u00f3 en la rodada ciclista que se realiz\u00f3 este domingo en el municipio de Jes\u00fas Mar\u00eda, la cual, estuvo encabezada por C\u00e9sar Medina, candidato a la presidencia municipal por Jes\u00fas Mar\u00eda; Laura Ponce y Ad\u00e1n Valdivia, candidatos a diputados locales por los distritos 7 y 8 respectivamente, Acompa\u00f1ados [&hellip;]<\/p>\n","protected":false},"author":1,"featured_media":55782,"comment_status":"closed","ping_status":"open","sticky":false,"template":"","format":"standard","meta":{"advanced_seo_description":"","jetpack_seo_html_title":"","jetpack_seo_noindex":false,"_jetpack_memberships_contains_paid_content":false,"footnotes":"","jetpack_publicize_message":"","jetpack_publicize_feature_enabled":true,"jetpack_social_post_already_shared":true,"jetpack_social_options":{"image_generator_settings":{"template":"highway","default_image_id":0,"font":"","enabled":false},"version":2}},"categories":[21,762,7],"tags":[22,765,764,665],"class_list":["post-55781","post","type-post","status-publish","format-standard","has-post-thumbnail","hentry","category-aguascalientes","category-elecciones-2024","category-pan-aguascalientes","tag-aguascalientes","tag-cesar-medina","tag-elecciones-2024","tag-pan"],"jetpack_publicize_connections":[],"jetpack_featured_media_url":"https:\/\/i0.wp.com\/informativoelvalledeaguascalientes.online\/wp-content\/uploads\/2024\/04\/WhatsApp-Image-2024-04-28-at-13.11.131-scaled.jpeg?fit=2560%2C1703&ssl=1","jetpack-related-posts":[],"jetpack_sharing_enabled":true,"jetpack_likes_enabled":true,"_links":{"self":[{"href":"https:\/\/informativoelvalledeaguascalientes.online\/index.php?rest_route=\/wp\/v2\/posts\/55781","targetHints":{"allow":["GET"]}}],"collection":[{"href":"https:\/\/informativoelvalledeaguascalientes.online\/index.php?rest_route=\/wp\/v2\/posts"}],"about":[{"href":"https:\/\/informativoelvalledeaguascalientes.online\/index.php?rest_route=\/wp\/v2\/types\/post"}],"author":[{"embeddable":true,"href":"https:\/\/informativoelvalledeaguascalientes.online\/index.php?rest_route=\/wp\/v2\/users\/1"}],"replies":[{"embeddable":true,"href":"https:\/\/informativoelvalledeaguascalientes.online\/index.php?rest_route=%2Fwp%2Fv2%2Fcomments&post=55781"}],"version-history":[{"count":1,"href":"https:\/\/informativoelvalledeaguascalientes.online\/index.php?rest_route=\/wp\/v2\/posts\/55781\/revisions"}],"predecessor-version":[{"id":55783,"href":"https:\/\/informativoelvalledeaguascalientes.online\/index.php?rest_route=\/wp\/v2\/posts\/55781\/revisions\/55783"}],"wp:featuredmedia":[{"embeddable":true,"href":"https:\/\/informativoelvalledeaguascalientes.online\/index.php?rest_route=\/wp\/v2\/media\/55782"}],"wp:attachment":[{"href":"https:\/\/informativoelvalledeaguascalientes.online\/index.php?rest_route=%2Fwp%2Fv2%2Fmedia&parent=55781"}],"wp:term":[{"taxonomy":"category","embeddable":true,"href":"https:\/\/informativoelvalledeaguascalientes.online\/index.php?rest_route=%2Fwp%2Fv2%2Fcategories&post=55781"},{"taxonomy":"post_tag","embeddable":true,"href":"https:\/\/informativoelvalledeaguascalientes.online\/index.php?rest_route=%2Fwp%2Fv2%2Ftags&post=55781"}],"curies":[{"name":"wp","href":"https:\/\/api.w.org\/{rel}","templated":true}]}}