{"id":55778,"date":"2024-04-28T14:52:55","date_gmt":"2024-04-28T20:52:55","guid":{"rendered":"https:\/\/informativoelvalledeaguascalientes.online\/?p=55778"},"modified":"2024-04-30T15:00:59","modified_gmt":"2024-04-30T21:00:59","slug":"mejores-espacios-para-adultos-mayores-de-jesus-maria-con-cesar-medina","status":"publish","type":"post","link":"https:\/\/informativoelvalledeaguascalientes.online\/?p=55778","title":{"rendered":"MEJORES ESPACIOS PARA ADULTOS MAYORES DE JES\u00daS MAR\u00cdA CON C\u00c9SAR MEDINA"},"content":{"rendered":"<p>#informativoelvalledeaguascalientes<\/p>\n<p>#novaradioaguascalientes<\/p>\n<p>#informativoelvalledeaguascalientesll<\/p>\n<p>El candidato a la presidencia municipal de Jes\u00fas Mar\u00eda, por la alianza Fuerza y Coraz\u00f3n por Aguascalientes, C\u00e9sar Medina Cervantes, se reuni\u00f3 con personas de la tercera edad, de la comunidad de Valladolid, a quienes dio a conocer sus propuestas, asegurando que su gobierno trabajar\u00e1 para brindarles una atenci\u00f3n m\u00e1s cercana que influya en su bienestar y calidad de vida.<br \/>\nAcompa\u00f1ado de Bety Montoya, candidata, a diputada local por el cuarto distrito, C\u00e9sar Medina indic\u00f3 que algo de lo que m\u00e1s le han solicitado los adultos mayores, es la rehabilitaci\u00f3n de los jardines, por lo que trabajar\u00e1 para mejorar estos espacios y colocar algunos aparatos de bajo impacto para que puedan ejercitarse al aire libre.<br \/>\n\u201cVamos a rehabilitar estos espacios, adem\u00e1s de darle mayor impulso al centro recreativo Shalom, queremos que siga creciendo, porque sabemos la importancia de que cuenten con espacios adecuados y accesibles para que puedan disfrutar plenamente de esta etapa de sus vidas y contin\u00faen activos\u201d mencion\u00f3.<br \/>\nAl dirigirse a los adultos mayores, el abanderado por los partidos PAN, PRI y PRD reconoci\u00f3 su invaluable contribuci\u00f3n a la sociedad, los invit\u00f3 a no dejarse enga\u00f1ar por otros partidos y recordar que nadie les puede quitar los apoyos econ\u00f3micos, toda vez que ya est\u00e1n en la Constituci\u00f3n.<br \/>\nFinalmente, Medina Cervantes reiter\u00f3 que escuchar\u00e1 todas sus inquietudes y sugerencias, de manera que trabajar\u00e1 para que los adultos mayores de Jes\u00fas Mar\u00eda cuenten con espacios dignos y reciban la atenci\u00f3n que merecen.<\/p>\n","protected":false},"excerpt":{"rendered":"<p>#informativoelvalledeaguascalientes #novaradioaguascalientes #informativoelvalledeaguascalientesll El candidato a la presidencia municipal de Jes\u00fas Mar\u00eda, por la alianza Fuerza y Coraz\u00f3n por Aguascalientes, C\u00e9sar Medina Cervantes, se reuni\u00f3 con personas de la tercera edad, de la comunidad de Valladolid, a quienes dio a conocer sus propuestas, asegurando que su gobierno trabajar\u00e1 para brindarles una atenci\u00f3n m\u00e1s cercana que [&hellip;]<\/p>\n","protected":false},"author":1,"featured_media":55779,"comment_status":"closed","ping_status":"open","sticky":false,"template":"","format":"standard","meta":{"advanced_seo_description":"","jetpack_seo_html_title":"","jetpack_seo_noindex":false,"_jetpack_memberships_contains_paid_content":false,"footnotes":"","jetpack_publicize_message":"","jetpack_publicize_feature_enabled":true,"jetpack_social_post_already_shared":true,"jetpack_social_options":{"image_generator_settings":{"template":"highway","default_image_id":0,"font":"","enabled":false},"version":2}},"categories":[21,762,7],"tags":[22,765,764,665],"class_list":["post-55778","post","type-post","status-publish","format-standard","has-post-thumbnail","hentry","category-aguascalientes","category-elecciones-2024","category-pan-aguascalientes","tag-aguascalientes","tag-cesar-medina","tag-elecciones-2024","tag-pan"],"jetpack_publicize_connections":[],"jetpack_featured_media_url":"https:\/\/i0.wp.com\/informativoelvalledeaguascalientes.online\/wp-content\/uploads\/2024\/04\/WhatsApp-Image-2024-04-28-at-12.58.42-scaled.jpeg?fit=2560%2C1703&ssl=1","jetpack-related-posts":[],"jetpack_sharing_enabled":true,"jetpack_likes_enabled":true,"_links":{"self":[{"href":"https:\/\/informativoelvalledeaguascalientes.online\/index.php?rest_route=\/wp\/v2\/posts\/55778","targetHints":{"allow":["GET"]}}],"collection":[{"href":"https:\/\/informativoelvalledeaguascalientes.online\/index.php?rest_route=\/wp\/v2\/posts"}],"about":[{"href":"https:\/\/informativoelvalledeaguascalientes.online\/index.php?rest_route=\/wp\/v2\/types\/post"}],"author":[{"embeddable":true,"href":"https:\/\/informativoelvalledeaguascalientes.online\/index.php?rest_route=\/wp\/v2\/users\/1"}],"replies":[{"embeddable":true,"href":"https:\/\/informativoelvalledeaguascalientes.online\/index.php?rest_route=%2Fwp%2Fv2%2Fcomments&post=55778"}],"version-history":[{"count":1,"href":"https:\/\/informativoelvalledeaguascalientes.online\/index.php?rest_route=\/wp\/v2\/posts\/55778\/revisions"}],"predecessor-version":[{"id":55780,"href":"https:\/\/informativoelvalledeaguascalientes.online\/index.php?rest_route=\/wp\/v2\/posts\/55778\/revisions\/55780"}],"wp:featuredmedia":[{"embeddable":true,"href":"https:\/\/informativoelvalledeaguascalientes.online\/index.php?rest_route=\/wp\/v2\/media\/55779"}],"wp:attachment":[{"href":"https:\/\/informativoelvalledeaguascalientes.online\/index.php?rest_route=%2Fwp%2Fv2%2Fmedia&parent=55778"}],"wp:term":[{"taxonomy":"category","embeddable":true,"href":"https:\/\/informativoelvalledeaguascalientes.online\/index.php?rest_route=%2Fwp%2Fv2%2Fcategories&post=55778"},{"taxonomy":"post_tag","embeddable":true,"href":"https:\/\/informativoelvalledeaguascalientes.online\/index.php?rest_route=%2Fwp%2Fv2%2Ftags&post=55778"}],"curies":[{"name":"wp","href":"https:\/\/api.w.org\/{rel}","templated":true}]}}