{"id":55775,"date":"2024-04-29T14:47:07","date_gmt":"2024-04-29T20:47:07","guid":{"rendered":"https:\/\/informativoelvalledeaguascalientes.online\/?p=55775"},"modified":"2024-04-30T14:51:41","modified_gmt":"2024-04-30T20:51:41","slug":"laura-ponce-seguira-fortaleciendo-el-rescate-del-rio-san-pedro","status":"publish","type":"post","link":"https:\/\/informativoelvalledeaguascalientes.online\/?p=55775","title":{"rendered":"Laura Ponce seguir\u00e1 fortaleciendo el rescate del R\u00edo San Pedro."},"content":{"rendered":"<p>#informativoelvalledeaguascalientes<\/p>\n<p>#novaradioaguascalientes<\/p>\n<p>#informativoelvalledeaguascalientesll<\/p>\n<p>\u2022 Con el objetivo de incrementar la captaci\u00f3n del agua, apoyar\u00e1 con presupuesto al Municipio de Jes\u00fas Mar\u00eda para continuar con este proyecto<br \/>\n\u2022 Comparti\u00f3 m\u00e1s de sus propuestas con vecinas y vecinos de Vistahermosa y la colonia Ejidal<br \/>\n\u2022 Tambi\u00e9n visit\u00f3 las empresas Cremer\u00eda Margaritas y Cremer\u00eda Aguascalientes<\/p>\n<p>La candidata a diputada local comparti\u00f3 su propuesta para continuar con el proyecto para rescatar el R\u00edo San Pedro, junto con el Municipio de Jes\u00fas Mar\u00eda. \u201cLos diputados tenemos la facultad de aprobar el presupuesto para los municipios, cuenten conmigo para seguir fortaleciendo proyectos como el rescate del R\u00edo San Pedro, para que sigan llegando los recursos necesarios y hacer equipo con C\u00e9sar Media\u201d, expres\u00f3 Laura Ponce.<\/p>\n<p>En su recorrido por las colonias de Jes\u00fas Mar\u00eda, tambi\u00e9n reiter\u00f3 su compromiso para legislar para incrementar la captaci\u00f3n del agua, adem\u00e1s de impulsar la cultura del cuidado de agua y su reutilizaci\u00f3n.<\/p>\n<p>As\u00ed mismo, platic\u00f3 con las y los trabajadores de Cremer\u00eda Margaritas y Cremer\u00eda Aguascalientes, acerca de su historia de vida y su experiencia como trabajadora de empresas privadas y jefa de familia.<\/p>\n","protected":false},"excerpt":{"rendered":"<p>#informativoelvalledeaguascalientes #novaradioaguascalientes #informativoelvalledeaguascalientesll \u2022 Con el objetivo de incrementar la captaci\u00f3n del agua, apoyar\u00e1 con presupuesto al Municipio de Jes\u00fas Mar\u00eda para continuar con este proyecto \u2022 Comparti\u00f3 m\u00e1s de sus propuestas con vecinas y vecinos de Vistahermosa y la colonia Ejidal \u2022 Tambi\u00e9n visit\u00f3 las empresas Cremer\u00eda Margaritas y Cremer\u00eda Aguascalientes La candidata a [&hellip;]<\/p>\n","protected":false},"author":1,"featured_media":55776,"comment_status":"closed","ping_status":"open","sticky":false,"template":"","format":"standard","meta":{"advanced_seo_description":"","jetpack_seo_html_title":"","jetpack_seo_noindex":false,"_jetpack_memberships_contains_paid_content":false,"footnotes":"","jetpack_publicize_message":"","jetpack_publicize_feature_enabled":true,"jetpack_social_post_already_shared":true,"jetpack_social_options":{"image_generator_settings":{"template":"highway","default_image_id":0,"font":"","enabled":false},"version":2}},"categories":[21,762,7],"tags":[22,764,763,665],"class_list":["post-55775","post","type-post","status-publish","format-standard","has-post-thumbnail","hentry","category-aguascalientes","category-elecciones-2024","category-pan-aguascalientes","tag-aguascalientes","tag-elecciones-2024","tag-laura-ponce","tag-pan"],"jetpack_publicize_connections":[],"jetpack_featured_media_url":"https:\/\/i0.wp.com\/informativoelvalledeaguascalientes.online\/wp-content\/uploads\/2024\/04\/WhatsApp-Image-2024-04-30-at-14.39.31.jpeg?fit=1920%2C2560&ssl=1","jetpack-related-posts":[],"jetpack_sharing_enabled":true,"jetpack_likes_enabled":true,"_links":{"self":[{"href":"https:\/\/informativoelvalledeaguascalientes.online\/index.php?rest_route=\/wp\/v2\/posts\/55775","targetHints":{"allow":["GET"]}}],"collection":[{"href":"https:\/\/informativoelvalledeaguascalientes.online\/index.php?rest_route=\/wp\/v2\/posts"}],"about":[{"href":"https:\/\/informativoelvalledeaguascalientes.online\/index.php?rest_route=\/wp\/v2\/types\/post"}],"author":[{"embeddable":true,"href":"https:\/\/informativoelvalledeaguascalientes.online\/index.php?rest_route=\/wp\/v2\/users\/1"}],"replies":[{"embeddable":true,"href":"https:\/\/informativoelvalledeaguascalientes.online\/index.php?rest_route=%2Fwp%2Fv2%2Fcomments&post=55775"}],"version-history":[{"count":1,"href":"https:\/\/informativoelvalledeaguascalientes.online\/index.php?rest_route=\/wp\/v2\/posts\/55775\/revisions"}],"predecessor-version":[{"id":55777,"href":"https:\/\/informativoelvalledeaguascalientes.online\/index.php?rest_route=\/wp\/v2\/posts\/55775\/revisions\/55777"}],"wp:featuredmedia":[{"embeddable":true,"href":"https:\/\/informativoelvalledeaguascalientes.online\/index.php?rest_route=\/wp\/v2\/media\/55776"}],"wp:attachment":[{"href":"https:\/\/informativoelvalledeaguascalientes.online\/index.php?rest_route=%2Fwp%2Fv2%2Fmedia&parent=55775"}],"wp:term":[{"taxonomy":"category","embeddable":true,"href":"https:\/\/informativoelvalledeaguascalientes.online\/index.php?rest_route=%2Fwp%2Fv2%2Fcategories&post=55775"},{"taxonomy":"post_tag","embeddable":true,"href":"https:\/\/informativoelvalledeaguascalientes.online\/index.php?rest_route=%2Fwp%2Fv2%2Ftags&post=55775"}],"curies":[{"name":"wp","href":"https:\/\/api.w.org\/{rel}","templated":true}]}}