{"id":55772,"date":"2024-04-27T14:00:18","date_gmt":"2024-04-27T20:00:18","guid":{"rendered":"https:\/\/informativoelvalledeaguascalientes.online\/?p=55772"},"modified":"2024-04-30T14:46:39","modified_gmt":"2024-04-30T20:46:39","slug":"laura-ponce-buscara-el-fortalecimiento-del-tejido-social-y-la-sana-convivencia-mediante-un-nuevo-marco-juridico-que-tenga-como-objeto-promover-valores-en-la-ciudadania","status":"publish","type":"post","link":"https:\/\/informativoelvalledeaguascalientes.online\/?p=55772","title":{"rendered":"Laura Ponce buscar\u00e1 el fortalecimiento del tejido social y la sana convivencia mediante un nuevo marco jur\u00eddico, que tenga como objeto promover valores en la ciudadan\u00eda."},"content":{"rendered":"<p>#informativoelvalledeaguascalientes<\/p>\n<p>#novaradioaguascalientes<\/p>\n<p>#informativoelvalledeaguascalientesll<\/p>\n<p>\u2022 Comparti\u00f3 sus propuestas con vecinas y vecinos de Paseos de Aguascalientes y Rancho Seco<br \/>\n\u2022 Finaliz\u00f3 el d\u00eda en reuni\u00f3n vecinal en Granja Miravalle<\/p>\n<p>La candidata a diputada local comparti\u00f3 su propuesta para que haya un marco jur\u00eddico de cultura c\u00edvica, con el objetivo de fomentar los valores en la ciudadan\u00eda, y as\u00ed, fortalecer el tejido social, la sana convivencia y el civismo. \u201cMucha de la problem\u00e1tica que hay actualmente, se debe a falta de cultura c\u00edvica, ya sea por el desconocimiento de la normatividad, o por falta de valores. Si trabajamos el tejido social, desde las leyes, podremos prevenir muchas problem\u00e1ticas que tenemos despu\u00e9s\u201d, expres\u00f3 Laura Ponce<\/p>\n<p>Despu\u00e9s de tocar puertas y platicar con la ciudadan\u00eda, cerr\u00f3 el d\u00eda en reuni\u00f3n vecinal en la colonia Granja Miravalle, en donde comparti\u00f3 sus propuestas y parte del trabajo que realiz\u00f3 como diputada del distrito 7. \u201cQuiero continuar con el trabajo realizado desde el Congreso del Estado, para que Jes\u00fas Mar\u00eda siga avanzando como lo ha hecho durante los \u00faltimos 10 a\u00f1os\u201d, concluy\u00f3 la candidata panista.<\/p>\n","protected":false},"excerpt":{"rendered":"<p>#informativoelvalledeaguascalientes #novaradioaguascalientes #informativoelvalledeaguascalientesll \u2022 Comparti\u00f3 sus propuestas con vecinas y vecinos de Paseos de Aguascalientes y Rancho Seco \u2022 Finaliz\u00f3 el d\u00eda en reuni\u00f3n vecinal en Granja Miravalle La candidata a diputada local comparti\u00f3 su propuesta para que haya un marco jur\u00eddico de cultura c\u00edvica, con el objetivo de fomentar los valores en la ciudadan\u00eda, [&hellip;]<\/p>\n","protected":false},"author":1,"featured_media":55773,"comment_status":"closed","ping_status":"open","sticky":false,"template":"","format":"standard","meta":{"advanced_seo_description":"","jetpack_seo_html_title":"","jetpack_seo_noindex":false,"_jetpack_memberships_contains_paid_content":false,"footnotes":"","jetpack_publicize_message":"","jetpack_publicize_feature_enabled":true,"jetpack_social_post_already_shared":true,"jetpack_social_options":{"image_generator_settings":{"template":"highway","default_image_id":0,"font":"","enabled":false},"version":2}},"categories":[21,762,7],"tags":[22,764,763,665],"class_list":["post-55772","post","type-post","status-publish","format-standard","has-post-thumbnail","hentry","category-aguascalientes","category-elecciones-2024","category-pan-aguascalientes","tag-aguascalientes","tag-elecciones-2024","tag-laura-ponce","tag-pan"],"jetpack_publicize_connections":[],"jetpack_featured_media_url":"https:\/\/i0.wp.com\/informativoelvalledeaguascalientes.online\/wp-content\/uploads\/2024\/04\/WhatsApp-Image-2024-04-30-at-14.38.03-scaled.jpeg?fit=2560%2C1441&ssl=1","jetpack-related-posts":[],"jetpack_sharing_enabled":true,"jetpack_likes_enabled":true,"_links":{"self":[{"href":"https:\/\/informativoelvalledeaguascalientes.online\/index.php?rest_route=\/wp\/v2\/posts\/55772","targetHints":{"allow":["GET"]}}],"collection":[{"href":"https:\/\/informativoelvalledeaguascalientes.online\/index.php?rest_route=\/wp\/v2\/posts"}],"about":[{"href":"https:\/\/informativoelvalledeaguascalientes.online\/index.php?rest_route=\/wp\/v2\/types\/post"}],"author":[{"embeddable":true,"href":"https:\/\/informativoelvalledeaguascalientes.online\/index.php?rest_route=\/wp\/v2\/users\/1"}],"replies":[{"embeddable":true,"href":"https:\/\/informativoelvalledeaguascalientes.online\/index.php?rest_route=%2Fwp%2Fv2%2Fcomments&post=55772"}],"version-history":[{"count":1,"href":"https:\/\/informativoelvalledeaguascalientes.online\/index.php?rest_route=\/wp\/v2\/posts\/55772\/revisions"}],"predecessor-version":[{"id":55774,"href":"https:\/\/informativoelvalledeaguascalientes.online\/index.php?rest_route=\/wp\/v2\/posts\/55772\/revisions\/55774"}],"wp:featuredmedia":[{"embeddable":true,"href":"https:\/\/informativoelvalledeaguascalientes.online\/index.php?rest_route=\/wp\/v2\/media\/55773"}],"wp:attachment":[{"href":"https:\/\/informativoelvalledeaguascalientes.online\/index.php?rest_route=%2Fwp%2Fv2%2Fmedia&parent=55772"}],"wp:term":[{"taxonomy":"category","embeddable":true,"href":"https:\/\/informativoelvalledeaguascalientes.online\/index.php?rest_route=%2Fwp%2Fv2%2Fcategories&post=55772"},{"taxonomy":"post_tag","embeddable":true,"href":"https:\/\/informativoelvalledeaguascalientes.online\/index.php?rest_route=%2Fwp%2Fv2%2Ftags&post=55772"}],"curies":[{"name":"wp","href":"https:\/\/api.w.org\/{rel}","templated":true}]}}