{"id":55769,"date":"2024-04-26T09:59:43","date_gmt":"2024-04-26T15:59:43","guid":{"rendered":"https:\/\/informativoelvalledeaguascalientes.online\/?p=55769"},"modified":"2024-04-30T10:04:47","modified_gmt":"2024-04-30T16:04:47","slug":"sipinna-estatal-lleva-a-cabo-jornada-de-activacion-en-el-marco-del-dia-del-nino","status":"publish","type":"post","link":"https:\/\/informativoelvalledeaguascalientes.online\/?p=55769","title":{"rendered":"SIPINNA ESTATAL LLEVA A CABO JORNADA DE ACTIVACI\u00d3N EN EL MARCO DEL D\u00cdA DEL NI\u00d1O"},"content":{"rendered":"<p>#informativoelvalledeaguascalientes<\/p>\n<p>#novaradioaguascalientes<\/p>\n<p>#informativoelvalledeaguascalientesll<\/p>\n<p>#ElGiganteDeMexico<\/p>\n<p>\u00b7 Participaron integrantes de los Consejos Consultivos de Ni\u00f1as, Ni\u00f1os y Adolescentes del Estado y Municipales<\/p>\n<p>&nbsp;<\/p>\n<p>El Gobierno del Estado informa que en el marco del D\u00eda del Ni\u00f1o, la Secretar\u00eda Ejecutiva del Sipinna estatal llev\u00f3 a cabo una Jornada de Activaci\u00f3n por los Derechos de Ni\u00f1as, Ni\u00f1os y Adolescentes en la que participaron integrantes de los Consejos Consultivos de Ni\u00f1as, Ni\u00f1os y Adolescentes del Estado, de los Municipales de Asientos, Calvillo, Pabell\u00f3n de Arteaga, San Jos\u00e9 de Gracia, San Francisco de los Romo y Tepezal\u00e1, as\u00ed como representantes de los municipios de Cos\u00edo y Rinc\u00f3n de Romos.<\/p>\n<p>Durante el evento, efectuado en el Observatorio Planetario Hipatia de Tepezal\u00e1, las y los asistentes participaron en las pl\u00e1ticas \u201cDerechos de la Ni\u00f1ez\u201d y \u201cDerecho a la Participaci\u00f3n\u201d, que fueron impartidas por el personal de la Comisi\u00f3n Estatal de los Derechos Humanos de Aguascalientes (CEDHA) y de la Junta Local Ejecutiva Aguascalientes del Instituto Nacional Electoral (INE).<\/p>\n<p>Asimismo, ni\u00f1as, ni\u00f1os y adolescentes formaron parte de los talleres: Pinta tu Derecho, Sopa de Letras y Tendedero de Opini\u00f3n; en este \u00faltimo plasmaron, a trav\u00e9s de un mensaje, qu\u00e9 es lo que quieren para los ni\u00f1os y adolescentes de Aguascalientes.<\/p>\n<p>Adem\u00e1s de convivir con sus pares, las y los participantes tambi\u00e9n disfrutaron de algunas de las actividades que ofrece el Observatorio Planetario, mientras que la Junta Local del INE Aguascalientes les otorg\u00f3 ejemplares de la Colecci\u00f3n \u00c1rbol, la cual tiene el objetivo de promover el gusto de la lectura entre ni\u00f1as, ni\u00f1os y adolescentes.<\/p>\n","protected":false},"excerpt":{"rendered":"<p>#informativoelvalledeaguascalientes #novaradioaguascalientes #informativoelvalledeaguascalientesll #ElGiganteDeMexico \u00b7 Participaron integrantes de los Consejos Consultivos de Ni\u00f1as, Ni\u00f1os y Adolescentes del Estado y Municipales &nbsp; El Gobierno del Estado informa que en el marco del D\u00eda del Ni\u00f1o, la Secretar\u00eda Ejecutiva del Sipinna estatal llev\u00f3 a cabo una Jornada de Activaci\u00f3n por los Derechos de Ni\u00f1as, Ni\u00f1os y Adolescentes [&hellip;]<\/p>\n","protected":false},"author":1,"featured_media":55770,"comment_status":"closed","ping_status":"open","sticky":false,"template":"","format":"standard","meta":{"advanced_seo_description":"","jetpack_seo_html_title":"","jetpack_seo_noindex":false,"_jetpack_memberships_contains_paid_content":false,"footnotes":"","jetpack_publicize_message":"","jetpack_publicize_feature_enabled":true,"jetpack_social_post_already_shared":true,"jetpack_social_options":{"image_generator_settings":{"template":"highway","default_image_id":0,"font":"","enabled":false},"version":2}},"categories":[21,4],"tags":[22,615],"class_list":["post-55769","post","type-post","status-publish","format-standard","has-post-thumbnail","hentry","category-aguascalientes","category-gobierno-del-estado-aguascalientes","tag-aguascalientes","tag-gobierno-del-estado-de-aguascalientes"],"jetpack_publicize_connections":[],"jetpack_featured_media_url":"https:\/\/i0.wp.com\/informativoelvalledeaguascalientes.online\/wp-content\/uploads\/2024\/04\/WhatsApp-Image-2024-04-30-at-09.44.36.jpeg?fit=1527%2C997&ssl=1","jetpack-related-posts":[],"jetpack_sharing_enabled":true,"jetpack_likes_enabled":true,"_links":{"self":[{"href":"https:\/\/informativoelvalledeaguascalientes.online\/index.php?rest_route=\/wp\/v2\/posts\/55769","targetHints":{"allow":["GET"]}}],"collection":[{"href":"https:\/\/informativoelvalledeaguascalientes.online\/index.php?rest_route=\/wp\/v2\/posts"}],"about":[{"href":"https:\/\/informativoelvalledeaguascalientes.online\/index.php?rest_route=\/wp\/v2\/types\/post"}],"author":[{"embeddable":true,"href":"https:\/\/informativoelvalledeaguascalientes.online\/index.php?rest_route=\/wp\/v2\/users\/1"}],"replies":[{"embeddable":true,"href":"https:\/\/informativoelvalledeaguascalientes.online\/index.php?rest_route=%2Fwp%2Fv2%2Fcomments&post=55769"}],"version-history":[{"count":1,"href":"https:\/\/informativoelvalledeaguascalientes.online\/index.php?rest_route=\/wp\/v2\/posts\/55769\/revisions"}],"predecessor-version":[{"id":55771,"href":"https:\/\/informativoelvalledeaguascalientes.online\/index.php?rest_route=\/wp\/v2\/posts\/55769\/revisions\/55771"}],"wp:featuredmedia":[{"embeddable":true,"href":"https:\/\/informativoelvalledeaguascalientes.online\/index.php?rest_route=\/wp\/v2\/media\/55770"}],"wp:attachment":[{"href":"https:\/\/informativoelvalledeaguascalientes.online\/index.php?rest_route=%2Fwp%2Fv2%2Fmedia&parent=55769"}],"wp:term":[{"taxonomy":"category","embeddable":true,"href":"https:\/\/informativoelvalledeaguascalientes.online\/index.php?rest_route=%2Fwp%2Fv2%2Fcategories&post=55769"},{"taxonomy":"post_tag","embeddable":true,"href":"https:\/\/informativoelvalledeaguascalientes.online\/index.php?rest_route=%2Fwp%2Fv2%2Ftags&post=55769"}],"curies":[{"name":"wp","href":"https:\/\/api.w.org\/{rel}","templated":true}]}}