{"id":55742,"date":"2024-04-21T15:24:31","date_gmt":"2024-04-21T21:24:31","guid":{"rendered":"https:\/\/informativoelvalledeaguascalientes.online\/?p=55742"},"modified":"2024-04-27T15:27:17","modified_gmt":"2024-04-27T21:27:17","slug":"propone-cesar-medina-nuevas-estrategias-para-una-administracion-mas-cercana-y-sostenible","status":"publish","type":"post","link":"https:\/\/informativoelvalledeaguascalientes.online\/?p=55742","title":{"rendered":"PROPONE C\u00c9SAR MEDINA NUEVAS ESTRATEGIAS PARA UNA ADMINISTRACI\u00d3N M\u00c1S CERCANA Y SOSTENIBLE"},"content":{"rendered":"<p>#informativoelvalledeaguascalientes<\/p>\n<p>#novaradioaguascalientes<\/p>\n<p>#informativoelvalledeaguascalientesll<\/p>\n<p>Acompa\u00f1ado de los candidatos de la alianza conformada por PAN- PRI y PRD Fuerza y Coraz\u00f3n por Aguascalientes, C\u00e9sar Medina, candidato a la presidencia municipal de Jes\u00fas Mar\u00eda, atendi\u00f3 la invitaci\u00f3n de varios representantes de condominios y fraccionamientos, ante quienes present\u00f3 sus propuestas para promover una gesti\u00f3n municipal m\u00e1s cercana y efectiva.<\/p>\n<p>Medina Cevantes indic\u00f3 que Jes\u00fas Mar\u00eda ha crecido a pasos agigantados, de manera que en el municipio est\u00e1n asentados m\u00e1s de 200 cotos y condominios, lo que ha aumentado la plusval\u00eda considerablemente de acuerdo con la C\u00e1mara Nacional de la Industria de Desarrollo y Promoci\u00f3n de Vivienda, CANADEVI.<\/p>\n<p>\u201cEstoy consciente de las demandas que se van derivando de la maduraci\u00f3n de estos conjuntos habitacionales, por ello es necesario apostarle al aprovechamiento de agua pluvial y residual\u201d mencion\u00f3.<\/p>\n<p>Agreg\u00f3, que trabajar\u00e1 para que Jes\u00fas Mar\u00eda contin\u00fae creciendo con orden y una planeaci\u00f3n urbana, e indic\u00f3 que trabajar\u00e1 por mejores vialidades.<\/p>\n<p>Asimismo, se crear\u00e1 una Plataforma digital de tr\u00e1mites y servicios para agilidad y comodidad de toda la ciudadan\u00eda.<\/p>\n<p>El candidato a la presidencia municipal de Jes\u00fas Mar\u00eda, indic\u00f3 que se implementar\u00e1n cursos, talleres y pl\u00e1ticas en los cotos residenciales, con el objetivo de fomentar una mayor interacci\u00f3n entre los funcionarios y los residentes locales lo que permitir\u00e1 construir una comunidad m\u00e1s unida y fortalecer el tejido social.<\/p>\n<p>En el encuentro estuvieron presentes Antonio Mart\u00edn del Campo, Ad\u00e1n Valdivia, Humberto Ambriz, Laura Ponce y Bety Montoya,candidatos de la alianza conformada por PAN- PRI y PRD Fuerza y Coraz\u00f3n por Aguascalientes.<\/p>\n","protected":false},"excerpt":{"rendered":"<p>#informativoelvalledeaguascalientes #novaradioaguascalientes #informativoelvalledeaguascalientesll Acompa\u00f1ado de los candidatos de la alianza conformada por PAN- PRI y PRD Fuerza y Coraz\u00f3n por Aguascalientes, C\u00e9sar Medina, candidato a la presidencia municipal de Jes\u00fas Mar\u00eda, atendi\u00f3 la invitaci\u00f3n de varios representantes de condominios y fraccionamientos, ante quienes present\u00f3 sus propuestas para promover una gesti\u00f3n municipal m\u00e1s cercana y efectiva. [&hellip;]<\/p>\n","protected":false},"author":1,"featured_media":55743,"comment_status":"closed","ping_status":"open","sticky":false,"template":"","format":"standard","meta":{"advanced_seo_description":"","jetpack_seo_html_title":"","jetpack_seo_noindex":false,"_jetpack_memberships_contains_paid_content":false,"footnotes":"","jetpack_publicize_message":"","jetpack_publicize_feature_enabled":true,"jetpack_social_post_already_shared":true,"jetpack_social_options":{"image_generator_settings":{"template":"highway","default_image_id":0,"font":"","enabled":false},"version":2}},"categories":[21,762,7],"tags":[22,765,764,665],"class_list":["post-55742","post","type-post","status-publish","format-standard","has-post-thumbnail","hentry","category-aguascalientes","category-elecciones-2024","category-pan-aguascalientes","tag-aguascalientes","tag-cesar-medina","tag-elecciones-2024","tag-pan"],"jetpack_publicize_connections":[],"jetpack_featured_media_url":"https:\/\/i0.wp.com\/informativoelvalledeaguascalientes.online\/wp-content\/uploads\/2024\/04\/WhatsApp-Image-2024-04-27-at-14.56.19-scaled.jpeg?fit=2560%2C1707&ssl=1","jetpack-related-posts":[],"jetpack_sharing_enabled":true,"jetpack_likes_enabled":true,"_links":{"self":[{"href":"https:\/\/informativoelvalledeaguascalientes.online\/index.php?rest_route=\/wp\/v2\/posts\/55742","targetHints":{"allow":["GET"]}}],"collection":[{"href":"https:\/\/informativoelvalledeaguascalientes.online\/index.php?rest_route=\/wp\/v2\/posts"}],"about":[{"href":"https:\/\/informativoelvalledeaguascalientes.online\/index.php?rest_route=\/wp\/v2\/types\/post"}],"author":[{"embeddable":true,"href":"https:\/\/informativoelvalledeaguascalientes.online\/index.php?rest_route=\/wp\/v2\/users\/1"}],"replies":[{"embeddable":true,"href":"https:\/\/informativoelvalledeaguascalientes.online\/index.php?rest_route=%2Fwp%2Fv2%2Fcomments&post=55742"}],"version-history":[{"count":1,"href":"https:\/\/informativoelvalledeaguascalientes.online\/index.php?rest_route=\/wp\/v2\/posts\/55742\/revisions"}],"predecessor-version":[{"id":55744,"href":"https:\/\/informativoelvalledeaguascalientes.online\/index.php?rest_route=\/wp\/v2\/posts\/55742\/revisions\/55744"}],"wp:featuredmedia":[{"embeddable":true,"href":"https:\/\/informativoelvalledeaguascalientes.online\/index.php?rest_route=\/wp\/v2\/media\/55743"}],"wp:attachment":[{"href":"https:\/\/informativoelvalledeaguascalientes.online\/index.php?rest_route=%2Fwp%2Fv2%2Fmedia&parent=55742"}],"wp:term":[{"taxonomy":"category","embeddable":true,"href":"https:\/\/informativoelvalledeaguascalientes.online\/index.php?rest_route=%2Fwp%2Fv2%2Fcategories&post=55742"},{"taxonomy":"post_tag","embeddable":true,"href":"https:\/\/informativoelvalledeaguascalientes.online\/index.php?rest_route=%2Fwp%2Fv2%2Ftags&post=55742"}],"curies":[{"name":"wp","href":"https:\/\/api.w.org\/{rel}","templated":true}]}}