{"id":55715,"date":"2024-04-26T14:14:59","date_gmt":"2024-04-26T20:14:59","guid":{"rendered":"https:\/\/informativoelvalledeaguascalientes.online\/?p=55715"},"modified":"2024-04-27T14:18:08","modified_gmt":"2024-04-27T20:18:08","slug":"mas-obra-publica-y-social-para-venadero-cesar-medina","status":"publish","type":"post","link":"https:\/\/informativoelvalledeaguascalientes.online\/?p=55715","title":{"rendered":"M\u00c1S OBRA P\u00daBLICA Y SOCIAL PARA VENADERO: C\u00c9SAR MEDINA"},"content":{"rendered":"<p>#informativoelvalledeaguascalientes<\/p>\n<p>#novaradioaguascalientes<\/p>\n<p>#informativoelvalledeaguascalientesll<\/p>\n<p>&nbsp;<\/p>\n<p>El candidato a la Presidencia Municipal de Jes\u00fas Mar\u00eda, C\u00e9sar Medina Cervantes, comprometi\u00f3 todo su apoyo para impulsar el desarrollo en la delegaci\u00f3n de Venadero, llevando m\u00e1s obra p\u00fablica as\u00ed como clases de m\u00fasica para ni\u00f1as, ni\u00f1os y adolescentes.<\/p>\n<p>Durante una reuni\u00f3n con trabajadores de la Maquiladora Hermanos Franco ubicada en dicha delegaci\u00f3n, el abanderado de la Alianza Fuerza y Coraz\u00f3n por Aguascalientes, sostuvo que el trabajo en equipo da mejores resultados y as\u00ed trabajar\u00e1 con los habitantes de Venadero, &#8220;conozco muy bien esta parte del municipio y hoy vengo a ofrecer continuidad, para ello les traigo propuestas muy claras y aterrizadas, yo quiero que a Venadero le siga yendo bien&#8221; afirm\u00f3.<\/p>\n<p>C\u00e9sar Medina dijo que Venadero tiene otro rostro gracias a la buena administraci\u00f3n de los \u00faltimos gobiernos, que han realizado obras como el pozo elevado y la pavimentaci\u00f3n de calles, sin embargo, reconoci\u00f3 que faltan algunos pendientes, y para ello, es necesario seguir trabajando en equipo.<\/p>\n<p>De igual forma el abanderado del PAN, PRI y PRD, se comprometi\u00f3 a llevar clases de m\u00fasica, &#8220;estoy pensando pedirle a la escuela primaria la oportunidad de dar en sus instalaciones las clases por las tardes, as\u00ed como en Jes\u00fas Mar\u00eda ya hay una orquesta, ser\u00eda muy bueno que aqu\u00ed form\u00e1ramos un mariachi o una banda&#8221; apunt\u00f3.<\/p>\n<p>Finalmente, Medina Cervantes agradeci\u00f3 la presencia y compa\u00f1\u00eda de los candidatos al senado To\u00f1o Mart\u00edn del Campo y Mar\u00eda de Jes\u00fas D\u00edaz &#8220;la Chuya&#8221;; as\u00ed como del candidato a diputado por el primer distrito, Humberto Ambriz; y del candidato a diputado por el octavo distrito local Ad\u00e1n Valdivia.<\/p>\n","protected":false},"excerpt":{"rendered":"<p>#informativoelvalledeaguascalientes #novaradioaguascalientes #informativoelvalledeaguascalientesll &nbsp; El candidato a la Presidencia Municipal de Jes\u00fas Mar\u00eda, C\u00e9sar Medina Cervantes, comprometi\u00f3 todo su apoyo para impulsar el desarrollo en la delegaci\u00f3n de Venadero, llevando m\u00e1s obra p\u00fablica as\u00ed como clases de m\u00fasica para ni\u00f1as, ni\u00f1os y adolescentes. Durante una reuni\u00f3n con trabajadores de la Maquiladora Hermanos Franco ubicada en [&hellip;]<\/p>\n","protected":false},"author":1,"featured_media":55716,"comment_status":"closed","ping_status":"open","sticky":false,"template":"","format":"standard","meta":{"advanced_seo_description":"","jetpack_seo_html_title":"","jetpack_seo_noindex":false,"_jetpack_memberships_contains_paid_content":false,"footnotes":"","jetpack_publicize_message":"","jetpack_publicize_feature_enabled":true,"jetpack_social_post_already_shared":true,"jetpack_social_options":{"image_generator_settings":{"template":"highway","default_image_id":0,"font":"","enabled":false},"version":2}},"categories":[21,762,7],"tags":[22,765,764,665],"class_list":["post-55715","post","type-post","status-publish","format-standard","has-post-thumbnail","hentry","category-aguascalientes","category-elecciones-2024","category-pan-aguascalientes","tag-aguascalientes","tag-cesar-medina","tag-elecciones-2024","tag-pan"],"jetpack_publicize_connections":[],"jetpack_featured_media_url":"https:\/\/i0.wp.com\/informativoelvalledeaguascalientes.online\/wp-content\/uploads\/2024\/04\/WhatsApp-Image-2024-04-26-at-15.12.26.jpeg?fit=1078%2C716&ssl=1","jetpack-related-posts":[],"jetpack_sharing_enabled":true,"jetpack_likes_enabled":true,"_links":{"self":[{"href":"https:\/\/informativoelvalledeaguascalientes.online\/index.php?rest_route=\/wp\/v2\/posts\/55715","targetHints":{"allow":["GET"]}}],"collection":[{"href":"https:\/\/informativoelvalledeaguascalientes.online\/index.php?rest_route=\/wp\/v2\/posts"}],"about":[{"href":"https:\/\/informativoelvalledeaguascalientes.online\/index.php?rest_route=\/wp\/v2\/types\/post"}],"author":[{"embeddable":true,"href":"https:\/\/informativoelvalledeaguascalientes.online\/index.php?rest_route=\/wp\/v2\/users\/1"}],"replies":[{"embeddable":true,"href":"https:\/\/informativoelvalledeaguascalientes.online\/index.php?rest_route=%2Fwp%2Fv2%2Fcomments&post=55715"}],"version-history":[{"count":1,"href":"https:\/\/informativoelvalledeaguascalientes.online\/index.php?rest_route=\/wp\/v2\/posts\/55715\/revisions"}],"predecessor-version":[{"id":55717,"href":"https:\/\/informativoelvalledeaguascalientes.online\/index.php?rest_route=\/wp\/v2\/posts\/55715\/revisions\/55717"}],"wp:featuredmedia":[{"embeddable":true,"href":"https:\/\/informativoelvalledeaguascalientes.online\/index.php?rest_route=\/wp\/v2\/media\/55716"}],"wp:attachment":[{"href":"https:\/\/informativoelvalledeaguascalientes.online\/index.php?rest_route=%2Fwp%2Fv2%2Fmedia&parent=55715"}],"wp:term":[{"taxonomy":"category","embeddable":true,"href":"https:\/\/informativoelvalledeaguascalientes.online\/index.php?rest_route=%2Fwp%2Fv2%2Fcategories&post=55715"},{"taxonomy":"post_tag","embeddable":true,"href":"https:\/\/informativoelvalledeaguascalientes.online\/index.php?rest_route=%2Fwp%2Fv2%2Ftags&post=55715"}],"curies":[{"name":"wp","href":"https:\/\/api.w.org\/{rel}","templated":true}]}}