{"id":55712,"date":"2024-04-26T14:14:17","date_gmt":"2024-04-26T20:14:17","guid":{"rendered":"https:\/\/informativoelvalledeaguascalientes.online\/?p=55712"},"modified":"2024-04-27T14:14:41","modified_gmt":"2024-04-27T20:14:41","slug":"va-cesar-medina-por-un-gobierno-participativo-e-innovador-en-jesus-maria","status":"publish","type":"post","link":"https:\/\/informativoelvalledeaguascalientes.online\/?p=55712","title":{"rendered":"VA C\u00c9SAR MEDINA POR UN GOBIERNO PARTICIPATIVO E INNOVADOR EN JES\u00daS MAR\u00cdA"},"content":{"rendered":"<p>#informativoelvalledeaguascalientes<\/p>\n<p>#novaradioaguascalientes<\/p>\n<p>#informativoelvalledeaguascalientesll<\/p>\n<p>C\u00e9sar Medina Cervantes, candidato a la presidencia municipal de Jes\u00fas Mar\u00eda se reuni\u00f3 con representantes del sector empresarial, ante quienes present\u00f3 sus propuestas para impulsar el desarrollo del municipio.<\/p>\n<p>Medina Cervantes indic\u00f3 que, durante su gobierno implementar\u00e1 medidas concretas para simplificar los tr\u00e1mites administrativos y agilizar los procesos para impulsar a empresarios locales y as\u00ed, construir un Jes\u00fas Mar\u00eda con mayores oportunidades para todos.<\/p>\n<p>&#8220;Trabajaremos para crear un entorno propicio para el crecimiento de Jes\u00fas Mar\u00eda, con una gesti\u00f3n transparente en la que todas las voces sean escuchadas, por lo que implementaremos el presupuesto participativo&#8221; mencion\u00f3.<\/p>\n<p>Explic\u00f3 que con el presupuesto participativo, la ciudadan\u00eda podr\u00e1 decidir a qu\u00e9 proyectos se les va a dar prioridad y en ellos invertir el presupuesto gubernamental, de manera que la ciudadan\u00eda participar\u00e1 de manera activa en la toma de decisiones, garantizando una gesti\u00f3n democr\u00e1tica y transparente.<\/p>\n<p>C\u00e9sar Medina se\u00f1al\u00f3 que Jes\u00fas Mar\u00eda es un municipio lleno de gente buena, creativa y trabajadora por lo que reafirm\u00f3 su compromiso de trabajar para impulsar el desarrollo econ\u00f3mico y social.<\/p>\n","protected":false},"excerpt":{"rendered":"<p>#informativoelvalledeaguascalientes #novaradioaguascalientes #informativoelvalledeaguascalientesll C\u00e9sar Medina Cervantes, candidato a la presidencia municipal de Jes\u00fas Mar\u00eda se reuni\u00f3 con representantes del sector empresarial, ante quienes present\u00f3 sus propuestas para impulsar el desarrollo del municipio. Medina Cervantes indic\u00f3 que, durante su gobierno implementar\u00e1 medidas concretas para simplificar los tr\u00e1mites administrativos y agilizar los procesos para impulsar a empresarios [&hellip;]<\/p>\n","protected":false},"author":1,"featured_media":55713,"comment_status":"closed","ping_status":"open","sticky":false,"template":"","format":"standard","meta":{"advanced_seo_description":"","jetpack_seo_html_title":"","jetpack_seo_noindex":false,"_jetpack_memberships_contains_paid_content":false,"footnotes":"","jetpack_publicize_message":"","jetpack_publicize_feature_enabled":true,"jetpack_social_post_already_shared":true,"jetpack_social_options":{"image_generator_settings":{"template":"highway","default_image_id":0,"font":"","enabled":false},"version":2}},"categories":[21,762,7],"tags":[22,765,764,665],"class_list":["post-55712","post","type-post","status-publish","format-standard","has-post-thumbnail","hentry","category-aguascalientes","category-elecciones-2024","category-pan-aguascalientes","tag-aguascalientes","tag-cesar-medina","tag-elecciones-2024","tag-pan"],"jetpack_publicize_connections":[],"jetpack_featured_media_url":"https:\/\/i0.wp.com\/informativoelvalledeaguascalientes.online\/wp-content\/uploads\/2024\/04\/WhatsApp-Image-2024-04-26-at-15.09.35.jpeg?fit=826%2C590&ssl=1","jetpack-related-posts":[],"jetpack_sharing_enabled":true,"jetpack_likes_enabled":true,"_links":{"self":[{"href":"https:\/\/informativoelvalledeaguascalientes.online\/index.php?rest_route=\/wp\/v2\/posts\/55712","targetHints":{"allow":["GET"]}}],"collection":[{"href":"https:\/\/informativoelvalledeaguascalientes.online\/index.php?rest_route=\/wp\/v2\/posts"}],"about":[{"href":"https:\/\/informativoelvalledeaguascalientes.online\/index.php?rest_route=\/wp\/v2\/types\/post"}],"author":[{"embeddable":true,"href":"https:\/\/informativoelvalledeaguascalientes.online\/index.php?rest_route=\/wp\/v2\/users\/1"}],"replies":[{"embeddable":true,"href":"https:\/\/informativoelvalledeaguascalientes.online\/index.php?rest_route=%2Fwp%2Fv2%2Fcomments&post=55712"}],"version-history":[{"count":1,"href":"https:\/\/informativoelvalledeaguascalientes.online\/index.php?rest_route=\/wp\/v2\/posts\/55712\/revisions"}],"predecessor-version":[{"id":55714,"href":"https:\/\/informativoelvalledeaguascalientes.online\/index.php?rest_route=\/wp\/v2\/posts\/55712\/revisions\/55714"}],"wp:featuredmedia":[{"embeddable":true,"href":"https:\/\/informativoelvalledeaguascalientes.online\/index.php?rest_route=\/wp\/v2\/media\/55713"}],"wp:attachment":[{"href":"https:\/\/informativoelvalledeaguascalientes.online\/index.php?rest_route=%2Fwp%2Fv2%2Fmedia&parent=55712"}],"wp:term":[{"taxonomy":"category","embeddable":true,"href":"https:\/\/informativoelvalledeaguascalientes.online\/index.php?rest_route=%2Fwp%2Fv2%2Fcategories&post=55712"},{"taxonomy":"post_tag","embeddable":true,"href":"https:\/\/informativoelvalledeaguascalientes.online\/index.php?rest_route=%2Fwp%2Fv2%2Ftags&post=55712"}],"curies":[{"name":"wp","href":"https:\/\/api.w.org\/{rel}","templated":true}]}}