{"id":55709,"date":"2024-04-25T14:09:24","date_gmt":"2024-04-25T20:09:24","guid":{"rendered":"https:\/\/informativoelvalledeaguascalientes.online\/?p=55709"},"modified":"2024-04-27T14:09:37","modified_gmt":"2024-04-27T20:09:37","slug":"seguridad-asunto-prioritario-para-el-gobierno-de-cesar-medina","status":"publish","type":"post","link":"https:\/\/informativoelvalledeaguascalientes.online\/?p=55709","title":{"rendered":"SEGURIDAD, ASUNTO PRIORITARIO PARA EL GOBIERNO DE C\u00c9SAR MEDINA"},"content":{"rendered":"<p>#informativoelvalledeaguascalientes<\/p>\n<p>#novaradioaguascalientes<\/p>\n<p>#informativoelvalledeaguascalientesll<\/p>\n<p>El candidato a presidente Municipal de Jes\u00fas Mar\u00eda, C\u00e9sar Medina Cervantes, visit\u00f3 las instalaciones de la empresa SAREDO DOUGLAS, en donde dio a conocer su propuesta de Seguridad P\u00fablica ante directivos y trabajadores, ah\u00ed, destac\u00f3 la necesidad de trabajar en dos v\u00edas: la prevenci\u00f3n y la atenci\u00f3n oportuna de denuncias, a trav\u00e9s de la Polic\u00eda Municipal y de la Guardia Civil.<br \/>\nEn ese contexto, el abanderado de la Alianza Fuerza y Coraz\u00f3n por Aguascalientes, destac\u00f3 que la seguridad ser\u00e1 una de las prioridades en su gobierno, para garantizar la tranquilidad de la ciudadan\u00eda, as\u00ed como para impulsar el desarrollo del municipio, de ah\u00ed que su proyecto contempla acciones como el reforzamiento del cuerpo policial, promover la participaci\u00f3n ciudadana a trav\u00e9s de la vigilancia comunitaria, y ofrecer alternativas para resolver conflictos de manera pac\u00edfica y eficiente, a trav\u00e9s de un Centro de Mediaci\u00f3n.<br \/>\n&#8220;A trav\u00e9s de este centro, vamos a privilegiar la resoluci\u00f3n de conflictos de manera pac\u00edfica, para evitar que situaciones menores escalen hacia la violencia, ah\u00ed promoveremos acuerdos para una mejor convivencia social&#8221; se\u00f1al\u00f3 el candidato del PAN, PRI y PRI.<br \/>\nDe igual manera, C\u00e9sar Medina dijo que se propone fortalecer la Guardia Civil, con un mayor n\u00famero de elementos a fin de garantizar la protecci\u00f3n de la ciudadan\u00eda, adem\u00e1s, asever\u00f3 que se instalar\u00e1n c\u00e1maras de videovigilancia en colaboraci\u00f3n con los vecinos, con la intenci\u00f3n de mantener un monitoreo constante desde la Comandancia de Polic\u00eda, y as\u00ed dar una respuesta oportuna y eficiente ante emergencias.<\/p>\n","protected":false},"excerpt":{"rendered":"<p>#informativoelvalledeaguascalientes #novaradioaguascalientes #informativoelvalledeaguascalientesll El candidato a presidente Municipal de Jes\u00fas Mar\u00eda, C\u00e9sar Medina Cervantes, visit\u00f3 las instalaciones de la empresa SAREDO DOUGLAS, en donde dio a conocer su propuesta de Seguridad P\u00fablica ante directivos y trabajadores, ah\u00ed, destac\u00f3 la necesidad de trabajar en dos v\u00edas: la prevenci\u00f3n y la atenci\u00f3n oportuna de denuncias, a trav\u00e9s [&hellip;]<\/p>\n","protected":false},"author":1,"featured_media":55710,"comment_status":"closed","ping_status":"open","sticky":false,"template":"","format":"standard","meta":{"advanced_seo_description":"","jetpack_seo_html_title":"","jetpack_seo_noindex":false,"_jetpack_memberships_contains_paid_content":false,"footnotes":"","jetpack_publicize_message":"","jetpack_publicize_feature_enabled":true,"jetpack_social_post_already_shared":true,"jetpack_social_options":{"image_generator_settings":{"template":"highway","default_image_id":0,"font":"","enabled":false},"version":2}},"categories":[21,762,7],"tags":[22,765,764,665],"class_list":["post-55709","post","type-post","status-publish","format-standard","has-post-thumbnail","hentry","category-aguascalientes","category-elecciones-2024","category-pan-aguascalientes","tag-aguascalientes","tag-cesar-medina","tag-elecciones-2024","tag-pan"],"jetpack_publicize_connections":[],"jetpack_featured_media_url":"https:\/\/i0.wp.com\/informativoelvalledeaguascalientes.online\/wp-content\/uploads\/2024\/04\/WhatsApp-Image-2024-04-25-at-16.13.57.jpeg?fit=1599%2C1066&ssl=1","jetpack-related-posts":[],"jetpack_sharing_enabled":true,"jetpack_likes_enabled":true,"_links":{"self":[{"href":"https:\/\/informativoelvalledeaguascalientes.online\/index.php?rest_route=\/wp\/v2\/posts\/55709","targetHints":{"allow":["GET"]}}],"collection":[{"href":"https:\/\/informativoelvalledeaguascalientes.online\/index.php?rest_route=\/wp\/v2\/posts"}],"about":[{"href":"https:\/\/informativoelvalledeaguascalientes.online\/index.php?rest_route=\/wp\/v2\/types\/post"}],"author":[{"embeddable":true,"href":"https:\/\/informativoelvalledeaguascalientes.online\/index.php?rest_route=\/wp\/v2\/users\/1"}],"replies":[{"embeddable":true,"href":"https:\/\/informativoelvalledeaguascalientes.online\/index.php?rest_route=%2Fwp%2Fv2%2Fcomments&post=55709"}],"version-history":[{"count":1,"href":"https:\/\/informativoelvalledeaguascalientes.online\/index.php?rest_route=\/wp\/v2\/posts\/55709\/revisions"}],"predecessor-version":[{"id":55711,"href":"https:\/\/informativoelvalledeaguascalientes.online\/index.php?rest_route=\/wp\/v2\/posts\/55709\/revisions\/55711"}],"wp:featuredmedia":[{"embeddable":true,"href":"https:\/\/informativoelvalledeaguascalientes.online\/index.php?rest_route=\/wp\/v2\/media\/55710"}],"wp:attachment":[{"href":"https:\/\/informativoelvalledeaguascalientes.online\/index.php?rest_route=%2Fwp%2Fv2%2Fmedia&parent=55709"}],"wp:term":[{"taxonomy":"category","embeddable":true,"href":"https:\/\/informativoelvalledeaguascalientes.online\/index.php?rest_route=%2Fwp%2Fv2%2Fcategories&post=55709"},{"taxonomy":"post_tag","embeddable":true,"href":"https:\/\/informativoelvalledeaguascalientes.online\/index.php?rest_route=%2Fwp%2Fv2%2Ftags&post=55709"}],"curies":[{"name":"wp","href":"https:\/\/api.w.org\/{rel}","templated":true}]}}