{"id":55700,"date":"2024-04-24T13:49:54","date_gmt":"2024-04-24T19:49:54","guid":{"rendered":"https:\/\/informativoelvalledeaguascalientes.online\/?p=55700"},"modified":"2024-04-27T13:52:45","modified_gmt":"2024-04-27T19:52:45","slug":"jesus-maria-tendra-un-centro-especializado-para-adolescentes-y-jovenes-cesar-medina","status":"publish","type":"post","link":"https:\/\/informativoelvalledeaguascalientes.online\/?p=55700","title":{"rendered":"JES\u00daS MAR\u00cdA TENDR\u00c1 UN CENTRO ESPECIALIZADO PARA ADOLESCENTES Y J\u00d3VENES: C\u00c9SAR MEDINA"},"content":{"rendered":"<p>#informativoelvalledeaguascalientes<\/p>\n<p>#novaradioaguascalientes<\/p>\n<p>#informativoelvalledeaguascalientesll<\/p>\n<p>En su recorrido diario por calles de Jes\u00fas Mar\u00eda, C\u00e9sar Medina, candidato a presidente municipal por la Coalici\u00f3n Fuerza y Coraz\u00f3n por Aguascalientes, se encontr\u00f3 con otros j\u00f3venes a quienes les present\u00f3 su propuesta de la creaci\u00f3n del \u201cCentro Vive\u201d; el cual ser\u00e1 un espacio de atenci\u00f3n integral para adolescentes y j\u00f3venes en el que encuentren desde orientaci\u00f3n educativa y financiera, as\u00ed como capacitaci\u00f3n para el uso de tecnolog\u00edas y desde luego, atenci\u00f3n para su salud emocional y f\u00edsica.<br \/>\n\u201cEste espacio ser\u00e1 totalmente enfocado a adolescentes y j\u00f3venes, en el que se puedan acercar para recibir atenci\u00f3n psicol\u00f3gica, nutricional y f\u00edsica, tambi\u00e9n sobre salud sexual y reproductiva de manos de expertos, as\u00ed como asesor\u00eda para emprender un negocio y orientaci\u00f3n sobre convocatorias que emitan instancias municipales, estatales y federales\u201d, extern\u00f3 Medina a los j\u00f3venes presentes.<br \/>\nActualmente el municipio de Jes\u00fas Mar\u00eda tiene una poblaci\u00f3n con m\u00e1s de 42 mil adolescentes y j\u00f3venes que oscilan entre los 12 y 29 a\u00f1os de edad, de acuerdo con el \u00faltimo Censo de Poblaci\u00f3n y Vivienda 2020 del INEGI; lo que lo convierte en uno de los sectores con mayor demanda de espacios y atenci\u00f3n por parte de las autoridades.<br \/>\nEl candidato puntero, finaliz\u00f3 su pl\u00e1tica con un intercambio de ideas entre j\u00f3venes, quienes mostraron inter\u00e9s e iniciativa para participar en este tipos de proyectos; lo que mostr\u00f3 de Medina su apertura para el di\u00e1logo y disposici\u00f3n de hacer equipo con toda la ciudadan\u00eda de Jes\u00fas Mar\u00eda.<\/p>\n","protected":false},"excerpt":{"rendered":"<p>#informativoelvalledeaguascalientes #novaradioaguascalientes #informativoelvalledeaguascalientesll En su recorrido diario por calles de Jes\u00fas Mar\u00eda, C\u00e9sar Medina, candidato a presidente municipal por la Coalici\u00f3n Fuerza y Coraz\u00f3n por Aguascalientes, se encontr\u00f3 con otros j\u00f3venes a quienes les present\u00f3 su propuesta de la creaci\u00f3n del \u201cCentro Vive\u201d; el cual ser\u00e1 un espacio de atenci\u00f3n integral para adolescentes y j\u00f3venes [&hellip;]<\/p>\n","protected":false},"author":1,"featured_media":55704,"comment_status":"closed","ping_status":"open","sticky":false,"template":"","format":"standard","meta":{"advanced_seo_description":"","jetpack_seo_html_title":"","jetpack_seo_noindex":false,"_jetpack_memberships_contains_paid_content":false,"footnotes":"","jetpack_publicize_message":"","jetpack_publicize_feature_enabled":true,"jetpack_social_post_already_shared":true,"jetpack_social_options":{"image_generator_settings":{"template":"highway","default_image_id":0,"font":"","enabled":false},"version":2}},"categories":[21,762,7],"tags":[22,765,764,665],"class_list":["post-55700","post","type-post","status-publish","format-standard","has-post-thumbnail","hentry","category-aguascalientes","category-elecciones-2024","category-pan-aguascalientes","tag-aguascalientes","tag-cesar-medina","tag-elecciones-2024","tag-pan"],"jetpack_publicize_connections":[],"jetpack_featured_media_url":"https:\/\/i0.wp.com\/informativoelvalledeaguascalientes.online\/wp-content\/uploads\/2024\/04\/WhatsApp-Image-2024-04-24-at-16.55.58.jpeg?fit=1600%2C1066&ssl=1","jetpack-related-posts":[],"jetpack_sharing_enabled":true,"jetpack_likes_enabled":true,"_links":{"self":[{"href":"https:\/\/informativoelvalledeaguascalientes.online\/index.php?rest_route=\/wp\/v2\/posts\/55700","targetHints":{"allow":["GET"]}}],"collection":[{"href":"https:\/\/informativoelvalledeaguascalientes.online\/index.php?rest_route=\/wp\/v2\/posts"}],"about":[{"href":"https:\/\/informativoelvalledeaguascalientes.online\/index.php?rest_route=\/wp\/v2\/types\/post"}],"author":[{"embeddable":true,"href":"https:\/\/informativoelvalledeaguascalientes.online\/index.php?rest_route=\/wp\/v2\/users\/1"}],"replies":[{"embeddable":true,"href":"https:\/\/informativoelvalledeaguascalientes.online\/index.php?rest_route=%2Fwp%2Fv2%2Fcomments&post=55700"}],"version-history":[{"count":1,"href":"https:\/\/informativoelvalledeaguascalientes.online\/index.php?rest_route=\/wp\/v2\/posts\/55700\/revisions"}],"predecessor-version":[{"id":55702,"href":"https:\/\/informativoelvalledeaguascalientes.online\/index.php?rest_route=\/wp\/v2\/posts\/55700\/revisions\/55702"}],"wp:featuredmedia":[{"embeddable":true,"href":"https:\/\/informativoelvalledeaguascalientes.online\/index.php?rest_route=\/wp\/v2\/media\/55704"}],"wp:attachment":[{"href":"https:\/\/informativoelvalledeaguascalientes.online\/index.php?rest_route=%2Fwp%2Fv2%2Fmedia&parent=55700"}],"wp:term":[{"taxonomy":"category","embeddable":true,"href":"https:\/\/informativoelvalledeaguascalientes.online\/index.php?rest_route=%2Fwp%2Fv2%2Fcategories&post=55700"},{"taxonomy":"post_tag","embeddable":true,"href":"https:\/\/informativoelvalledeaguascalientes.online\/index.php?rest_route=%2Fwp%2Fv2%2Ftags&post=55700"}],"curies":[{"name":"wp","href":"https:\/\/api.w.org\/{rel}","templated":true}]}}