{"id":55692,"date":"2024-04-25T13:30:25","date_gmt":"2024-04-25T19:30:25","guid":{"rendered":"https:\/\/informativoelvalledeaguascalientes.online\/?p=55692"},"modified":"2024-04-27T13:33:50","modified_gmt":"2024-04-27T19:33:50","slug":"laura-ponce-seguira-impulsando-presupuesto-para-la-infraestructura-de-jesus-maria","status":"publish","type":"post","link":"https:\/\/informativoelvalledeaguascalientes.online\/?p=55692","title":{"rendered":"Laura Ponce seguir\u00e1 impulsando presupuesto para la infraestructura de Jes\u00fas Mar\u00eda"},"content":{"rendered":"<p>#informativoelvalledeaguascalientes<\/p>\n<p>#novaradioaguascalientes<\/p>\n<p>#informativoelvalledeaguascalientesll<\/p>\n<p>\u2022 Salud\u00f3 a vecinas y vecinos del centro<br \/>\n\u2022 Visit\u00f3 la empresa \u201cBolsas Artesanales de Occidente\u201d<br \/>\n\u2022 Adem\u00e1s, hizo recorrido y reuniones vecinales Los Arroyitos y Ruise\u00f1ores<\/p>\n<p>En sus recorridos por las calles de Jes\u00fas Mar\u00eda, la candidata por el PAN comparti\u00f3 sus propuestas para reforzar la infraestructura del municipio desde el Congreso del Estado. \u201cEn los \u00faltimos 10 a\u00f1os Jes\u00fas Mar\u00eda ha avanzado mucho en obra p\u00fablica, y seguir\u00e9 gestionando presupuesto para que cada vez haya m\u00e1s calles en buen estado e iluminaci\u00f3n\u201d, expres\u00f3 Laura Ponce.<\/p>\n<p>La candidata a diputada local, tambi\u00e9n coment\u00f3 que har\u00e1 equipo con C\u00e9sar Medina, para que lleguen los recursos necesarios al municipio y se destinen a los rubros que m\u00e1s lo requieran.<\/p>\n<p>En su paso por la empresa, escuch\u00f3 a las y los trabajadores, con los que comparti\u00f3 su experiencia de haber trabajado en f\u00e1bricas. \u201cMe levantaba temprano para tomar el transporte p\u00fablico para ir a trabajar, y regresaba tarde a atender a mis hijos, entonces entiendo las necesidades que hay, cuenten conmigo para legislar a favor de todas y todos, tienen en m\u00ed a una aliada\u201d, finaliz\u00f3.<\/p>\n","protected":false},"excerpt":{"rendered":"<p>#informativoelvalledeaguascalientes #novaradioaguascalientes #informativoelvalledeaguascalientesll \u2022 Salud\u00f3 a vecinas y vecinos del centro \u2022 Visit\u00f3 la empresa \u201cBolsas Artesanales de Occidente\u201d \u2022 Adem\u00e1s, hizo recorrido y reuniones vecinales Los Arroyitos y Ruise\u00f1ores En sus recorridos por las calles de Jes\u00fas Mar\u00eda, la candidata por el PAN comparti\u00f3 sus propuestas para reforzar la infraestructura del municipio desde el [&hellip;]<\/p>\n","protected":false},"author":1,"featured_media":55693,"comment_status":"closed","ping_status":"open","sticky":false,"template":"","format":"standard","meta":{"advanced_seo_description":"","jetpack_seo_html_title":"","jetpack_seo_noindex":false,"_jetpack_memberships_contains_paid_content":false,"footnotes":"","jetpack_publicize_message":"","jetpack_publicize_feature_enabled":true,"jetpack_social_post_already_shared":true,"jetpack_social_options":{"image_generator_settings":{"template":"highway","default_image_id":0,"font":"","enabled":false},"version":2}},"categories":[21,762,7],"tags":[22,764,763,665],"class_list":["post-55692","post","type-post","status-publish","format-standard","has-post-thumbnail","hentry","category-aguascalientes","category-elecciones-2024","category-pan-aguascalientes","tag-aguascalientes","tag-elecciones-2024","tag-laura-ponce","tag-pan"],"jetpack_publicize_connections":[],"jetpack_featured_media_url":"https:\/\/i0.wp.com\/informativoelvalledeaguascalientes.online\/wp-content\/uploads\/2024\/04\/WhatsApp-Image-2024-04-27-at-13.17.16-scaled.jpeg?fit=2560%2C1920&ssl=1","jetpack-related-posts":[],"jetpack_sharing_enabled":true,"jetpack_likes_enabled":true,"_links":{"self":[{"href":"https:\/\/informativoelvalledeaguascalientes.online\/index.php?rest_route=\/wp\/v2\/posts\/55692","targetHints":{"allow":["GET"]}}],"collection":[{"href":"https:\/\/informativoelvalledeaguascalientes.online\/index.php?rest_route=\/wp\/v2\/posts"}],"about":[{"href":"https:\/\/informativoelvalledeaguascalientes.online\/index.php?rest_route=\/wp\/v2\/types\/post"}],"author":[{"embeddable":true,"href":"https:\/\/informativoelvalledeaguascalientes.online\/index.php?rest_route=\/wp\/v2\/users\/1"}],"replies":[{"embeddable":true,"href":"https:\/\/informativoelvalledeaguascalientes.online\/index.php?rest_route=%2Fwp%2Fv2%2Fcomments&post=55692"}],"version-history":[{"count":1,"href":"https:\/\/informativoelvalledeaguascalientes.online\/index.php?rest_route=\/wp\/v2\/posts\/55692\/revisions"}],"predecessor-version":[{"id":55694,"href":"https:\/\/informativoelvalledeaguascalientes.online\/index.php?rest_route=\/wp\/v2\/posts\/55692\/revisions\/55694"}],"wp:featuredmedia":[{"embeddable":true,"href":"https:\/\/informativoelvalledeaguascalientes.online\/index.php?rest_route=\/wp\/v2\/media\/55693"}],"wp:attachment":[{"href":"https:\/\/informativoelvalledeaguascalientes.online\/index.php?rest_route=%2Fwp%2Fv2%2Fmedia&parent=55692"}],"wp:term":[{"taxonomy":"category","embeddable":true,"href":"https:\/\/informativoelvalledeaguascalientes.online\/index.php?rest_route=%2Fwp%2Fv2%2Fcategories&post=55692"},{"taxonomy":"post_tag","embeddable":true,"href":"https:\/\/informativoelvalledeaguascalientes.online\/index.php?rest_route=%2Fwp%2Fv2%2Ftags&post=55692"}],"curies":[{"name":"wp","href":"https:\/\/api.w.org\/{rel}","templated":true}]}}