{"id":55673,"date":"2024-04-19T22:25:08","date_gmt":"2024-04-20T04:25:08","guid":{"rendered":"https:\/\/informativoelvalledeaguascalientes.online\/?p=55673"},"modified":"2024-04-25T22:31:20","modified_gmt":"2024-04-26T04:31:20","slug":"laura-ponce-se-reunio-con-presidentes-de-las-mesas-directivas-de-los-condominios-de-jesus-maria","status":"publish","type":"post","link":"https:\/\/informativoelvalledeaguascalientes.online\/?p=55673","title":{"rendered":"Laura Ponce se reuni\u00f3 con presidentes de las mesas directivas de los condominios de Jes\u00fas Mar\u00eda"},"content":{"rendered":"<p>#informativoelvalledeaguascalientes<\/p>\n<p>#novaradioaguascalientes<\/p>\n<p>#informativoelvalledeaguascalientesll<\/p>\n<p>\u2022 Tambi\u00e9n salud\u00f3 a las y los trabajadores de las empresas Suma y Ney<br \/>\n\u2022 Hizo un recorrido por los comercios del centro de Jes\u00fas Mar\u00eda<br \/>\n\u2022 Salud\u00f3 a los automovilistas que circulaban por el crucero de Paseo de los Chicahuales y Alejandro de la Cruz<\/p>\n<p>La candidata a diputada local se reuni\u00f3 con presidentes de las mesas directivas de los condominios de Jes\u00fas Mar\u00eda, con los que platic\u00f3 acerca de su trayectoria y de sus propuestas de campa\u00f1a. \u201cTengo una propuesta para que en cada asamblea vecinal o de colonos, se establezca un contacto directo del municipio para que participe en las reuniones, y as\u00ed se atiendan y resuelvan las necesidades y problem\u00e1ticas que se presenten \u201d, coment\u00f3 Laura Ponce.<\/p>\n<p>Tambi\u00e9n mencion\u00f3 que impulsar\u00e1 el presupuesto participativo, para que la ciudadan\u00eda pueda decidir en qu\u00e9 proyectos se invierte el recurso p\u00fablico.<\/p>\n<p>Antes de esta reuni\u00f3n, junto con C\u00e9sar Medina, inici\u00f3 el quinto d\u00eda de campa\u00f1a visitando las empresas Suma y Ney que se encuentran en Jes\u00fas Mar\u00eda. Escuch\u00f3 a las y los trabajadores y los felicit\u00f3 por el trabajo que realizan a diario. As\u00ed mismo, platic\u00f3 con los due\u00f1os de las empresas por su visi\u00f3n y dedicaci\u00f3n que han puesto en el crecimiento de sus proyectos, que son referentes en el sector empresarial. As\u00ed mismo, recorri\u00f3 negocios de la zona centro, platicando de sus propuestas tal como impulsar el emprendimiento transversal, con el fin de desarrollar sus comercios de forma integral.<\/p>\n<p>En el crucero en la entrada al municipio, salud\u00f3 a los automovilistas entregando sus propuestas, acompa\u00f1ada del entusiasmo del equipo de campa\u00f1a, militantes, simpatizantes y p\u00fablico en general.<\/p>\n<p>&nbsp;<\/p>\n","protected":false},"excerpt":{"rendered":"<p>#informativoelvalledeaguascalientes #novaradioaguascalientes #informativoelvalledeaguascalientesll \u2022 Tambi\u00e9n salud\u00f3 a las y los trabajadores de las empresas Suma y Ney \u2022 Hizo un recorrido por los comercios del centro de Jes\u00fas Mar\u00eda \u2022 Salud\u00f3 a los automovilistas que circulaban por el crucero de Paseo de los Chicahuales y Alejandro de la Cruz La candidata a diputada local se [&hellip;]<\/p>\n","protected":false},"author":1,"featured_media":55674,"comment_status":"closed","ping_status":"open","sticky":false,"template":"","format":"standard","meta":{"advanced_seo_description":"","jetpack_seo_html_title":"","jetpack_seo_noindex":false,"_jetpack_memberships_contains_paid_content":false,"footnotes":"","jetpack_publicize_message":"","jetpack_publicize_feature_enabled":true,"jetpack_social_post_already_shared":true,"jetpack_social_options":{"image_generator_settings":{"template":"highway","default_image_id":0,"font":"","enabled":false},"version":2}},"categories":[21,762,7],"tags":[22,764,763],"class_list":["post-55673","post","type-post","status-publish","format-standard","has-post-thumbnail","hentry","category-aguascalientes","category-elecciones-2024","category-pan-aguascalientes","tag-aguascalientes","tag-elecciones-2024","tag-laura-ponce"],"jetpack_publicize_connections":[],"jetpack_featured_media_url":"https:\/\/i0.wp.com\/informativoelvalledeaguascalientes.online\/wp-content\/uploads\/2024\/04\/WhatsApp-Image-2024-04-25-at-22.24.11-scaled.jpeg?fit=2560%2C1920&ssl=1","jetpack-related-posts":[],"jetpack_sharing_enabled":true,"jetpack_likes_enabled":true,"_links":{"self":[{"href":"https:\/\/informativoelvalledeaguascalientes.online\/index.php?rest_route=\/wp\/v2\/posts\/55673","targetHints":{"allow":["GET"]}}],"collection":[{"href":"https:\/\/informativoelvalledeaguascalientes.online\/index.php?rest_route=\/wp\/v2\/posts"}],"about":[{"href":"https:\/\/informativoelvalledeaguascalientes.online\/index.php?rest_route=\/wp\/v2\/types\/post"}],"author":[{"embeddable":true,"href":"https:\/\/informativoelvalledeaguascalientes.online\/index.php?rest_route=\/wp\/v2\/users\/1"}],"replies":[{"embeddable":true,"href":"https:\/\/informativoelvalledeaguascalientes.online\/index.php?rest_route=%2Fwp%2Fv2%2Fcomments&post=55673"}],"version-history":[{"count":1,"href":"https:\/\/informativoelvalledeaguascalientes.online\/index.php?rest_route=\/wp\/v2\/posts\/55673\/revisions"}],"predecessor-version":[{"id":55675,"href":"https:\/\/informativoelvalledeaguascalientes.online\/index.php?rest_route=\/wp\/v2\/posts\/55673\/revisions\/55675"}],"wp:featuredmedia":[{"embeddable":true,"href":"https:\/\/informativoelvalledeaguascalientes.online\/index.php?rest_route=\/wp\/v2\/media\/55674"}],"wp:attachment":[{"href":"https:\/\/informativoelvalledeaguascalientes.online\/index.php?rest_route=%2Fwp%2Fv2%2Fmedia&parent=55673"}],"wp:term":[{"taxonomy":"category","embeddable":true,"href":"https:\/\/informativoelvalledeaguascalientes.online\/index.php?rest_route=%2Fwp%2Fv2%2Fcategories&post=55673"},{"taxonomy":"post_tag","embeddable":true,"href":"https:\/\/informativoelvalledeaguascalientes.online\/index.php?rest_route=%2Fwp%2Fv2%2Ftags&post=55673"}],"curies":[{"name":"wp","href":"https:\/\/api.w.org\/{rel}","templated":true}]}}