{"id":55669,"date":"2024-04-25T16:18:11","date_gmt":"2024-04-25T22:18:11","guid":{"rendered":"https:\/\/informativoelvalledeaguascalientes.online\/?p=55669"},"modified":"2024-04-25T16:18:11","modified_gmt":"2024-04-25T22:18:11","slug":"dif-estatal-ofrece-servicios-de-terapia-y-rehabilitacion-fisica-a-bajo-costo","status":"publish","type":"post","link":"https:\/\/informativoelvalledeaguascalientes.online\/?p=55669","title":{"rendered":"DIF ESTATAL OFRECE SERVICIOS DE TERAPIA Y REHABILITACI\u00d3N F\u00cdSICA A BAJO COSTO"},"content":{"rendered":"<p>#informativoelvalledeaguascalientes<\/p>\n<p>#novaradioaguascalientes<\/p>\n<p>#informativoelvalledeaguascalientesll<\/p>\n<p>#ElGiganteDeMexico<\/p>\n<div class=\"siSdJK4 comp-l7sh9ubx\" data-hook=\"ricosviewer-wrapper\">\n<div class=\"U4I07\" dir=\"ltr\" data-id=\"content-viewer\">\n<div class=\"hl-xW\">\n<div>\n<p id=\"viewer-1t1wp162\" class=\"-Zro6 -ZADH vVfzz AnCKd _57WYp\"><span class=\"d0767 vVfzz\">El Sistema Estatal para el Desarrollo Integral de la Familia (DIF) pone a disposici\u00f3n de la poblaci\u00f3n el servicio de terapia y rehabilitaci\u00f3n f\u00edsica, con el fin de facilitar la recuperaci\u00f3n de aquellas personas que por alguna circunstancia requieren de este servicio.<\/span><\/p>\n<div id=\"viewer-0r9ka164\" class=\"-Zro6 -ZADH vVfzz _57WYp\"><span class=\"d0767 vVfzz\">\u00a0<\/span><\/div>\n<p id=\"viewer-9fqk3165\" class=\"-Zro6 -ZADH vVfzz AnCKd _57WYp\"><span class=\"d0767 vVfzz\">Las sesiones se ofrecen a un costo accesible y est\u00e1n a cargo de profesionales capacitados y certificados en diversas \u00e1reas de la salud, ya que la instituci\u00f3n est\u00e1 comprometida en brindar servicios de calidad a quienes necesiten alg\u00fan tratamiento, ya sea por accidente, cirug\u00eda o enfermedad.<\/span><\/p>\n<div id=\"viewer-a75l9167\" class=\"-Zro6 -ZADH vVfzz _57WYp\"><span class=\"d0767 vVfzz\">\u00a0<\/span><\/div>\n<p id=\"viewer-j088l168\" class=\"-Zro6 -ZADH vVfzz AnCKd _57WYp\"><span class=\"d0767 vVfzz\">A trav\u00e9s de este programa se brinda apoyo a personas de todas las edades; las y los interesados pueden acceder a diferentes servicios, como cl\u00ednica de la columna; terapia ocupacional, pedi\u00e1trica, pulmonar y de lenguaje; tanque terap\u00e9utico; tecnolog\u00eda adaptada; terapia f\u00edsica para adultos y unidad de neurolog\u00eda, entre otros.<\/span><\/p>\n<div id=\"viewer-76rhb170\" class=\"-Zro6 -ZADH vVfzz _57WYp\"><span class=\"d0767 vVfzz\">\u00a0<\/span><\/div>\n<p id=\"viewer-iwsjt171\" class=\"-Zro6 -ZADH vVfzz AnCKd _57WYp\"><span class=\"d0767 vVfzz\">Cada una de estas \u00e1reas cuenta con atenci\u00f3n especializada, ultrasonido, mecanoterapia, compresas, electroterapia, patio de entrenamiento y equipo tecnol\u00f3gico.<\/span><\/p>\n<div id=\"viewer-pe07e173\" class=\"-Zro6 -ZADH vVfzz _57WYp\"><span class=\"d0767 vVfzz\">\u00a0<\/span><\/div>\n<p id=\"viewer-4dz1e174\" class=\"-Zro6 -ZADH vVfzz AnCKd _57WYp\"><span class=\"d0767 vVfzz\">Para acceder al servicio de terapia y rehabilitaci\u00f3n, las y los interesados deben acudir a la Direcci\u00f3n de Servicios M\u00e9dicos del DIF Estatal, ubicada en Av. Mahatma Gandhi esquina con Rep\u00fablica de Paraguay s\/n, fracc. Agricultura, de lunes a viernes, en un horario de 8:00 a 20:00 horas; o bien, llamar al 449 910 25 85, extensi\u00f3n 6591.<\/span><\/p>\n<div id=\"viewer-pk1zz176\" class=\"-Zro6 -ZADH IjV6v _57WYp\"><\/div>\n<\/div>\n<\/div>\n<\/div>\n<\/div>\n","protected":false},"excerpt":{"rendered":"<p>#informativoelvalledeaguascalientes #novaradioaguascalientes #informativoelvalledeaguascalientesll #ElGiganteDeMexico El Sistema Estatal para el Desarrollo Integral de la Familia (DIF) pone a disposici\u00f3n de la poblaci\u00f3n el servicio de terapia y rehabilitaci\u00f3n f\u00edsica, con el fin de facilitar la recuperaci\u00f3n de aquellas personas que por alguna circunstancia requieren de este servicio. \u00a0 Las sesiones se ofrecen a un costo accesible [&hellip;]<\/p>\n","protected":false},"author":1,"featured_media":55670,"comment_status":"closed","ping_status":"open","sticky":false,"template":"","format":"standard","meta":{"advanced_seo_description":"","jetpack_seo_html_title":"","jetpack_seo_noindex":false,"_jetpack_memberships_contains_paid_content":false,"footnotes":"","jetpack_publicize_message":"","jetpack_publicize_feature_enabled":true,"jetpack_social_post_already_shared":true,"jetpack_social_options":{"image_generator_settings":{"template":"highway","default_image_id":0,"font":"","enabled":false},"version":2}},"categories":[21,4],"tags":[22,615],"class_list":["post-55669","post","type-post","status-publish","format-standard","has-post-thumbnail","hentry","category-aguascalientes","category-gobierno-del-estado-aguascalientes","tag-aguascalientes","tag-gobierno-del-estado-de-aguascalientes"],"jetpack_publicize_connections":[],"jetpack_featured_media_url":"https:\/\/i0.wp.com\/informativoelvalledeaguascalientes.online\/wp-content\/uploads\/2024\/04\/Taller-Uso-Silla-Ruedas-74641-scaled.jpg?fit=2560%2C1707&ssl=1","jetpack-related-posts":[],"jetpack_sharing_enabled":true,"jetpack_likes_enabled":true,"_links":{"self":[{"href":"https:\/\/informativoelvalledeaguascalientes.online\/index.php?rest_route=\/wp\/v2\/posts\/55669","targetHints":{"allow":["GET"]}}],"collection":[{"href":"https:\/\/informativoelvalledeaguascalientes.online\/index.php?rest_route=\/wp\/v2\/posts"}],"about":[{"href":"https:\/\/informativoelvalledeaguascalientes.online\/index.php?rest_route=\/wp\/v2\/types\/post"}],"author":[{"embeddable":true,"href":"https:\/\/informativoelvalledeaguascalientes.online\/index.php?rest_route=\/wp\/v2\/users\/1"}],"replies":[{"embeddable":true,"href":"https:\/\/informativoelvalledeaguascalientes.online\/index.php?rest_route=%2Fwp%2Fv2%2Fcomments&post=55669"}],"version-history":[{"count":1,"href":"https:\/\/informativoelvalledeaguascalientes.online\/index.php?rest_route=\/wp\/v2\/posts\/55669\/revisions"}],"predecessor-version":[{"id":55671,"href":"https:\/\/informativoelvalledeaguascalientes.online\/index.php?rest_route=\/wp\/v2\/posts\/55669\/revisions\/55671"}],"wp:featuredmedia":[{"embeddable":true,"href":"https:\/\/informativoelvalledeaguascalientes.online\/index.php?rest_route=\/wp\/v2\/media\/55670"}],"wp:attachment":[{"href":"https:\/\/informativoelvalledeaguascalientes.online\/index.php?rest_route=%2Fwp%2Fv2%2Fmedia&parent=55669"}],"wp:term":[{"taxonomy":"category","embeddable":true,"href":"https:\/\/informativoelvalledeaguascalientes.online\/index.php?rest_route=%2Fwp%2Fv2%2Fcategories&post=55669"},{"taxonomy":"post_tag","embeddable":true,"href":"https:\/\/informativoelvalledeaguascalientes.online\/index.php?rest_route=%2Fwp%2Fv2%2Ftags&post=55669"}],"curies":[{"name":"wp","href":"https:\/\/api.w.org\/{rel}","templated":true}]}}