{"id":55648,"date":"2024-04-24T15:51:20","date_gmt":"2024-04-24T21:51:20","guid":{"rendered":"https:\/\/informativoelvalledeaguascalientes.online\/?p=55648"},"modified":"2024-04-24T15:51:20","modified_gmt":"2024-04-24T21:51:20","slug":"modificaciones-en-rutas-de-camiones-urbanos-la-manana-de-este-25-de-abril","status":"publish","type":"post","link":"https:\/\/informativoelvalledeaguascalientes.online\/?p=55648","title":{"rendered":"MODIFICACIONES EN RUTAS DE CAMIONES URBANOS LA MA\u00d1ANA DE ESTE 25 DE ABRIL"},"content":{"rendered":"<p>#informativoelvalledeaguascalientes<\/p>\n<p>#novaradioaguascalientes<\/p>\n<p>#informativoelvalledeaguascalientesll<\/p>\n<p>#ElGiganteDeMexico<\/p>\n<div class=\"siSdJK4 comp-l7sh9ubx\" data-hook=\"ricosviewer-wrapper\">\n<div class=\"U4I07\" dir=\"ltr\" data-id=\"content-viewer\">\n<div class=\"hl-xW\">\n<div>\n<p id=\"viewer-6xa3n116\" class=\"-Zro6 -ZADH vVfzz AnCKd _57WYp\"><span class=\"d0767 vVfzz\">El Gobierno del Estado informa que con motivo de los cierres viales que habr\u00e1 la ma\u00f1ana de este jueves 25 de abril por el Desfile de Primavera, 31 rutas de camiones urbanos tendr\u00e1n modificaciones de manera temporal.<\/span><\/p>\n<div id=\"viewer-o4q92118\" class=\"-Zro6 -ZADH IjV6v _57WYp\"><span class=\"d0767\">\u00a0<\/span><\/div>\n<p id=\"viewer-hff9e119\" class=\"-Zro6 -ZADH vVfzz AnCKd _57WYp\"><span class=\"d0767 vVfzz\">Las rutas que s\u00ed brindar\u00e1n el servicio a la poblaci\u00f3n, pero que no circular\u00e1n temporalmente por las calles de la Zona Centro, son la 1, 2, 3, 4, 5, 6, 7, 9, 10, 11, 12, 16, 18, 19, 23, 24, 25, 27, 28, 29, 34, 36, 37, 38, 39, 41, 41A, 43, 46, 47 y 48.<\/span><\/p>\n<div id=\"viewer-b3fl9121\" class=\"-Zro6 -ZADH IjV6v _57WYp\"><span class=\"d0767\">\u00a0<\/span><\/div>\n<p id=\"viewer-1n7ru122\" class=\"-Zro6 -ZADH vVfzz AnCKd _57WYp\"><span class=\"d0767 vVfzz\">Los cierres viales que anunci\u00f3 la Secretar\u00eda de Seguridad P\u00fablica Municipal est\u00e1n programados entre las 9:00 y las 12:30 horas, por lo que se estima que ser\u00e1 ese lapso en el que los camiones urbanos no transiten por la Zona Centro de la ciudad; fuera de ese horario, las rutas brindar\u00e1n el servicio de transporte con normalidad.<\/span><\/p>\n<div id=\"viewer-vkce9124\" class=\"-Zro6 -ZADH IjV6v _57WYp\"><span class=\"d0767\">\u00a0<\/span><\/div>\n<p id=\"viewer-av5un125\" class=\"-Zro6 -ZADH vVfzz AnCKd _57WYp\"><span class=\"d0767 vVfzz\">La Coordinaci\u00f3n General de Movilidad (CMOV) precis\u00f3 que el resto de las rutas del sistema de transporte colectivo brindar\u00e1n el servicio de manera ordinaria.<\/span><\/p>\n<\/div>\n<\/div>\n<\/div>\n<\/div>\n","protected":false},"excerpt":{"rendered":"<p>#informativoelvalledeaguascalientes #novaradioaguascalientes #informativoelvalledeaguascalientesll #ElGiganteDeMexico El Gobierno del Estado informa que con motivo de los cierres viales que habr\u00e1 la ma\u00f1ana de este jueves 25 de abril por el Desfile de Primavera, 31 rutas de camiones urbanos tendr\u00e1n modificaciones de manera temporal. \u00a0 Las rutas que s\u00ed brindar\u00e1n el servicio a la poblaci\u00f3n, pero que no [&hellip;]<\/p>\n","protected":false},"author":1,"featured_media":55649,"comment_status":"closed","ping_status":"open","sticky":false,"template":"","format":"standard","meta":{"advanced_seo_description":"","jetpack_seo_html_title":"","jetpack_seo_noindex":false,"_jetpack_memberships_contains_paid_content":false,"footnotes":"","jetpack_publicize_message":"","jetpack_publicize_feature_enabled":true,"jetpack_social_post_already_shared":true,"jetpack_social_options":{"image_generator_settings":{"template":"highway","default_image_id":0,"font":"","enabled":false},"version":2}},"categories":[21,4],"tags":[22,615],"class_list":["post-55648","post","type-post","status-publish","format-standard","has-post-thumbnail","hentry","category-aguascalientes","category-gobierno-del-estado-aguascalientes","tag-aguascalientes","tag-gobierno-del-estado-de-aguascalientes"],"jetpack_publicize_connections":[],"jetpack_featured_media_url":"https:\/\/i0.wp.com\/informativoelvalledeaguascalientes.online\/wp-content\/uploads\/2024\/04\/WhatsApp-Image-2024-04-24-at-12.04.29-PM-1.jpeg?fit=1600%2C994&ssl=1","jetpack-related-posts":[],"jetpack_sharing_enabled":true,"jetpack_likes_enabled":true,"_links":{"self":[{"href":"https:\/\/informativoelvalledeaguascalientes.online\/index.php?rest_route=\/wp\/v2\/posts\/55648","targetHints":{"allow":["GET"]}}],"collection":[{"href":"https:\/\/informativoelvalledeaguascalientes.online\/index.php?rest_route=\/wp\/v2\/posts"}],"about":[{"href":"https:\/\/informativoelvalledeaguascalientes.online\/index.php?rest_route=\/wp\/v2\/types\/post"}],"author":[{"embeddable":true,"href":"https:\/\/informativoelvalledeaguascalientes.online\/index.php?rest_route=\/wp\/v2\/users\/1"}],"replies":[{"embeddable":true,"href":"https:\/\/informativoelvalledeaguascalientes.online\/index.php?rest_route=%2Fwp%2Fv2%2Fcomments&post=55648"}],"version-history":[{"count":1,"href":"https:\/\/informativoelvalledeaguascalientes.online\/index.php?rest_route=\/wp\/v2\/posts\/55648\/revisions"}],"predecessor-version":[{"id":55650,"href":"https:\/\/informativoelvalledeaguascalientes.online\/index.php?rest_route=\/wp\/v2\/posts\/55648\/revisions\/55650"}],"wp:featuredmedia":[{"embeddable":true,"href":"https:\/\/informativoelvalledeaguascalientes.online\/index.php?rest_route=\/wp\/v2\/media\/55649"}],"wp:attachment":[{"href":"https:\/\/informativoelvalledeaguascalientes.online\/index.php?rest_route=%2Fwp%2Fv2%2Fmedia&parent=55648"}],"wp:term":[{"taxonomy":"category","embeddable":true,"href":"https:\/\/informativoelvalledeaguascalientes.online\/index.php?rest_route=%2Fwp%2Fv2%2Fcategories&post=55648"},{"taxonomy":"post_tag","embeddable":true,"href":"https:\/\/informativoelvalledeaguascalientes.online\/index.php?rest_route=%2Fwp%2Fv2%2Ftags&post=55648"}],"curies":[{"name":"wp","href":"https:\/\/api.w.org\/{rel}","templated":true}]}}