{"id":55583,"date":"2024-04-23T22:41:02","date_gmt":"2024-04-24T04:41:02","guid":{"rendered":"https:\/\/informativoelvalledeaguascalientes.online\/?p=55583"},"modified":"2024-04-23T22:41:02","modified_gmt":"2024-04-24T04:41:02","slug":"encabeza-tere-jimenez-inicio-de-operaciones-de-rastro-tif-el-primero-en-su-tipo-en-el-estado","status":"publish","type":"post","link":"https:\/\/informativoelvalledeaguascalientes.online\/?p=55583","title":{"rendered":"ENCABEZA TERE JIM\u00c9NEZ INICIO DE OPERACIONES DE RASTRO TIF, EL PRIMERO EN SU TIPO EN EL ESTADO"},"content":{"rendered":"<p>#informativoelvalledeaguascalientes<\/p>\n<p>#novaradioaguascalientes<\/p>\n<p>#informativoelvalledeaguascalientesll<\/p>\n<p>#ElGiganteDeMexico<\/p>\n<div class=\"siSdJK4 comp-l7sh9ubx\" data-hook=\"ricosviewer-wrapper\">\n<div class=\"U4I07\" dir=\"ltr\" data-id=\"content-viewer\">\n<div class=\"hl-xW\">\n<div>\n<ul class=\"xErDo AnCKd\">\n<li class=\"_04hd2 vVfzz\" dir=\"auto\">\n<div>\n<p id=\"viewer-yq5vl198\" class=\"-Zro6 -ZADH vVfzz AnCKd _57WYp\"><span class=\"d0767 vVfzz\"><strong><em>Inaugura la gobernadora planta de tratamiento, con lo que iniciaron las operaciones de este lugar<\/em><\/strong><\/span><\/p>\n<\/div>\n<\/li>\n<\/ul>\n<ul class=\"xErDo AnCKd\">\n<li class=\"_04hd2 vVfzz\" dir=\"auto\">\n<div>\n<p id=\"viewer-so9os201\" class=\"-Zro6 -ZADH vVfzz AnCKd _57WYp\"><span class=\"d0767 vVfzz\"><strong><em>El proyecto permitir\u00e1 que las familias del estado tengan acceso a alimentos de mejor calidad<\/em><\/strong><\/span><\/p>\n<\/div>\n<\/li>\n<li class=\"_04hd2 vVfzz\" dir=\"auto\">\n<div>\n<p id=\"viewer-jmsdh204\" class=\"-Zro6 -ZADH vVfzz AnCKd _57WYp\"><span class=\"d0767 vVfzz\"><strong><em>El rastro ser\u00e1 sustentable al reutilizar el agua en el riego de pastizales que sirven para alimentar al ganado<\/em><\/strong><\/span><\/p>\n<\/div>\n<\/li>\n<\/ul>\n<div id=\"viewer-all83206\" class=\"-Zro6 -ZADH IjV6v _57WYp\"><span class=\"d0767\">\u00a0<\/span><\/div>\n<div id=\"viewer-8ip25207\" class=\"-Zro6 -ZADH IjV6v _57WYp\"><span class=\"d0767\">\u00a0<\/span><\/div>\n<p id=\"viewer-zkhhi208\" class=\"-Zro6 -ZADH vVfzz AnCKd _57WYp\"><span class=\"d0767 vVfzz\">Con la inauguraci\u00f3n de la planta de tratamiento de aguas residuales por parte de la gobernadora de Aguascalientes, Tere Jim\u00e9nez, inici\u00f3 operaciones el Rastro Tipo Inspecci\u00f3n Federal (TIF), proyecto de gran relevancia para la ganader\u00eda del estado y el primero en su tipo en el estado.<\/span><\/p>\n<div id=\"viewer-z51ht210\" class=\"-Zro6 -ZADH IjV6v _57WYp\"><span class=\"d0767\">\u00a0<\/span><\/div>\n<p id=\"viewer-4lbw6211\" class=\"-Zro6 -ZADH vVfzz AnCKd _57WYp\"><span class=\"d0767 vVfzz\">La gobernadora se\u00f1al\u00f3 que esta es una importante obra para Aguascalientes, pues al contar con un rastro certificado los ciudadanos tendr\u00e1n acceso a una mejor alimentaci\u00f3n\u00a0 y los productores podr\u00e1n exportar sus productos, lo que permitir\u00e1 darle m\u00e1s valor agregado a la actividad pecuaria en la entidad.<\/span><\/p>\n<div id=\"viewer-uqoas213\" class=\"-Zro6 -ZADH IjV6v _57WYp\"><span class=\"d0767\">\u00a0<\/span><\/div>\n<p id=\"viewer-qdqjw214\" class=\"-Zro6 -ZADH vVfzz AnCKd _57WYp\"><span class=\"d0767 vVfzz\">Reconoci\u00f3 que el inicio de operaciones del Rastro TIF represent\u00f3 mucho esfuerzo para los ganaderos, pues tardaron 20 a\u00f1os en consolidar este sue\u00f1o, por lo que contar\u00e1n con el apoyo de las autoridades; \u201cno est\u00e1n solos, los vamos a acompa\u00f1ar; yo lo \u00fanico que les pido es que podamos seguir avanzando, persistir y nunca desistir; ustedes hacen el alimento que consumen las familias, con su trabajo, esfuerzo y ese amor que le tienen al campo\u201d, se\u00f1al\u00f3 Tere Jim\u00e9nez.<\/span><\/p>\n<div id=\"viewer-j3wg0216\" class=\"-Zro6 -ZADH IjV6v _57WYp\"><span class=\"d0767\">\u00a0<\/span><\/div>\n<p id=\"viewer-ojqww217\" class=\"-Zro6 -ZADH vVfzz AnCKd _57WYp\"><span class=\"d0767 vVfzz\">El nuevo rastro tiene la capacidad para procesar 200 animales al d\u00eda; mientras que la planta tratadora puede limpiar 370 metros c\u00fabicos de agua en un periodo de 24 horas; los recursos h\u00eddricos que genere dicha infraestructura se reutilizar\u00e1n en el riego de pastizales, que a su vez servir\u00e1n para alimentar al ganado.<\/span><\/p>\n<div id=\"viewer-mnc3m219\" class=\"-Zro6 -ZADH IjV6v _57WYp\"><span class=\"d0767\">\u00a0<\/span><\/div>\n<p id=\"viewer-uwsiv220\" class=\"-Zro6 -ZADH vVfzz AnCKd _57WYp\"><span class=\"d0767 vVfzz\">Jos\u00e9 de Jes\u00fas Guzm\u00e1n, presidente de la Uni\u00f3n Ganadera Regional General Hidroc\u00e1lida (UGRGH), detall\u00f3 que el rastro es p\u00fablico, por lo que podr\u00e1n utilizarlo todos los ganaderos de la regi\u00f3n, aunque la operaci\u00f3n del mismo corresponde a la asociaci\u00f3n que representa; esto, indic\u00f3, tambi\u00e9n permitir\u00e1 desahogar la saturaci\u00f3n de los rastros municipales del estado.<\/span><\/p>\n<\/div>\n<\/div>\n<\/div>\n<\/div>\n","protected":false},"excerpt":{"rendered":"<p>#informativoelvalledeaguascalientes #novaradioaguascalientes #informativoelvalledeaguascalientesll #ElGiganteDeMexico Inaugura la gobernadora planta de tratamiento, con lo que iniciaron las operaciones de este lugar El proyecto permitir\u00e1 que las familias del estado tengan acceso a alimentos de mejor calidad El rastro ser\u00e1 sustentable al reutilizar el agua en el riego de pastizales que sirven para alimentar al ganado \u00a0 \u00a0 [&hellip;]<\/p>\n","protected":false},"author":1,"featured_media":55584,"comment_status":"closed","ping_status":"open","sticky":false,"template":"","format":"standard","meta":{"advanced_seo_description":"","jetpack_seo_html_title":"","jetpack_seo_noindex":false,"_jetpack_memberships_contains_paid_content":false,"footnotes":"","jetpack_publicize_message":"","jetpack_publicize_feature_enabled":true,"jetpack_social_post_already_shared":true,"jetpack_social_options":{"image_generator_settings":{"template":"highway","default_image_id":0,"font":"","enabled":false},"version":2}},"categories":[21,4],"tags":[22,615,320],"class_list":["post-55583","post","type-post","status-publish","format-standard","has-post-thumbnail","hentry","category-aguascalientes","category-gobierno-del-estado-aguascalientes","tag-aguascalientes","tag-gobierno-del-estado-de-aguascalientes","tag-tere-jimenez"],"jetpack_publicize_connections":[],"jetpack_featured_media_url":"https:\/\/i0.wp.com\/informativoelvalledeaguascalientes.online\/wp-content\/uploads\/2024\/04\/440101871_990101495806386_5577394547523603584_n.jpeg?fit=1440%2C960&ssl=1","jetpack-related-posts":[],"jetpack_sharing_enabled":true,"jetpack_likes_enabled":true,"_links":{"self":[{"href":"https:\/\/informativoelvalledeaguascalientes.online\/index.php?rest_route=\/wp\/v2\/posts\/55583","targetHints":{"allow":["GET"]}}],"collection":[{"href":"https:\/\/informativoelvalledeaguascalientes.online\/index.php?rest_route=\/wp\/v2\/posts"}],"about":[{"href":"https:\/\/informativoelvalledeaguascalientes.online\/index.php?rest_route=\/wp\/v2\/types\/post"}],"author":[{"embeddable":true,"href":"https:\/\/informativoelvalledeaguascalientes.online\/index.php?rest_route=\/wp\/v2\/users\/1"}],"replies":[{"embeddable":true,"href":"https:\/\/informativoelvalledeaguascalientes.online\/index.php?rest_route=%2Fwp%2Fv2%2Fcomments&post=55583"}],"version-history":[{"count":1,"href":"https:\/\/informativoelvalledeaguascalientes.online\/index.php?rest_route=\/wp\/v2\/posts\/55583\/revisions"}],"predecessor-version":[{"id":55585,"href":"https:\/\/informativoelvalledeaguascalientes.online\/index.php?rest_route=\/wp\/v2\/posts\/55583\/revisions\/55585"}],"wp:featuredmedia":[{"embeddable":true,"href":"https:\/\/informativoelvalledeaguascalientes.online\/index.php?rest_route=\/wp\/v2\/media\/55584"}],"wp:attachment":[{"href":"https:\/\/informativoelvalledeaguascalientes.online\/index.php?rest_route=%2Fwp%2Fv2%2Fmedia&parent=55583"}],"wp:term":[{"taxonomy":"category","embeddable":true,"href":"https:\/\/informativoelvalledeaguascalientes.online\/index.php?rest_route=%2Fwp%2Fv2%2Fcategories&post=55583"},{"taxonomy":"post_tag","embeddable":true,"href":"https:\/\/informativoelvalledeaguascalientes.online\/index.php?rest_route=%2Fwp%2Fv2%2Ftags&post=55583"}],"curies":[{"name":"wp","href":"https:\/\/api.w.org\/{rel}","templated":true}]}}