{"id":55580,"date":"2024-04-23T22:38:00","date_gmt":"2024-04-24T04:38:00","guid":{"rendered":"https:\/\/informativoelvalledeaguascalientes.online\/?p=55580"},"modified":"2024-04-23T22:38:00","modified_gmt":"2024-04-24T04:38:00","slug":"en-aguascalientes-fortalecemos-la-educacion-para-que-nuestros-ninos-y-jovenes-alcancen-su-maximo-potencial-tere-jimenez","status":"publish","type":"post","link":"https:\/\/informativoelvalledeaguascalientes.online\/?p=55580","title":{"rendered":"EN AGUASCALIENTES FORTALECEMOS LA EDUCACI\u00d3N PARA QUE NUESTROS NI\u00d1OS Y J\u00d3VENES ALCANCEN SU M\u00c1XIMO POTENCIAL: TERE JIM\u00c9NEZ"},"content":{"rendered":"<p>#informativoelvalledeaguascalientes<\/p>\n<p>#novaradioaguascalientes<\/p>\n<p>#informativoelvalledeaguascalientesll<\/p>\n<p>#ElGiganteDeMexico<\/p>\n<div class=\"siSdJK4 comp-l7sh9ubx\" data-hook=\"ricosviewer-wrapper\">\n<div class=\"U4I07\" dir=\"ltr\" data-id=\"content-viewer\">\n<div class=\"hl-xW\">\n<div>\n<p id=\"viewer-foo\" class=\"-Zro6 -ZADH vVfzz AnCKd _57WYp\"><span class=\"d0767 vVfzz\">El Instituto de Educaci\u00f3n de Aguascalientes (IEA) present\u00f3 ante la gobernadora Tere Jim\u00e9nez los resultados del diagn\u00f3stico que se realiz\u00f3 sobre la situaci\u00f3n que guarda la educaci\u00f3n en Aguascalientes,\u00a0tras los efectos pospandemia que generaron retos importantes en materia de educaci\u00f3n.<\/span><\/p>\n<div id=\"viewer-a6f7t140\" class=\"-Zro6 -ZADH vVfzz _57WYp\"><span class=\"d0767 vVfzz\">\u00a0<\/span><\/div>\n<p id=\"viewer-7acxx141\" class=\"-Zro6 -ZADH vVfzz AnCKd _57WYp\"><span class=\"d0767 vVfzz\">El an\u00e1lisis da a conocer una notable recuperaci\u00f3n del aprendizaje en los rubros de educaci\u00f3n b\u00e1sica y media superior, con algunos desaf\u00edos a vencer, por lo que se seguir\u00e1n fortaleciendo las estrategias para mejorar la educaci\u00f3n en el estado.<\/span><\/p>\n<div id=\"viewer-ueess143\" class=\"-Zro6 -ZADH vVfzz _57WYp\"><span class=\"d0767 vVfzz\">\u00a0<\/span><\/div>\n<p id=\"viewer-c4f86144\" class=\"-Zro6 -ZADH vVfzz AnCKd _57WYp\"><span class=\"d0767 vVfzz\">La gobernadora Tere Jim\u00e9nez destac\u00f3 la importancia que la educaci\u00f3n tiene en el desarrollo de la sociedad, pues es la llave para que cada estudiante llegue hasta donde se lo proponga; de ah\u00ed que se continuar\u00e1 con el impulso de pol\u00edticas p\u00fablicas para generar mejoras en el \u00e1mbito educativo.<\/span><\/p>\n<div id=\"viewer-3kgen146\" class=\"-Zro6 -ZADH vVfzz _57WYp\"><span class=\"d0767 vVfzz\">\u00a0<\/span><\/div>\n<p id=\"viewer-bw3dn147\" class=\"-Zro6 -ZADH vVfzz AnCKd _57WYp\"><span class=\"d0767 vVfzz\">\u201cLa educaci\u00f3n es la mejor herencia que podemos dejarle a las y los j\u00f3venes, con eso pueden llegar hasta donde quieran. Nos vamos a asegurar de que tengan acceso a la educaci\u00f3n sin importar d\u00f3nde se encuentren; se necesita dar dignidad al tema educativo, dar esa herramienta para competir con las primeras potencias mundiales y nos vamos a asegurar de que cada ni\u00f1o, cada joven, tenga acceso a una educaci\u00f3n de calidad que les permita alcanzar su m\u00e1ximo potencial\u201d, subray\u00f3 la gobernadora.\u00a0<\/span><\/p>\n<div id=\"viewer-wl0em149\" class=\"-Zro6 -ZADH vVfzz _57WYp\"><span class=\"d0767 vVfzz\">\u00a0<\/span><\/div>\n<p id=\"viewer-8wlj5150\" class=\"-Zro6 -ZADH vVfzz AnCKd _57WYp\"><span class=\"d0767 vVfzz\">Luis Enrique Guti\u00e9rrez, titular del IEA, coment\u00f3 que esta informaci\u00f3n sobre la situaci\u00f3n que vive la educaci\u00f3n en el estado y el progreso que se tiene desde el inicio de la administraci\u00f3n que encabeza la gobernadora Tere Jim\u00e9nez, permiten detectar \u00e1reas de oportunidad y contar con un diagn\u00f3stico para actuar con mayor precisi\u00f3n en los rubros que requieren m\u00e1s atenci\u00f3n, y as\u00ed avanzar con rapidez en el proceso de recuperaci\u00f3n.<\/span><\/p>\n<\/div>\n<\/div>\n<\/div>\n<\/div>\n","protected":false},"excerpt":{"rendered":"<p>#informativoelvalledeaguascalientes #novaradioaguascalientes #informativoelvalledeaguascalientesll #ElGiganteDeMexico El Instituto de Educaci\u00f3n de Aguascalientes (IEA) present\u00f3 ante la gobernadora Tere Jim\u00e9nez los resultados del diagn\u00f3stico que se realiz\u00f3 sobre la situaci\u00f3n que guarda la educaci\u00f3n en Aguascalientes,\u00a0tras los efectos pospandemia que generaron retos importantes en materia de educaci\u00f3n. \u00a0 El an\u00e1lisis da a conocer una notable recuperaci\u00f3n del aprendizaje [&hellip;]<\/p>\n","protected":false},"author":1,"featured_media":55581,"comment_status":"closed","ping_status":"open","sticky":false,"template":"","format":"standard","meta":{"advanced_seo_description":"","jetpack_seo_html_title":"","jetpack_seo_noindex":false,"_jetpack_memberships_contains_paid_content":false,"footnotes":"","jetpack_publicize_message":"","jetpack_publicize_feature_enabled":true,"jetpack_social_post_already_shared":true,"jetpack_social_options":{"image_generator_settings":{"template":"highway","default_image_id":0,"font":"","enabled":false},"version":2}},"categories":[21,4],"tags":[22,615],"class_list":["post-55580","post","type-post","status-publish","format-standard","has-post-thumbnail","hentry","category-aguascalientes","category-gobierno-del-estado-aguascalientes","tag-aguascalientes","tag-gobierno-del-estado-de-aguascalientes"],"jetpack_publicize_connections":[],"jetpack_featured_media_url":"https:\/\/i0.wp.com\/informativoelvalledeaguascalientes.online\/wp-content\/uploads\/2024\/04\/WhatsApp-Image-2024-04-23-at-1.44.43-PM.jpeg?fit=1600%2C1066&ssl=1","jetpack-related-posts":[],"jetpack_sharing_enabled":true,"jetpack_likes_enabled":true,"_links":{"self":[{"href":"https:\/\/informativoelvalledeaguascalientes.online\/index.php?rest_route=\/wp\/v2\/posts\/55580","targetHints":{"allow":["GET"]}}],"collection":[{"href":"https:\/\/informativoelvalledeaguascalientes.online\/index.php?rest_route=\/wp\/v2\/posts"}],"about":[{"href":"https:\/\/informativoelvalledeaguascalientes.online\/index.php?rest_route=\/wp\/v2\/types\/post"}],"author":[{"embeddable":true,"href":"https:\/\/informativoelvalledeaguascalientes.online\/index.php?rest_route=\/wp\/v2\/users\/1"}],"replies":[{"embeddable":true,"href":"https:\/\/informativoelvalledeaguascalientes.online\/index.php?rest_route=%2Fwp%2Fv2%2Fcomments&post=55580"}],"version-history":[{"count":1,"href":"https:\/\/informativoelvalledeaguascalientes.online\/index.php?rest_route=\/wp\/v2\/posts\/55580\/revisions"}],"predecessor-version":[{"id":55582,"href":"https:\/\/informativoelvalledeaguascalientes.online\/index.php?rest_route=\/wp\/v2\/posts\/55580\/revisions\/55582"}],"wp:featuredmedia":[{"embeddable":true,"href":"https:\/\/informativoelvalledeaguascalientes.online\/index.php?rest_route=\/wp\/v2\/media\/55581"}],"wp:attachment":[{"href":"https:\/\/informativoelvalledeaguascalientes.online\/index.php?rest_route=%2Fwp%2Fv2%2Fmedia&parent=55580"}],"wp:term":[{"taxonomy":"category","embeddable":true,"href":"https:\/\/informativoelvalledeaguascalientes.online\/index.php?rest_route=%2Fwp%2Fv2%2Fcategories&post=55580"},{"taxonomy":"post_tag","embeddable":true,"href":"https:\/\/informativoelvalledeaguascalientes.online\/index.php?rest_route=%2Fwp%2Fv2%2Ftags&post=55580"}],"curies":[{"name":"wp","href":"https:\/\/api.w.org\/{rel}","templated":true}]}}