{"id":55571,"date":"2024-04-23T22:21:41","date_gmt":"2024-04-24T04:21:41","guid":{"rendered":"https:\/\/informativoelvalledeaguascalientes.online\/?p=55571"},"modified":"2024-04-23T22:21:41","modified_gmt":"2024-04-24T04:21:41","slug":"celebra-el-dia-internacional-de-la-madre-tierra-adoptando-un-arbol-o-una-planta","status":"publish","type":"post","link":"https:\/\/informativoelvalledeaguascalientes.online\/?p=55571","title":{"rendered":"CELEBRA EL D\u00cdA INTERNACIONAL DE LA MADRE TIERRA ADOPTANDO UN \u00c1RBOL O UNA PLANTA"},"content":{"rendered":"<p>#informativoelvalledeaguascalientes<\/p>\n<p>#novaradioaguascalientes<\/p>\n<p>#informativoelvalledeaguascalientesll<\/p>\n<p>#ElGiganteDeMexico<\/p>\n<div class=\"siSdJK4 comp-l7sh9ubx\" data-hook=\"ricosviewer-wrapper\">\n<div class=\"U4I07\" dir=\"ltr\" data-id=\"content-viewer\">\n<div class=\"hl-xW\">\n<div>\n<p id=\"viewer-foo\" class=\"-Zro6 -ZADH vVfzz AnCKd _57WYp\"><span class=\"d0767 vVfzz\">El Gobierno del Estado informa que durante toda esta semana, la Secretar\u00eda de Sustentabilidad, Medio Ambiente y Agua (SSMAA) entregar\u00e1 plantas y \u00e1rboles con motivo del D\u00eda Internacional de la Madre Tierra, en un horario de 9:00 de la ma\u00f1ana a 2:00 de la tarde.<\/span><\/p>\n<div id=\"viewer-0l20u360\" class=\"-Zro6 -ZADH vVfzz _57WYp\"><span class=\"d0767 vVfzz\">\u00a0<\/span><\/div>\n<p id=\"viewer-hc414353\" class=\"-Zro6 -ZADH vVfzz AnCKd _57WYp\"><span class=\"d0767 vVfzz\">Las y los interesados deben acudir al\u00a0Vivero Demostrativo que se ubica en Av. del Parque s\/n, fraccionamiento Jardines del Parque; el acceso es por la puerta 2 del parque Rodolfo Landeros Gallegos, donde se les entregar\u00e1 un m\u00e1ximo de 10 plantas por persona.<\/span><\/p>\n<div id=\"viewer-0yc26366\" class=\"-Zro6 -ZADH vVfzz _57WYp\"><span class=\"d0767 vVfzz\">\u00a0<\/span><\/div>\n<p id=\"viewer-b1wu4355\" class=\"-Zro6 -ZADH vVfzz AnCKd _57WYp\"><span class=\"d0767 vVfzz\">Algunas de las especies que se tiene en donaci\u00f3n son: mezquite, temachaca, pirul criollo, venadillas, huizache, varaduz, leucaena, palma yuca, mimbre, palma abanico, cedro blanco, fresno, capomo, trueno, hortalizas, lechugas, jitomate, chile, entre otras.<\/span><\/p>\n<div id=\"viewer-d204l372\" class=\"-Zro6 -ZADH vVfzz _57WYp\"><span class=\"d0767 vVfzz\">\u00a0<\/span><\/div>\n<p id=\"viewer-3qhdi357\" class=\"-Zro6 -ZADH vVfzz AnCKd _57WYp\"><span class=\"d0767 vVfzz\">Cabe mencionar que si no les es posible acudir durante esta semana, los martes y jueves podr\u00e1n hacerlo en el Centro Ecol\u00f3gico Queta Medell\u00edn Legorreta, que se localiza en la carretera Salto de los Salado-Aguascalientes s\/n, o en el Vivero de La Barranca, en la calle Soberana Convenci\u00f3n Militar Revolucionaria s\/n, colonia Jos\u00e9 L\u00f3pez Portillo, de 10:00 a. m. a 2:00 p. m.<\/span><\/p>\n<\/div>\n<\/div>\n<\/div>\n<\/div>\n","protected":false},"excerpt":{"rendered":"<p>#informativoelvalledeaguascalientes #novaradioaguascalientes #informativoelvalledeaguascalientesll #ElGiganteDeMexico El Gobierno del Estado informa que durante toda esta semana, la Secretar\u00eda de Sustentabilidad, Medio Ambiente y Agua (SSMAA) entregar\u00e1 plantas y \u00e1rboles con motivo del D\u00eda Internacional de la Madre Tierra, en un horario de 9:00 de la ma\u00f1ana a 2:00 de la tarde. \u00a0 Las y los interesados deben [&hellip;]<\/p>\n","protected":false},"author":1,"featured_media":55572,"comment_status":"closed","ping_status":"open","sticky":false,"template":"","format":"standard","meta":{"advanced_seo_description":"","jetpack_seo_html_title":"","jetpack_seo_noindex":false,"_jetpack_memberships_contains_paid_content":false,"footnotes":"","jetpack_publicize_message":"","jetpack_publicize_feature_enabled":true,"jetpack_social_post_already_shared":true,"jetpack_social_options":{"image_generator_settings":{"template":"highway","default_image_id":0,"font":"","enabled":false},"version":2}},"categories":[21,4],"tags":[22,615],"class_list":["post-55571","post","type-post","status-publish","format-standard","has-post-thumbnail","hentry","category-aguascalientes","category-gobierno-del-estado-aguascalientes","tag-aguascalientes","tag-gobierno-del-estado-de-aguascalientes"],"jetpack_publicize_connections":[],"jetpack_featured_media_url":"https:\/\/i0.wp.com\/informativoelvalledeaguascalientes.online\/wp-content\/uploads\/2024\/04\/WhatsApp-Image-2024-04-22-at-3.55.51-PM-4.jpeg?fit=1200%2C1600&ssl=1","jetpack-related-posts":[],"jetpack_sharing_enabled":true,"jetpack_likes_enabled":true,"_links":{"self":[{"href":"https:\/\/informativoelvalledeaguascalientes.online\/index.php?rest_route=\/wp\/v2\/posts\/55571","targetHints":{"allow":["GET"]}}],"collection":[{"href":"https:\/\/informativoelvalledeaguascalientes.online\/index.php?rest_route=\/wp\/v2\/posts"}],"about":[{"href":"https:\/\/informativoelvalledeaguascalientes.online\/index.php?rest_route=\/wp\/v2\/types\/post"}],"author":[{"embeddable":true,"href":"https:\/\/informativoelvalledeaguascalientes.online\/index.php?rest_route=\/wp\/v2\/users\/1"}],"replies":[{"embeddable":true,"href":"https:\/\/informativoelvalledeaguascalientes.online\/index.php?rest_route=%2Fwp%2Fv2%2Fcomments&post=55571"}],"version-history":[{"count":1,"href":"https:\/\/informativoelvalledeaguascalientes.online\/index.php?rest_route=\/wp\/v2\/posts\/55571\/revisions"}],"predecessor-version":[{"id":55573,"href":"https:\/\/informativoelvalledeaguascalientes.online\/index.php?rest_route=\/wp\/v2\/posts\/55571\/revisions\/55573"}],"wp:featuredmedia":[{"embeddable":true,"href":"https:\/\/informativoelvalledeaguascalientes.online\/index.php?rest_route=\/wp\/v2\/media\/55572"}],"wp:attachment":[{"href":"https:\/\/informativoelvalledeaguascalientes.online\/index.php?rest_route=%2Fwp%2Fv2%2Fmedia&parent=55571"}],"wp:term":[{"taxonomy":"category","embeddable":true,"href":"https:\/\/informativoelvalledeaguascalientes.online\/index.php?rest_route=%2Fwp%2Fv2%2Fcategories&post=55571"},{"taxonomy":"post_tag","embeddable":true,"href":"https:\/\/informativoelvalledeaguascalientes.online\/index.php?rest_route=%2Fwp%2Fv2%2Ftags&post=55571"}],"curies":[{"name":"wp","href":"https:\/\/api.w.org\/{rel}","templated":true}]}}