{"id":55563,"date":"2024-04-22T08:55:07","date_gmt":"2024-04-22T14:55:07","guid":{"rendered":"https:\/\/informativoelvalledeaguascalientes.online\/?p=55563"},"modified":"2024-04-25T23:06:20","modified_gmt":"2024-04-26T05:06:20","slug":"laura-ponce-continua-visitando-las-colonias-de-jesus-maria","status":"publish","type":"post","link":"https:\/\/informativoelvalledeaguascalientes.online\/?p=55563","title":{"rendered":"Laura Ponce contin\u00faa visitando las colonias de Jes\u00fas Mar\u00eda"},"content":{"rendered":"<p>#informativoelvalledeaguascalientes<\/p>\n<p>#novaradioaguascalientes<\/p>\n<p>#informativoelvalledeaguascalientesll<\/p>\n<p>\u2022 Empez\u00f3 la semana con una transmisi\u00f3n en vivo con C\u00e9sar Medina<br \/>\n\u2022 Salud\u00f3 a personas que se encontraban en el Jard\u00edn Principal y el Mercado Municipal<br \/>\n\u2022 Adem\u00e1s, hizo recorrido y reuniones vecinales en Maravillas y Tepetates<\/p>\n<p>Laura Ponce inici\u00f3 el d\u00eda con C\u00e9sar Medina, en una transmisi\u00f3n en vivo, con el fin de interactuar con la ciudadan\u00eda, contestando preguntas e inquietudes. La candidata panista contest\u00f3 a una pregunta acerca del Instituto de Atenci\u00f3n Integral de Enfermedades Renales, cuya creaci\u00f3n se debe a una iniciativa de ley que ella impuls\u00f3. \u201cMe llena de orgullo que esta iniciativa ya sea una realidad, que se trabajar\u00e1 desde la investigaci\u00f3n, la cuesti\u00f3n emocional y nuticional, hasta las di\u00e1lisis, que sabemos que son muy caras y resulta complicado para la familia poder costear el tratamiento\u201d, coment\u00f3 la candidata por el distrito 7.<\/p>\n<p>Posteriormente, recorri\u00f3 el jard\u00edn principal y el Mercado Municipal, compartiendo sus propuestas para las mujeres y adultos mayores, como impulsar los programas sociales estatales, fomentar unidades m\u00f3viles de asesor\u00eda jur\u00eddica y psicol\u00f3gica, as\u00ed como llevar capacitaciones continuas, sobre el uso de las Tecnolog\u00edas de la Informaci\u00f3n y Comunicaci\u00f3n. Tambi\u00e9n salud\u00f3 a vecinas y vecinos de Maravillas y Tepetates, reiterando su compromiso hacia cada sector de la sociedad.<\/p>\n","protected":false},"excerpt":{"rendered":"<p>#informativoelvalledeaguascalientes #novaradioaguascalientes #informativoelvalledeaguascalientesll \u2022 Empez\u00f3 la semana con una transmisi\u00f3n en vivo con C\u00e9sar Medina \u2022 Salud\u00f3 a personas que se encontraban en el Jard\u00edn Principal y el Mercado Municipal \u2022 Adem\u00e1s, hizo recorrido y reuniones vecinales en Maravillas y Tepetates Laura Ponce inici\u00f3 el d\u00eda con C\u00e9sar Medina, en una transmisi\u00f3n en vivo, con [&hellip;]<\/p>\n","protected":false},"author":1,"featured_media":55564,"comment_status":"closed","ping_status":"open","sticky":false,"template":"","format":"standard","meta":{"advanced_seo_description":"","jetpack_seo_html_title":"","jetpack_seo_noindex":false,"_jetpack_memberships_contains_paid_content":false,"footnotes":"","jetpack_publicize_message":"","jetpack_publicize_feature_enabled":true,"jetpack_social_post_already_shared":true,"jetpack_social_options":{"image_generator_settings":{"template":"highway","default_image_id":0,"font":"","enabled":false},"version":2}},"categories":[21,762,7],"tags":[22,764,763,23],"class_list":["post-55563","post","type-post","status-publish","format-standard","has-post-thumbnail","hentry","category-aguascalientes","category-elecciones-2024","category-pan-aguascalientes","tag-aguascalientes","tag-elecciones-2024","tag-laura-ponce","tag-pan-aguascalientes"],"jetpack_publicize_connections":[],"jetpack_featured_media_url":"https:\/\/i0.wp.com\/informativoelvalledeaguascalientes.online\/wp-content\/uploads\/2024\/04\/WhatsApp-Image-2024-04-22-at-21.55.05.jpeg?fit=1600%2C1200&ssl=1","jetpack-related-posts":[],"jetpack_sharing_enabled":true,"jetpack_likes_enabled":true,"_links":{"self":[{"href":"https:\/\/informativoelvalledeaguascalientes.online\/index.php?rest_route=\/wp\/v2\/posts\/55563","targetHints":{"allow":["GET"]}}],"collection":[{"href":"https:\/\/informativoelvalledeaguascalientes.online\/index.php?rest_route=\/wp\/v2\/posts"}],"about":[{"href":"https:\/\/informativoelvalledeaguascalientes.online\/index.php?rest_route=\/wp\/v2\/types\/post"}],"author":[{"embeddable":true,"href":"https:\/\/informativoelvalledeaguascalientes.online\/index.php?rest_route=\/wp\/v2\/users\/1"}],"replies":[{"embeddable":true,"href":"https:\/\/informativoelvalledeaguascalientes.online\/index.php?rest_route=%2Fwp%2Fv2%2Fcomments&post=55563"}],"version-history":[{"count":1,"href":"https:\/\/informativoelvalledeaguascalientes.online\/index.php?rest_route=\/wp\/v2\/posts\/55563\/revisions"}],"predecessor-version":[{"id":55565,"href":"https:\/\/informativoelvalledeaguascalientes.online\/index.php?rest_route=\/wp\/v2\/posts\/55563\/revisions\/55565"}],"wp:featuredmedia":[{"embeddable":true,"href":"https:\/\/informativoelvalledeaguascalientes.online\/index.php?rest_route=\/wp\/v2\/media\/55564"}],"wp:attachment":[{"href":"https:\/\/informativoelvalledeaguascalientes.online\/index.php?rest_route=%2Fwp%2Fv2%2Fmedia&parent=55563"}],"wp:term":[{"taxonomy":"category","embeddable":true,"href":"https:\/\/informativoelvalledeaguascalientes.online\/index.php?rest_route=%2Fwp%2Fv2%2Fcategories&post=55563"},{"taxonomy":"post_tag","embeddable":true,"href":"https:\/\/informativoelvalledeaguascalientes.online\/index.php?rest_route=%2Fwp%2Fv2%2Ftags&post=55563"}],"curies":[{"name":"wp","href":"https:\/\/api.w.org\/{rel}","templated":true}]}}