{"id":55522,"date":"2024-04-22T19:49:49","date_gmt":"2024-04-23T01:49:49","guid":{"rendered":"https:\/\/informativoelvalledeaguascalientes.online\/?p=55522"},"modified":"2024-04-22T19:49:49","modified_gmt":"2024-04-23T01:49:49","slug":"trabaja-tere-jimenez-en-esquemas-hidricos-sustentables","status":"publish","type":"post","link":"https:\/\/informativoelvalledeaguascalientes.online\/?p=55522","title":{"rendered":"TRABAJA TERE JIM\u00c9NEZ EN ESQUEMAS H\u00cdDRICOS SUSTENTABLES"},"content":{"rendered":"<p>#informativoelvalledeaguascalientes<\/p>\n<p>#novaradioaguascalientes<\/p>\n<p>#informativoelvalledeaguascalientesll<\/p>\n<p>#ElGiganteDeMexico<\/p>\n<div class=\"siSdJK4 comp-l7sh9ubx\" data-hook=\"ricosviewer-wrapper\">\n<div class=\"U4I07\" dir=\"ltr\" data-id=\"content-viewer\">\n<div class=\"hl-xW\">\n<div>\n<p id=\"viewer-foo\" class=\"-Zro6 -ZADH vVfzz AnCKd _57WYp\"><span class=\"d0767 vVfzz\">El tema del agua se mantiene como una prioridad en Aguascalientes por su importancia para garantizar el abasto de este recurso a la poblaci\u00f3n, se\u00f1al\u00f3 la gobernadora Tere Jim\u00e9nez al sostener una reuni\u00f3n de trabajo con miembros de su gabinete, donde abord\u00f3 temas como el proyecto para el re\u00faso del agua y el Distrito de Riego 01.<\/span><\/p>\n<div id=\"viewer-lqci1285\" class=\"-Zro6 -ZADH vVfzz _57WYp\"><span class=\"d0767 vVfzz\">\u00a0<\/span><\/div>\n<p id=\"viewer-i1s79286\" class=\"-Zro6 -ZADH vVfzz AnCKd _57WYp\"><span class=\"d0767 vVfzz\">Dijo que el esquema para la reutilizaci\u00f3n del agua es un proyecto a largo plazo, pero es importante trabajar en su desarrollo para avanzar en la operaci\u00f3n de un esquema que garantice la dotaci\u00f3n del vital l\u00edquido en Aguascalientes para las futuras generaciones.<\/span><\/p>\n<div id=\"viewer-akmaw288\" class=\"-Zro6 -ZADH vVfzz _57WYp\"><span class=\"d0767 vVfzz\">\u00a0<\/span><\/div>\n<p id=\"viewer-vfga2289\" class=\"-Zro6 -ZADH vVfzz AnCKd _57WYp\"><span class=\"d0767 vVfzz\">La gobernadora abord\u00f3 con los miembros del gabinete la tecnificaci\u00f3n del Distrito de Riego 01, cuya consolidaci\u00f3n es importante no solo para beneficio de los agricultores, sino para la poblaci\u00f3n en general, ya que ayudar\u00e1 a un uso m\u00e1s eficiente de los recursos h\u00eddricos en la entidad.<\/span><\/p>\n<div id=\"viewer-9wzz5291\" class=\"-Zro6 -ZADH vVfzz _57WYp\"><span class=\"d0767 vVfzz\">\u00a0<\/span><\/div>\n<p id=\"viewer-hwy3z292\" class=\"-Zro6 -ZADH vVfzz AnCKd _57WYp\"><span class=\"d0767 vVfzz\">Tere Jim\u00e9nez se\u00f1al\u00f3 que las actividades agr\u00edcolas y pecuarias ocupan el 70 por ciento del agua de todo el estado; por ello, subray\u00f3, la conclusi\u00f3n del Distrito de Riego 01 es un paso importante en la optimizaci\u00f3n del vital l\u00edquido, por lo que continuar\u00e1n trabajando en la consolidaci\u00f3n de este importante proyecto en el estado.<\/span><\/p>\n<\/div>\n<\/div>\n<\/div>\n<\/div>\n","protected":false},"excerpt":{"rendered":"<p>#informativoelvalledeaguascalientes #novaradioaguascalientes #informativoelvalledeaguascalientesll #ElGiganteDeMexico El tema del agua se mantiene como una prioridad en Aguascalientes por su importancia para garantizar el abasto de este recurso a la poblaci\u00f3n, se\u00f1al\u00f3 la gobernadora Tere Jim\u00e9nez al sostener una reuni\u00f3n de trabajo con miembros de su gabinete, donde abord\u00f3 temas como el proyecto para el re\u00faso del agua [&hellip;]<\/p>\n","protected":false},"author":1,"featured_media":55523,"comment_status":"closed","ping_status":"open","sticky":false,"template":"","format":"standard","meta":{"advanced_seo_description":"","jetpack_seo_html_title":"","jetpack_seo_noindex":false,"_jetpack_memberships_contains_paid_content":false,"footnotes":"","jetpack_publicize_message":"","jetpack_publicize_feature_enabled":true,"jetpack_social_post_already_shared":true,"jetpack_social_options":{"image_generator_settings":{"template":"highway","default_image_id":0,"font":"","enabled":false},"version":2}},"categories":[21,4],"tags":[22,615],"class_list":["post-55522","post","type-post","status-publish","format-standard","has-post-thumbnail","hentry","category-aguascalientes","category-gobierno-del-estado-aguascalientes","tag-aguascalientes","tag-gobierno-del-estado-de-aguascalientes"],"jetpack_publicize_connections":[],"jetpack_featured_media_url":"https:\/\/i0.wp.com\/informativoelvalledeaguascalientes.online\/wp-content\/uploads\/2024\/04\/440179077_989434112539791_7804637411699833618_n.jpeg?fit=1440%2C960&ssl=1","jetpack-related-posts":[],"jetpack_sharing_enabled":true,"jetpack_likes_enabled":true,"_links":{"self":[{"href":"https:\/\/informativoelvalledeaguascalientes.online\/index.php?rest_route=\/wp\/v2\/posts\/55522","targetHints":{"allow":["GET"]}}],"collection":[{"href":"https:\/\/informativoelvalledeaguascalientes.online\/index.php?rest_route=\/wp\/v2\/posts"}],"about":[{"href":"https:\/\/informativoelvalledeaguascalientes.online\/index.php?rest_route=\/wp\/v2\/types\/post"}],"author":[{"embeddable":true,"href":"https:\/\/informativoelvalledeaguascalientes.online\/index.php?rest_route=\/wp\/v2\/users\/1"}],"replies":[{"embeddable":true,"href":"https:\/\/informativoelvalledeaguascalientes.online\/index.php?rest_route=%2Fwp%2Fv2%2Fcomments&post=55522"}],"version-history":[{"count":1,"href":"https:\/\/informativoelvalledeaguascalientes.online\/index.php?rest_route=\/wp\/v2\/posts\/55522\/revisions"}],"predecessor-version":[{"id":55524,"href":"https:\/\/informativoelvalledeaguascalientes.online\/index.php?rest_route=\/wp\/v2\/posts\/55522\/revisions\/55524"}],"wp:featuredmedia":[{"embeddable":true,"href":"https:\/\/informativoelvalledeaguascalientes.online\/index.php?rest_route=\/wp\/v2\/media\/55523"}],"wp:attachment":[{"href":"https:\/\/informativoelvalledeaguascalientes.online\/index.php?rest_route=%2Fwp%2Fv2%2Fmedia&parent=55522"}],"wp:term":[{"taxonomy":"category","embeddable":true,"href":"https:\/\/informativoelvalledeaguascalientes.online\/index.php?rest_route=%2Fwp%2Fv2%2Fcategories&post=55522"},{"taxonomy":"post_tag","embeddable":true,"href":"https:\/\/informativoelvalledeaguascalientes.online\/index.php?rest_route=%2Fwp%2Fv2%2Ftags&post=55522"}],"curies":[{"name":"wp","href":"https:\/\/api.w.org\/{rel}","templated":true}]}}