{"id":55494,"date":"2024-04-22T19:06:16","date_gmt":"2024-04-23T01:06:16","guid":{"rendered":"https:\/\/informativoelvalledeaguascalientes.online\/?p=55494"},"modified":"2024-04-22T19:06:16","modified_gmt":"2024-04-23T01:06:16","slug":"servicios-veterinarios-gratuitos-esta-semana-en-san-jose-de-gracia-y-aguascalientes","status":"publish","type":"post","link":"https:\/\/informativoelvalledeaguascalientes.online\/?p=55494","title":{"rendered":"SERVICIOS VETERINARIOS GRATUITOS ESTA SEMANA EN SAN JOS\u00c9 DE GRACIA Y AGUASCALIENTES"},"content":{"rendered":"<p>#informativoelvalledeaguascalientes<\/p>\n<p>#novaradioaguascalientes<\/p>\n<p>#informativoelvalledeaguascalientesll<\/p>\n<p>#ElGiganteDeMexico<\/p>\n<p id=\"viewer-foo\" class=\"-Zro6 -ZADH vVfzz AnCKd _57WYp\"><span class=\"d0767 vVfzz\">El Gobierno del Estado informa que esta semana se realizar\u00e1n las Caravanas de la Salud Canina y Felina en los municipios de Aguascalientes y San Jos\u00e9 de Gracia, de las 10:00 de la ma\u00f1ana a las 2:00 de la tarde.\u00a0<\/span><\/p>\n<div id=\"viewer-5q0f1155\" class=\"-Zro6 -ZADH vVfzz _57WYp\"><span class=\"d0767 vVfzz\">\u00a0<\/span><\/div>\n<p id=\"viewer-uprff144\" class=\"-Zro6 -ZADH vVfzz AnCKd _57WYp\"><span class=\"d0767 vVfzz\">La Procuradur\u00eda Estatal de Protecci\u00f3n al Ambiente (Proespa) invita a la poblaci\u00f3n a acudir con sus mascotas y aprovechar los servicios veterinarios gratuitos que se ofrecer\u00e1n, como esterilizaci\u00f3n, valoraci\u00f3n m\u00e9dica, vacunaci\u00f3n antirr\u00e1bica, desparasitaci\u00f3n, vacunas para cachorros y perros adultos, as\u00ed como pl\u00e1ticas de orientaci\u00f3n sobre el cuidado y la protecci\u00f3n de los animales de compa\u00f1\u00eda.\u00a0<\/span><\/p>\n<div id=\"viewer-2d8l2162\" class=\"-Zro6 -ZADH vVfzz _57WYp\"><span class=\"d0767 vVfzz\">\u00a0<\/span><\/div>\n<p id=\"viewer-3bk08146\" class=\"-Zro6 -ZADH vVfzz AnCKd _57WYp\"><span class=\"d0767 vVfzz\">En el caso del municipio de Aguascalientes, la jornada se realizar\u00e1 el martes 23 de abril en la Casa Rescatista, ubicada en calle Capri No. 120 B, colonia Paseos de San Antonio; mientras que el viernes 26 de abril se llevar\u00e1 a cabo en el Sal\u00f3n Ejidal de la comunidad Refugio de Pe\u00f1uelas, que se ubica en la calle Francisco I. Madero s\/n.<\/span><\/p>\n<div id=\"viewer-k839n169\" class=\"-Zro6 -ZADH vVfzz _57WYp\"><span class=\"d0767 vVfzz\">\u00a0<\/span><\/div>\n<p id=\"viewer-w3sb2148\" class=\"-Zro6 -ZADH vVfzz AnCKd _57WYp\"><span class=\"d0767 vVfzz\">En el municipio de San Jos\u00e9 de Gracia, la caravana ser\u00e1 el viernes 26 de abril, en la comunidad T\u00fanel de Potrerillo, en la Escuela Primaria Josefa Ortiz de Dom\u00ednguez.\u00a0<\/span><\/p>\n<div id=\"viewer-7pmw6176\" class=\"-Zro6 -ZADH vVfzz _57WYp\"><span class=\"d0767 vVfzz\">\u00a0<\/span><\/div>\n<p id=\"viewer-9kyw6150\" class=\"-Zro6 -ZADH vVfzz AnCKd _57WYp\"><span class=\"d0767 vVfzz\">Para m\u00e1s informaci\u00f3n, comunicarse al tel\u00e9fono 449 917 10 51, de lunes a viernes, de las 8:00 a 16:00 horas.\u00a0\u00a0<\/span><\/p>\n","protected":false},"excerpt":{"rendered":"<p>#informativoelvalledeaguascalientes #novaradioaguascalientes #informativoelvalledeaguascalientesll #ElGiganteDeMexico El Gobierno del Estado informa que esta semana se realizar\u00e1n las Caravanas de la Salud Canina y Felina en los municipios de Aguascalientes y San Jos\u00e9 de Gracia, de las 10:00 de la ma\u00f1ana a las 2:00 de la tarde.\u00a0 \u00a0 La Procuradur\u00eda Estatal de Protecci\u00f3n al Ambiente (Proespa) invita a [&hellip;]<\/p>\n","protected":false},"author":1,"featured_media":55495,"comment_status":"closed","ping_status":"open","sticky":false,"template":"","format":"standard","meta":{"advanced_seo_description":"","jetpack_seo_html_title":"","jetpack_seo_noindex":false,"_jetpack_memberships_contains_paid_content":false,"footnotes":"","jetpack_publicize_message":"","jetpack_publicize_feature_enabled":true,"jetpack_social_post_already_shared":true,"jetpack_social_options":{"image_generator_settings":{"template":"highway","default_image_id":0,"font":"","enabled":false},"version":2}},"categories":[21,4],"tags":[22,615],"class_list":["post-55494","post","type-post","status-publish","format-standard","has-post-thumbnail","hentry","category-aguascalientes","category-gobierno-del-estado-aguascalientes","tag-aguascalientes","tag-gobierno-del-estado-de-aguascalientes"],"jetpack_publicize_connections":[],"jetpack_featured_media_url":"https:\/\/i0.wp.com\/informativoelvalledeaguascalientes.online\/wp-content\/uploads\/2024\/04\/PROESPA-POST-26-DE-ABRIL-01-2.jpg?fit=1427%2C1125&ssl=1","jetpack-related-posts":[],"jetpack_sharing_enabled":true,"jetpack_likes_enabled":true,"_links":{"self":[{"href":"https:\/\/informativoelvalledeaguascalientes.online\/index.php?rest_route=\/wp\/v2\/posts\/55494","targetHints":{"allow":["GET"]}}],"collection":[{"href":"https:\/\/informativoelvalledeaguascalientes.online\/index.php?rest_route=\/wp\/v2\/posts"}],"about":[{"href":"https:\/\/informativoelvalledeaguascalientes.online\/index.php?rest_route=\/wp\/v2\/types\/post"}],"author":[{"embeddable":true,"href":"https:\/\/informativoelvalledeaguascalientes.online\/index.php?rest_route=\/wp\/v2\/users\/1"}],"replies":[{"embeddable":true,"href":"https:\/\/informativoelvalledeaguascalientes.online\/index.php?rest_route=%2Fwp%2Fv2%2Fcomments&post=55494"}],"version-history":[{"count":1,"href":"https:\/\/informativoelvalledeaguascalientes.online\/index.php?rest_route=\/wp\/v2\/posts\/55494\/revisions"}],"predecessor-version":[{"id":55496,"href":"https:\/\/informativoelvalledeaguascalientes.online\/index.php?rest_route=\/wp\/v2\/posts\/55494\/revisions\/55496"}],"wp:featuredmedia":[{"embeddable":true,"href":"https:\/\/informativoelvalledeaguascalientes.online\/index.php?rest_route=\/wp\/v2\/media\/55495"}],"wp:attachment":[{"href":"https:\/\/informativoelvalledeaguascalientes.online\/index.php?rest_route=%2Fwp%2Fv2%2Fmedia&parent=55494"}],"wp:term":[{"taxonomy":"category","embeddable":true,"href":"https:\/\/informativoelvalledeaguascalientes.online\/index.php?rest_route=%2Fwp%2Fv2%2Fcategories&post=55494"},{"taxonomy":"post_tag","embeddable":true,"href":"https:\/\/informativoelvalledeaguascalientes.online\/index.php?rest_route=%2Fwp%2Fv2%2Ftags&post=55494"}],"curies":[{"name":"wp","href":"https:\/\/api.w.org\/{rel}","templated":true}]}}