{"id":55480,"date":"2024-04-21T18:23:11","date_gmt":"2024-04-22T00:23:11","guid":{"rendered":"https:\/\/informativoelvalledeaguascalientes.online\/?p=55480"},"modified":"2024-04-21T18:23:11","modified_gmt":"2024-04-22T00:23:11","slug":"inscribete-a-los-cursos-de-capacitacion-empresarial-que-se-impartiran-en-mayo","status":"publish","type":"post","link":"https:\/\/informativoelvalledeaguascalientes.online\/?p=55480","title":{"rendered":"INSCR\u00cdBETE A LOS CURSOS DE CAPACITACI\u00d3N EMPRESARIAL QUE SE IMPARTIR\u00c1N EN MAYO"},"content":{"rendered":"<p>#informativoelvalledeaguascalientes<\/p>\n<p>#novaradioaguascalientes<\/p>\n<p>#informativoelvalledeaguascalientesll<\/p>\n<p>#ElGiganteDeMexico<\/p>\n<div class=\"siSdJK4 comp-l7sh9ubx\" data-hook=\"ricosviewer-wrapper\">\n<div class=\"U4I07\" dir=\"ltr\" data-id=\"content-viewer\">\n<div class=\"hl-xW\">\n<div>\n<ul class=\"xErDo AnCKd\">\n<li class=\"_04hd2 vVfzz\" dir=\"auto\">\n<div>\n<p id=\"viewer-2op0o141\" class=\"-Zro6 -ZADH vVfzz AnCKd _57WYp\"><span class=\"d0767 vVfzz\"><strong><em>La oferta contempla nueve temas gratuitos en formato presencial; puedes registrarte en <\/em><\/strong><a class=\"TWoY9 itht3\" href=\"https:\/\/forms.gle\/mp2tinmd9Fu2ayfVA\" target=\"_self\" rel=\"noopener noreferrer\"><strong><em><u>https:\/\/forms.gle\/mp2tinmd9Fu2ayfVA<\/u><\/em><\/strong><\/a><strong><em>\u00a0\u00a0<\/em><\/strong><\/span><\/p>\n<\/div>\n<\/li>\n<\/ul>\n<div id=\"viewer-5z5tc145\" class=\"-Zro6 -ZADH vVfzz _57WYp\"><span class=\"d0767 vVfzz\">\u00a0<\/span><\/div>\n<p id=\"viewer-qzmad146\" class=\"-Zro6 -ZADH vVfzz AnCKd _57WYp\"><span class=\"d0767 vVfzz\">El Gobierno del Estado informa que est\u00e1n abiertas las inscripciones al programa gratuito de capacitaci\u00f3n que la Secretar\u00eda de Desarrollo Econ\u00f3mico, Ciencia y Tecnolog\u00eda (Sedecyt) ofrecer\u00e1 durante el mes de mayo a empresarios y emprendedores del estado de Aguascalientes.<\/span><\/p>\n<div id=\"viewer-s0g8o148\" class=\"-Zro6 -ZADH vVfzz _57WYp\"><span class=\"d0767 vVfzz\">\u00a0<\/span><\/div>\n<p id=\"viewer-crupl149\" class=\"-Zro6 -ZADH vVfzz AnCKd _57WYp\"><span class=\"d0767 vVfzz\">La capacitaci\u00f3n contempla nueve cursos presenciales con cupo limitado, por lo cual es necesario realizar previamente el registro a trav\u00e9s de la plataforma <a class=\"TWoY9 itht3\" href=\"https:\/\/forms.gle\/mp2tinmd9Fu2ayfVA\" target=\"_self\" rel=\"noopener noreferrer\"><u>https:\/\/forms.gle\/mp2tinmd9Fu2ayfVA<\/u><\/a>, sitio desde el cual las y los interesados podr\u00e1n conocer las fechas y horarios de cada uno de ellos.<\/span><\/p>\n<div id=\"viewer-x0q68153\" class=\"-Zro6 -ZADH vVfzz _57WYp\"><span class=\"d0767 vVfzz\">\u00a0<\/span><\/div>\n<p id=\"viewer-99jc7154\" class=\"-Zro6 -ZADH vVfzz AnCKd _57WYp\"><span class=\"d0767 vVfzz\">Los temas que se impartir\u00e1n son: Comunicaci\u00f3n asertiva, la clave para relaciones exitosas; La importancia de la etiqueta en los productos de bebidas alcoh\u00f3licas; \u00bfC\u00f3mo crear las condiciones para mejorar la toma de decisiones?; \u00bfC\u00f3mo lograr mis metas financieras?, y Redes sociales con inteligencia artificial.<\/span><\/p>\n<div id=\"viewer-027dj156\" class=\"-Zro6 -ZADH vVfzz _57WYp\"><span class=\"d0767 vVfzz\">\u00a0<\/span><\/div>\n<p id=\"viewer-ej179157\" class=\"-Zro6 -ZADH vVfzz AnCKd _57WYp\"><span class=\"d0767 vVfzz\">Adem\u00e1s de La importancia de la etiqueta en los productos de alimentos y productos textiles; Crea tu propio dashboard de ventas; \u00bfC\u00f3mo cumplir con el pago de las utilidades en tu empresa?, y Trabajo en equipo y liderazgo.<\/span><\/p>\n<div id=\"viewer-usprf159\" class=\"-Zro6 -ZADH vVfzz _57WYp\"><span class=\"d0767 vVfzz\">\u00a0<\/span><\/div>\n<p id=\"viewer-91id5160\" class=\"-Zro6 -ZADH vVfzz AnCKd _57WYp\"><span class=\"d0767 vVfzz\">Todos los cursos se impartir\u00e1n en las instalaciones de la Sedecyt, ubicadas en la Nave 55 del Ficotrece.<\/span><\/p>\n<div id=\"viewer-xukba162\" class=\"-Zro6 -ZADH IjV6v _57WYp\"><\/div>\n<\/div>\n<\/div>\n<\/div>\n<\/div>\n","protected":false},"excerpt":{"rendered":"<p>#informativoelvalledeaguascalientes #novaradioaguascalientes #informativoelvalledeaguascalientesll #ElGiganteDeMexico La oferta contempla nueve temas gratuitos en formato presencial; puedes registrarte en https:\/\/forms.gle\/mp2tinmd9Fu2ayfVA\u00a0\u00a0 \u00a0 El Gobierno del Estado informa que est\u00e1n abiertas las inscripciones al programa gratuito de capacitaci\u00f3n que la Secretar\u00eda de Desarrollo Econ\u00f3mico, Ciencia y Tecnolog\u00eda (Sedecyt) ofrecer\u00e1 durante el mes de mayo a empresarios y emprendedores del estado [&hellip;]<\/p>\n","protected":false},"author":1,"featured_media":55481,"comment_status":"closed","ping_status":"open","sticky":false,"template":"","format":"standard","meta":{"advanced_seo_description":"","jetpack_seo_html_title":"","jetpack_seo_noindex":false,"_jetpack_memberships_contains_paid_content":false,"footnotes":"","jetpack_publicize_message":"","jetpack_publicize_feature_enabled":true,"jetpack_social_post_already_shared":true,"jetpack_social_options":{"image_generator_settings":{"template":"highway","default_image_id":0,"font":"","enabled":false},"version":2}},"categories":[21,4],"tags":[22,615,610],"class_list":["post-55480","post","type-post","status-publish","format-standard","has-post-thumbnail","hentry","category-aguascalientes","category-gobierno-del-estado-aguascalientes","tag-aguascalientes","tag-gobierno-del-estado-de-aguascalientes","tag-sedecyt"],"jetpack_publicize_connections":[],"jetpack_featured_media_url":"https:\/\/i0.wp.com\/informativoelvalledeaguascalientes.online\/wp-content\/uploads\/2024\/04\/WhatsApp-Image-2024-04-21-at-11.26.53.jpeg?fit=1600%2C1066&ssl=1","jetpack-related-posts":[],"jetpack_sharing_enabled":true,"jetpack_likes_enabled":true,"_links":{"self":[{"href":"https:\/\/informativoelvalledeaguascalientes.online\/index.php?rest_route=\/wp\/v2\/posts\/55480","targetHints":{"allow":["GET"]}}],"collection":[{"href":"https:\/\/informativoelvalledeaguascalientes.online\/index.php?rest_route=\/wp\/v2\/posts"}],"about":[{"href":"https:\/\/informativoelvalledeaguascalientes.online\/index.php?rest_route=\/wp\/v2\/types\/post"}],"author":[{"embeddable":true,"href":"https:\/\/informativoelvalledeaguascalientes.online\/index.php?rest_route=\/wp\/v2\/users\/1"}],"replies":[{"embeddable":true,"href":"https:\/\/informativoelvalledeaguascalientes.online\/index.php?rest_route=%2Fwp%2Fv2%2Fcomments&post=55480"}],"version-history":[{"count":1,"href":"https:\/\/informativoelvalledeaguascalientes.online\/index.php?rest_route=\/wp\/v2\/posts\/55480\/revisions"}],"predecessor-version":[{"id":55482,"href":"https:\/\/informativoelvalledeaguascalientes.online\/index.php?rest_route=\/wp\/v2\/posts\/55480\/revisions\/55482"}],"wp:featuredmedia":[{"embeddable":true,"href":"https:\/\/informativoelvalledeaguascalientes.online\/index.php?rest_route=\/wp\/v2\/media\/55481"}],"wp:attachment":[{"href":"https:\/\/informativoelvalledeaguascalientes.online\/index.php?rest_route=%2Fwp%2Fv2%2Fmedia&parent=55480"}],"wp:term":[{"taxonomy":"category","embeddable":true,"href":"https:\/\/informativoelvalledeaguascalientes.online\/index.php?rest_route=%2Fwp%2Fv2%2Fcategories&post=55480"},{"taxonomy":"post_tag","embeddable":true,"href":"https:\/\/informativoelvalledeaguascalientes.online\/index.php?rest_route=%2Fwp%2Fv2%2Ftags&post=55480"}],"curies":[{"name":"wp","href":"https:\/\/api.w.org\/{rel}","templated":true}]}}