{"id":55425,"date":"2024-04-20T22:42:16","date_gmt":"2024-04-21T04:42:16","guid":{"rendered":"https:\/\/informativoelvalledeaguascalientes.online\/?p=55425"},"modified":"2024-04-20T22:42:16","modified_gmt":"2024-04-21T04:42:16","slug":"las-elecciones-deben-celebrarse-en-orden-y-paz-tere-jimenez","status":"publish","type":"post","link":"https:\/\/informativoelvalledeaguascalientes.online\/?p=55425","title":{"rendered":"LAS ELECCIONES DEBEN CELEBRARSE EN ORDEN Y PAZ: TERE JIM\u00c9NEZ"},"content":{"rendered":"<p><strong><a href=\"https:\/\/www.facebook.com\/hashtag\/informativoelvalledeaguascalientes\">#informativoelvalledeaguascalientes<\/a><\/strong><\/p>\n<p><strong><a href=\"https:\/\/www.facebook.com\/hashtag\/novaradioaguascalientes\">#novaradioaguascalientes<\/a><\/strong><\/p>\n<p>#informativoelvalledeaguascalientesll<\/p>\n<p><strong><a href=\"https:\/\/www.facebook.com\/GobiernodeAguascalientes\">#ElGiganteDeMexico<\/a><\/strong><\/p>\n<ul class=\"xErDo AnCKd\">\n<li class=\"_04hd2 vVfzz\" dir=\"auto\">\n<div>\n<p id=\"viewer-e3qfc117\" class=\"-Zro6 -ZADH vVfzz AnCKd _57WYp\"><span class=\"d0767 vVfzz\"><strong>Inaugura la gobernadora el Foro Nacional \u201cDesarrollo y Desaf\u00edos de los Procesos Electorales 2024\u201d<\/strong><\/span><\/p>\n<\/div>\n<\/li>\n<\/ul>\n<ul class=\"xErDo AnCKd\">\n<li class=\"_04hd2 vVfzz\" dir=\"auto\">\n<div>\n<p id=\"viewer-sb3jq120\" class=\"-Zro6 -ZADH vVfzz AnCKd _57WYp\"><span class=\"d0767 vVfzz\"><strong>Los tres \u00f3rdenes de gobierno deben mantenerse imparciales durante las elecciones<\/strong><\/span><\/p>\n<\/div>\n<\/li>\n<li class=\"_04hd2 vVfzz\" dir=\"auto\">\n<div>\n<p id=\"viewer-welpo123\" class=\"-Zro6 -ZADH vVfzz AnCKd _57WYp\"><span class=\"d0767 vVfzz\"><strong>Autoridades y tribunales electorales se comprometen a salvaguardar el entorno democr\u00e1tico<\/strong><\/span><\/p>\n<\/div>\n<\/li>\n<\/ul>\n<div id=\"viewer-2g5ba125\" class=\"-Zro6 -ZADH IjV6v _57WYp\"><span class=\"d0767\">\u00a0<\/span><\/div>\n<p id=\"viewer-f2u1e126\" class=\"-Zro6 -ZADH vVfzz AnCKd _57WYp\"><span class=\"d0767 vVfzz\">El estado de derecho es la base y la columna vertebral de la democracia, sostuvo la gobernadora Tere Jim\u00e9nez al inaugurar el Foro Nacional \u201cDesarrollo y Desaf\u00edos de los Procesos Electorales 2024\u201d, que se realiz\u00f3 en el Foro 3C y que reuni\u00f3 a importantes autoridades en la materia a nivel nacional.<\/span><\/p>\n<div id=\"viewer-h73i4128\" class=\"-Zro6 -ZADH IjV6v _57WYp\"><span class=\"d0767\">\u00a0<\/span><\/div>\n<p id=\"viewer-zjpu3129\" class=\"-Zro6 -ZADH vVfzz AnCKd _57WYp\"><span class=\"d0767 vVfzz\">Tere Jim\u00e9nez dijo que la ciudadan\u00eda debe estar lista para participar en este proceso de manera ordenada, responsable y en paz: \u201cSi hoy tenemos en M\u00e9xico una democracia vibrante, es gracias a que como sociedad durante d\u00e9cadas hemos colocado los cimientos para que as\u00ed sea; desde la d\u00e9cada de los 90 contamos con un instituto constitucionalmente aut\u00f3nomo y ciudadano, el entonces IFE, hoy INE, que organiza las elecciones y cuenta los votos\u201d, dijo.<\/span><\/p>\n<div id=\"viewer-lkqzu131\" class=\"-Zro6 -ZADH IjV6v _57WYp\"><span class=\"d0767\">\u00a0<\/span><\/div>\n<p id=\"viewer-1fflq132\" class=\"-Zro6 -ZADH vVfzz AnCKd _57WYp\"><span class=\"d0767 vVfzz\">La gobernadora coment\u00f3 que existe confianza en la autoridad, as\u00ed como en los tribunales electorales para que vigilen el buen funcionamiento de la democracia y hagan valer los votos de la ciudadan\u00eda; a\u00f1adi\u00f3 que a las autoridades de los tres \u00f3rdenes de gobierno les corresponde ser imparciales y contribuir al buen desarrollo del proceso electoral desde el \u00e1mbito de sus facultades y competencias.<\/span><\/p>\n<div id=\"viewer-wsc5m134\" class=\"-Zro6 -ZADH IjV6v _57WYp\"><span class=\"d0767\">\u00a0<\/span><\/div>\n<p id=\"viewer-jnips135\" class=\"-Zro6 -ZADH vVfzz AnCKd _57WYp\"><span class=\"d0767 vVfzz\">Felipe Fuentes Barrera, magistrado de la Sala Superior del Tribunal Electoral del Poder Judicial de la Federaci\u00f3n, coment\u00f3 que las autoridades y tribunales electorales son fundamentales para asegurar la legitimidad de los procesos electorales y con ello salvaguardar el entorno democr\u00e1tico y garantizar la paz social.<\/span><\/p>\n<div id=\"viewer-6bntw137\" class=\"-Zro6 -ZADH IjV6v _57WYp\"><span class=\"d0767\">\u00a0<\/span><\/div>\n<p id=\"viewer-s0vua138\" class=\"-Zro6 -ZADH vVfzz AnCKd _57WYp\"><span class=\"d0767 vVfzz\">Apunt\u00f3 que los procesos electorales no se limitan a contar los votos, sino a hacer que se cumpla con la voluntad ciudadana de manera libre, y para ello debe haber comicios libres y justos, sin irregularidades; de ah\u00ed la necesidad de que autoridades y tribunales electorales act\u00faen con autonom\u00eda, imparcialidad y transparencia.<\/span><\/p>\n","protected":false},"excerpt":{"rendered":"<p>#informativoelvalledeaguascalientes #novaradioaguascalientes #informativoelvalledeaguascalientesll #ElGiganteDeMexico Inaugura la gobernadora el Foro Nacional \u201cDesarrollo y Desaf\u00edos de los Procesos Electorales 2024\u201d Los tres \u00f3rdenes de gobierno deben mantenerse imparciales durante las elecciones Autoridades y tribunales electorales se comprometen a salvaguardar el entorno democr\u00e1tico \u00a0 El estado de derecho es la base y la columna vertebral de la democracia, [&hellip;]<\/p>\n","protected":false},"author":1,"featured_media":55426,"comment_status":"closed","ping_status":"open","sticky":false,"template":"","format":"standard","meta":{"advanced_seo_description":"","jetpack_seo_html_title":"","jetpack_seo_noindex":false,"_jetpack_memberships_contains_paid_content":false,"footnotes":"","jetpack_publicize_message":"","jetpack_publicize_feature_enabled":true,"jetpack_social_post_already_shared":true,"jetpack_social_options":{"image_generator_settings":{"template":"highway","default_image_id":0,"font":"","enabled":false},"version":2}},"categories":[21,4],"tags":[22,615,320],"class_list":["post-55425","post","type-post","status-publish","format-standard","has-post-thumbnail","hentry","category-aguascalientes","category-gobierno-del-estado-aguascalientes","tag-aguascalientes","tag-gobierno-del-estado-de-aguascalientes","tag-tere-jimenez"],"jetpack_publicize_connections":[],"jetpack_featured_media_url":"https:\/\/i0.wp.com\/informativoelvalledeaguascalientes.online\/wp-content\/uploads\/2024\/04\/WhatsApp-Image-2024-04-18-at-7.48.58-PM-3.jpeg?fit=1123%2C748&ssl=1","jetpack-related-posts":[],"jetpack_sharing_enabled":true,"jetpack_likes_enabled":true,"_links":{"self":[{"href":"https:\/\/informativoelvalledeaguascalientes.online\/index.php?rest_route=\/wp\/v2\/posts\/55425","targetHints":{"allow":["GET"]}}],"collection":[{"href":"https:\/\/informativoelvalledeaguascalientes.online\/index.php?rest_route=\/wp\/v2\/posts"}],"about":[{"href":"https:\/\/informativoelvalledeaguascalientes.online\/index.php?rest_route=\/wp\/v2\/types\/post"}],"author":[{"embeddable":true,"href":"https:\/\/informativoelvalledeaguascalientes.online\/index.php?rest_route=\/wp\/v2\/users\/1"}],"replies":[{"embeddable":true,"href":"https:\/\/informativoelvalledeaguascalientes.online\/index.php?rest_route=%2Fwp%2Fv2%2Fcomments&post=55425"}],"version-history":[{"count":1,"href":"https:\/\/informativoelvalledeaguascalientes.online\/index.php?rest_route=\/wp\/v2\/posts\/55425\/revisions"}],"predecessor-version":[{"id":55427,"href":"https:\/\/informativoelvalledeaguascalientes.online\/index.php?rest_route=\/wp\/v2\/posts\/55425\/revisions\/55427"}],"wp:featuredmedia":[{"embeddable":true,"href":"https:\/\/informativoelvalledeaguascalientes.online\/index.php?rest_route=\/wp\/v2\/media\/55426"}],"wp:attachment":[{"href":"https:\/\/informativoelvalledeaguascalientes.online\/index.php?rest_route=%2Fwp%2Fv2%2Fmedia&parent=55425"}],"wp:term":[{"taxonomy":"category","embeddable":true,"href":"https:\/\/informativoelvalledeaguascalientes.online\/index.php?rest_route=%2Fwp%2Fv2%2Fcategories&post=55425"},{"taxonomy":"post_tag","embeddable":true,"href":"https:\/\/informativoelvalledeaguascalientes.online\/index.php?rest_route=%2Fwp%2Fv2%2Ftags&post=55425"}],"curies":[{"name":"wp","href":"https:\/\/api.w.org\/{rel}","templated":true}]}}