{"id":55418,"date":"2024-04-20T21:59:10","date_gmt":"2024-04-21T03:59:10","guid":{"rendered":"https:\/\/informativoelvalledeaguascalientes.online\/?p=55418"},"modified":"2024-04-20T21:59:47","modified_gmt":"2024-04-21T03:59:47","slug":"inaugura-tere-jimenez-el-pabellon-hecho-en-ags-y-las-exposiciones-agroalimentaria-y-agricola-de-la-fnsm-2024","status":"publish","type":"post","link":"https:\/\/informativoelvalledeaguascalientes.online\/?p=55418","title":{"rendered":"INAUGURA TERE JIM\u00c9NEZ EL PABELL\u00d3N HECHO EN AGS Y LAS EXPOSICIONES AGROALIMENTARIA Y AGR\u00cdCOLA DE LA FNSM 2024"},"content":{"rendered":"<div>\n<p><strong><a href=\"https:\/\/www.facebook.com\/hashtag\/informativoelvalledeaguascalientes\">#informativoelvalledeaguascalientes<\/a><\/strong><\/p>\n<p><strong><a href=\"https:\/\/www.facebook.com\/hashtag\/novaradioaguascalientes\">#novaradioaguascalientes<\/a><\/strong><\/p>\n<p>#informativoelvalledeaguascalientesll<\/p>\n<p><strong><a href=\"https:\/\/www.facebook.com\/GobiernodeAguascalientes\">#ElGiganteDeMexico<\/a><\/strong><\/p>\n<ul>\n<li id=\"viewer-3rfwb139\" class=\"-Zro6 -ZADH vVfzz AnCKd _57WYp\"><span class=\"d0767 vVfzz\"><strong><em>Empresas y productores locales est\u00e1n presentes en la Isla San Marcos y en la Megavelaria de Expoplaza<\/em><\/strong><\/span><\/li>\n<\/ul>\n<\/div>\n<ul class=\"xErDo AnCKd\">\n<li class=\"_04hd2 vVfzz\" dir=\"auto\">\n<div>\n<p id=\"viewer-yyxki142\" class=\"-Zro6 -ZADH vVfzz AnCKd _57WYp\"><span class=\"d0767 vVfzz\"><strong><em>Ofrecen una amplia oferta de productos y servicios de los sectores agroalimentario, industrial, artesanal, textil, salud, belleza y m\u00e1s<\/em><\/strong><\/span><\/p>\n<\/div>\n<\/li>\n<li class=\"_04hd2 vVfzz\" dir=\"auto\">\n<div>\n<p id=\"viewer-86znb145\" class=\"-Zro6 -ZADH vVfzz AnCKd _57WYp\"><span class=\"d0767 vVfzz\"><strong><em>\u201cEn estos espacios demostramos la fortaleza que tiene Aguascalientes en las diferentes ramas para elaborar todo tipo de productos\u201d: Tere Jim\u00e9nez<\/em><\/strong><\/span><\/p>\n<\/div>\n<\/li>\n<\/ul>\n<div id=\"viewer-pycfh147\" class=\"-Zro6 -ZADH vVfzz _57WYp\"><span class=\"d0767 vVfzz\">\u00a0<\/span><\/div>\n<p id=\"viewer-fy7ba148\" class=\"-Zro6 -ZADH vVfzz AnCKd _57WYp\"><span class=\"d0767 vVfzz\">La gobernadora de Aguascalientes, Tere Jim\u00e9nez, inaugur\u00f3 el pabell\u00f3n Hecho en Ags y las exposiciones Agroalimentaria y Agr\u00edcola, que forman parte de las actividades que se realizan dentro de la Feria Nacional de San Marcos (FNSM) en su edici\u00f3n 2024.\u00a0<\/span><\/p>\n<div id=\"viewer-7sjy9150\" class=\"-Zro6 -ZADH vVfzz _57WYp\"><span class=\"d0767 vVfzz\">\u00a0<\/span><\/div>\n<p id=\"viewer-u2i66151\" class=\"-Zro6 -ZADH vVfzz AnCKd _57WYp\"><span class=\"d0767 vVfzz\">Al inicio de su recorrido por la Isla San Marcos, Tere Jim\u00e9nez y las autoridades que le acompa\u00f1aron hicieron el corte inaugural del pabell\u00f3n comercial Hecho en Ags, donde participan m\u00e1s de 124 empresas locales que exhiben sus productos y servicios de los sectores agroalimentario, vitivin\u00edcola, industrial, artesanal, textil, deshilados, salud y belleza, entre otros.<\/span><\/p>\n<div id=\"viewer-va1i8154\" class=\"-Zro6 -ZADH vVfzz _57WYp\"><span class=\"d0767 vVfzz\">\u00a0<\/span><\/div>\n<p id=\"viewer-c18di174\" class=\"-Zro6 -ZADH vVfzz AnCKd _57WYp\"><span class=\"d0767 vVfzz\">\u201cEstamos muy contentos de inaugurar estos espacios, pues con ello demostramos la fortaleza que tiene Aguascalientes en las diferentes ramas para elaborar todo tipo de productos; muchos de los que est\u00e1n aqu\u00ed nacieron con un sue\u00f1o y ahora exportan a diferentes pa\u00edses, seguiremos apoyando e impulsando a todas las marcas hechas en Aguascalientes\u201d, mencion\u00f3 la gobernadora.<\/span><\/p>\n<div id=\"viewer-65tqe156\" class=\"-Zro6 -ZADH vVfzz _57WYp\"><span class=\"d0767 vVfzz\">\u00a0<\/span><\/div>\n<p id=\"viewer-cikra157\" class=\"-Zro6 -ZADH vVfzz AnCKd _57WYp\"><span class=\"d0767 vVfzz\">El pabell\u00f3n Hecho en Ags se ubica en la Isla San Marcos, a un costado de la explanada principal, y tiene un horario de 10:00 a 22:00 horas; en la Megavelaria de Expoplaza tambi\u00e9n tiene presencia de 12:00 a 24:00 horas, ambos de lunes a domingo durante el periodo de feria.\u00a0<\/span><\/p>\n<div id=\"viewer-mm64f159\" class=\"-Zro6 -ZADH vVfzz _57WYp\"><span class=\"d0767 vVfzz\">\u00a0<\/span><\/div>\n<p id=\"viewer-zq7zi160\" class=\"-Zro6 -ZADH vVfzz AnCKd _57WYp\"><span class=\"d0767 vVfzz\">Posteriormente, Tere Jim\u00e9nez realiz\u00f3 el corte inaugural de la Expo Agroalimentaria, que se encuentra a un costado de la velaria de la Isla San Marcos y en donde alrededor de 100 agroindustriales exponen una gran variedad de productos que se elaboran en el estado; la organizaci\u00f3n de esta muestra comercial est\u00e1 a cargo de la Secretar\u00eda de Desarrollo Rural y Agroempresarial (Sedrae).<\/span><\/p>\n<div id=\"viewer-63gj8197\" class=\"-Zro6 -ZADH vVfzz _57WYp\"><span class=\"d0767 vVfzz\">\u00a0<\/span><\/div>\n<p id=\"viewer-08ji4162\" class=\"-Zro6 -ZADH vVfzz AnCKd _57WYp\"><span class=\"d0767 vVfzz\">La exhibici\u00f3n se conforma de los pabellones de Elaboraci\u00f3n del Pan; Quesos, C\u00e1rnicos y Embutidos; Vino de Mesa, Mezcal y Cerveza Artesanal; y Los Gigantes de Aguascalientes en el Sector Agroalimentario.<\/span><\/p>\n<div id=\"viewer-9krb3212\" class=\"-Zro6 -ZADH vVfzz _57WYp\"><span class=\"d0767 vVfzz\">\u00a0<\/span><\/div>\n<p id=\"viewer-js24y164\" class=\"-Zro6 -ZADH vVfzz AnCKd _57WYp\"><span class=\"d0767 vVfzz\">La gobernadora Tere Jim\u00e9nez invit\u00f3 a los feriantes a visitar la Expo Agroalimentaria, ya que adem\u00e1s ofrece una gran variedad de actividades para toda la familia, como concursos de elaboraci\u00f3n de alimentos, demostraciones, bailables, cantantes de los diferentes municipios, entre muchas otras; el acceso es totalmente gratuito.<\/span><\/p>\n<div id=\"viewer-2oqm7166\" class=\"-Zro6 -ZADH vVfzz _57WYp\"><span class=\"d0767 vVfzz\">\u00a0<\/span><\/div>\n<p id=\"viewer-lnevg167\" class=\"-Zro6 -ZADH vVfzz AnCKd _57WYp\"><span class=\"d0767 vVfzz\">Continuando su recorrido por la Isla San Marcos, la gobernadora tambi\u00e9n inaugur\u00f3 por segundo a\u00f1o consecutivo la Exposici\u00f3n Agr\u00edcola, donde no solo se muestran algunos de los cultivos que produce el campo de Aguascalientes, sino tambi\u00e9n la agrotecnolog\u00eda, la maquinaria y el equipo que se utiliza para hacer producir la tierra.\u00a0<\/span><\/p>\n<div id=\"viewer-lu64n169\" class=\"-Zro6 -ZADH vVfzz _57WYp\"><span class=\"d0767 vVfzz\">\u00a0<\/span><\/div>\n<p id=\"viewer-w0e5w170\" class=\"-Zro6 -ZADH vVfzz AnCKd _57WYp\"><span class=\"d0767 vVfzz\">En este lugar, los 11 municipios de Aguascalientes cuentan con un espacio para la promoci\u00f3n de sus productos, adem\u00e1s de que cada uno tiene la oportunidad de participar un d\u00eda en el Foro Gastron\u00f3mico para presentar sus platillos t\u00edpicos y atractivos tur\u00edsticos.<\/span><\/p>\n<div id=\"viewer-mcbfh172\" class=\"-Zro6 -ZADH vVfzz _57WYp\"><span class=\"d0767 vVfzz\">\u00a0<\/span><\/div>\n<p id=\"viewer-oymra173\" class=\"-Zro6 -ZADH vVfzz AnCKd _57WYp\"><span class=\"d0767 vVfzz\">Finalmente, la gobernadora de Aguascalientes invit\u00f3 a locales y visitantes a conocer las exposiciones y pabellones que ofrecen al p\u00fablico una infinidad de productos y servicios de gran calidad, en apoyo al comercio y la econom\u00eda de Aguascalientes.\u00a0<\/span><\/p>\n<div id=\"viewer-0775w175\" class=\"-Zro6 -ZADH IjV6v _57WYp\"><\/div>\n","protected":false},"excerpt":{"rendered":"<p>#informativoelvalledeaguascalientes #novaradioaguascalientes #informativoelvalledeaguascalientesll #ElGiganteDeMexico Empresas y productores locales est\u00e1n presentes en la Isla San Marcos y en la Megavelaria de Expoplaza Ofrecen una amplia oferta de productos y servicios de los sectores agroalimentario, industrial, artesanal, textil, salud, belleza y m\u00e1s \u201cEn estos espacios demostramos la fortaleza que tiene Aguascalientes en las diferentes ramas para elaborar [&hellip;]<\/p>\n","protected":false},"author":1,"featured_media":55419,"comment_status":"closed","ping_status":"open","sticky":false,"template":"","format":"standard","meta":{"advanced_seo_description":"","jetpack_seo_html_title":"","jetpack_seo_noindex":false,"_jetpack_memberships_contains_paid_content":false,"footnotes":"","jetpack_publicize_message":"","jetpack_publicize_feature_enabled":true,"jetpack_social_post_already_shared":true,"jetpack_social_options":{"image_generator_settings":{"template":"highway","default_image_id":0,"font":"","enabled":false},"version":2}},"categories":[21,4],"tags":[746,22,615,106,320],"class_list":["post-55418","post","type-post","status-publish","format-standard","has-post-thumbnail","hentry","category-aguascalientes","category-gobierno-del-estado-aguascalientes","tag-fnsm2024","tag-aguascalientes","tag-gobierno-del-estado-de-aguascalientes","tag-sedrae","tag-tere-jimenez"],"jetpack_publicize_connections":[],"jetpack_featured_media_url":"https:\/\/i0.wp.com\/informativoelvalledeaguascalientes.online\/wp-content\/uploads\/2024\/04\/IMG_1452.JPG.jpg?fit=2400%2C1600&ssl=1","jetpack-related-posts":[],"jetpack_sharing_enabled":true,"jetpack_likes_enabled":true,"_links":{"self":[{"href":"https:\/\/informativoelvalledeaguascalientes.online\/index.php?rest_route=\/wp\/v2\/posts\/55418","targetHints":{"allow":["GET"]}}],"collection":[{"href":"https:\/\/informativoelvalledeaguascalientes.online\/index.php?rest_route=\/wp\/v2\/posts"}],"about":[{"href":"https:\/\/informativoelvalledeaguascalientes.online\/index.php?rest_route=\/wp\/v2\/types\/post"}],"author":[{"embeddable":true,"href":"https:\/\/informativoelvalledeaguascalientes.online\/index.php?rest_route=\/wp\/v2\/users\/1"}],"replies":[{"embeddable":true,"href":"https:\/\/informativoelvalledeaguascalientes.online\/index.php?rest_route=%2Fwp%2Fv2%2Fcomments&post=55418"}],"version-history":[{"count":2,"href":"https:\/\/informativoelvalledeaguascalientes.online\/index.php?rest_route=\/wp\/v2\/posts\/55418\/revisions"}],"predecessor-version":[{"id":55421,"href":"https:\/\/informativoelvalledeaguascalientes.online\/index.php?rest_route=\/wp\/v2\/posts\/55418\/revisions\/55421"}],"wp:featuredmedia":[{"embeddable":true,"href":"https:\/\/informativoelvalledeaguascalientes.online\/index.php?rest_route=\/wp\/v2\/media\/55419"}],"wp:attachment":[{"href":"https:\/\/informativoelvalledeaguascalientes.online\/index.php?rest_route=%2Fwp%2Fv2%2Fmedia&parent=55418"}],"wp:term":[{"taxonomy":"category","embeddable":true,"href":"https:\/\/informativoelvalledeaguascalientes.online\/index.php?rest_route=%2Fwp%2Fv2%2Fcategories&post=55418"},{"taxonomy":"post_tag","embeddable":true,"href":"https:\/\/informativoelvalledeaguascalientes.online\/index.php?rest_route=%2Fwp%2Fv2%2Ftags&post=55418"}],"curies":[{"name":"wp","href":"https:\/\/api.w.org\/{rel}","templated":true}]}}