{"id":55414,"date":"2024-04-20T21:45:25","date_gmt":"2024-04-21T03:45:25","guid":{"rendered":"https:\/\/informativoelvalledeaguascalientes.online\/?p=55414"},"modified":"2024-04-20T21:45:25","modified_gmt":"2024-04-21T03:45:25","slug":"reconocen-a-la-feria-nacional-de-san-marcos-como-la-mejor-feria-tradicional-del-pais","status":"publish","type":"post","link":"https:\/\/informativoelvalledeaguascalientes.online\/?p=55414","title":{"rendered":"RECONOCEN A LA FERIA NACIONAL DE SAN MARCOS COMO LA MEJOR FERIA TRADICIONAL DEL PA\u00cdS"},"content":{"rendered":"<p><strong><a href=\"https:\/\/www.facebook.com\/hashtag\/informativoelvalledeaguascalientes\">#informativoelvalledeaguascalientes<\/a><\/strong><\/p>\n<p><strong><a href=\"https:\/\/www.facebook.com\/hashtag\/novaradioaguascalientes\">#novaradioaguascalientes<\/a><\/strong><\/p>\n<p>#informativoelvalledeaguascalientesll<\/p>\n<p><strong><a href=\"https:\/\/www.facebook.com\/GobiernodeAguascalientes\">#ElGiganteDeMexico<\/a><\/strong><\/p>\n<div class=\"\" data-mesh-id=\"comp-l7sh9ubr2inlineContent\" data-testid=\"inline-content\">\n<div data-mesh-id=\"comp-l7sh9ubr2inlineContent-gridContainer\" data-testid=\"mesh-container-content\">\n<div id=\"comp-l7sh9ubx\" class=\"TWFxr5 \">\n<div class=\"comp-l7sh9ubx\">\n<div class=\"siSdJK4 comp-l7sh9ubx\" data-hook=\"ricosviewer-wrapper\">\n<div class=\"U4I07\" dir=\"ltr\" data-id=\"content-viewer\">\n<div class=\"hl-xW\">\n<div>\n<p id=\"viewer-foo\" class=\"-Zro6 -ZADH vVfzz AnCKd _57WYp\"><span class=\"d0767 vVfzz\">La Feria Nacional de San Marcos (FNSM) obtuvo el primer lugar en la categor\u00eda Mejor Feria Tradicional para Conectar con Nuestra Cultura, lo que refrenda su posici\u00f3n como la m\u00e1s grande e importante de M\u00e9xico.\u00a0<\/span><\/p>\n<div id=\"viewer-kax4h135\" class=\"-Zro6 -ZADH IjV6v _57WYp\"><span class=\"d0767\">\u00a0<\/span><\/div>\n<p id=\"viewer-02zea136\" class=\"-Zro6 -ZADH vVfzz AnCKd _57WYp\"><span class=\"d0767 vVfzz\">Este galard\u00f3n fue otorgado en la sexta edici\u00f3n de Lo Mejor de M\u00e9xico 2024, por la emblem\u00e1tica revista <em>M\u00e9xico Desconocido<\/em>, que es un importante promotor de la riqueza natural, tur\u00edstica y cultural del pa\u00eds; a trav\u00e9s de esta iniciativa convoc\u00f3 a su amplia comunidad de viajeros a premiar los destinos, experiencias y eventos m\u00e1s relevantes a nivel nacional, mediante una votaci\u00f3n abierta.<\/span><\/p>\n<div id=\"viewer-9fvn2140\" class=\"-Zro6 -ZADH IjV6v _57WYp\"><span class=\"d0767\">\u00a0<\/span><\/div>\n<p id=\"viewer-p0fp4141\" class=\"-Zro6 -ZADH vVfzz AnCKd _57WYp\"><span class=\"d0767 vVfzz\">La ceremonia de premiaci\u00f3n se llev\u00f3 a cabo en el marco del Tianguis Tur\u00edstico 2024 que se celebr\u00f3 en la ciudad de Acapulco, Guerrero.<\/span><\/p>\n<div id=\"viewer-6ecz3143\" class=\"-Zro6 -ZADH IjV6v _57WYp\"><span class=\"d0767\">\u00a0<\/span><\/div>\n<p id=\"viewer-a6pm1144\" class=\"-Zro6 -ZADH vVfzz AnCKd _57WYp\"><span class=\"d0767 vVfzz\">El premio fue recibido por Gloria Mar\u00eda Romo Cuesta, secretaria de Turismo de Aguascalientes, quien reconoci\u00f3 el esfuerzo de todas las personas que a lo largo de 196 a\u00f1os, han hecho de la FNSM una fiesta \u00fanica, llena de historia y tradici\u00f3n.<\/span><\/p>\n<div id=\"viewer-x1iku146\" class=\"-Zro6 -ZADH IjV6v _57WYp\"><span class=\"d0767\">\u00a0<\/span><\/div>\n<p id=\"viewer-craf1147\" class=\"-Zro6 -ZADH vVfzz AnCKd _57WYp\"><span class=\"d0767 vVfzz\">Romo Cuesta invit\u00f3 a mexicanos y extranjeros a visitar Aguascalientes y disfrutar de la feria de ferias, que en cada edici\u00f3n ofrece eventos art\u00edsticos y culturales de primer nivel, el mejor serial taurino, as\u00ed como gastronom\u00eda y arte. Destac\u00f3 que este a\u00f1o se espera a m\u00e1s de 9 millones de visitantes del 13 de abril al 5 de mayo.<\/span><\/p>\n<div id=\"viewer-95ozf150\" class=\"-Zro6 -ZADH IjV6v _57WYp\"><span class=\"d0767\">\u00a0<\/span><\/div>\n<p id=\"viewer-e6xq7151\" class=\"-Zro6 -ZADH vVfzz AnCKd _57WYp\"><span class=\"d0767 vVfzz\">Detall\u00f3 que en esta ocasi\u00f3n Uruguay, Coahuila y Real de Asientos son el pa\u00eds, estado y municipio invitados de la FNSM 2024, respectivamente; dijo que en el \u00e1rea ferial se exponen los atractivos m\u00e1s relevantes que ofrece cada uno de estos lugares.<\/span><\/p>\n<div id=\"viewer-bpsv6153\" class=\"-Zro6 -ZADH IjV6v _57WYp\"><span class=\"d0767\">\u00a0<\/span><\/div>\n<p id=\"viewer-zdo2n154\" class=\"-Zro6 -ZADH vVfzz AnCKd _57WYp\"><span class=\"d0767 vVfzz\">El programa general de la FNSM se puede consultar en la p\u00e1gina <a class=\"TWoY9 itht3\" href=\"https:\/\/www.feriasanmarcos.com\/\" target=\"_self\" rel=\"noopener noreferrer\">https:\/\/www.feriasanmarcos.com<\/a>.\u00a0<\/span><\/p>\n<\/div>\n<\/div>\n<\/div>\n<\/div>\n<\/div>\n<\/div>\n<\/div>\n<\/div>\n","protected":false},"excerpt":{"rendered":"<p>#informativoelvalledeaguascalientes #novaradioaguascalientes #informativoelvalledeaguascalientesll #ElGiganteDeMexico La Feria Nacional de San Marcos (FNSM) obtuvo el primer lugar en la categor\u00eda Mejor Feria Tradicional para Conectar con Nuestra Cultura, lo que refrenda su posici\u00f3n como la m\u00e1s grande e importante de M\u00e9xico.\u00a0 \u00a0 Este galard\u00f3n fue otorgado en la sexta edici\u00f3n de Lo Mejor de M\u00e9xico 2024, por [&hellip;]<\/p>\n","protected":false},"author":1,"featured_media":55415,"comment_status":"closed","ping_status":"open","sticky":false,"template":"","format":"standard","meta":{"advanced_seo_description":"","jetpack_seo_html_title":"","jetpack_seo_noindex":false,"_jetpack_memberships_contains_paid_content":false,"footnotes":"","jetpack_publicize_message":"","jetpack_publicize_feature_enabled":true,"jetpack_social_post_already_shared":true,"jetpack_social_options":{"image_generator_settings":{"template":"highway","default_image_id":0,"font":"","enabled":false},"version":2}},"categories":[21,4],"tags":[746,22,615,34],"class_list":["post-55414","post","type-post","status-publish","format-standard","has-post-thumbnail","hentry","category-aguascalientes","category-gobierno-del-estado-aguascalientes","tag-fnsm2024","tag-aguascalientes","tag-gobierno-del-estado-de-aguascalientes","tag-sectur"],"jetpack_publicize_connections":[],"jetpack_featured_media_url":"https:\/\/i0.wp.com\/informativoelvalledeaguascalientes.online\/wp-content\/uploads\/2024\/04\/WhatsApp-Image-2024-04-18-at-10.00.08-AM.jpeg?fit=1600%2C946&ssl=1","jetpack-related-posts":[],"jetpack_sharing_enabled":true,"jetpack_likes_enabled":true,"_links":{"self":[{"href":"https:\/\/informativoelvalledeaguascalientes.online\/index.php?rest_route=\/wp\/v2\/posts\/55414","targetHints":{"allow":["GET"]}}],"collection":[{"href":"https:\/\/informativoelvalledeaguascalientes.online\/index.php?rest_route=\/wp\/v2\/posts"}],"about":[{"href":"https:\/\/informativoelvalledeaguascalientes.online\/index.php?rest_route=\/wp\/v2\/types\/post"}],"author":[{"embeddable":true,"href":"https:\/\/informativoelvalledeaguascalientes.online\/index.php?rest_route=\/wp\/v2\/users\/1"}],"replies":[{"embeddable":true,"href":"https:\/\/informativoelvalledeaguascalientes.online\/index.php?rest_route=%2Fwp%2Fv2%2Fcomments&post=55414"}],"version-history":[{"count":1,"href":"https:\/\/informativoelvalledeaguascalientes.online\/index.php?rest_route=\/wp\/v2\/posts\/55414\/revisions"}],"predecessor-version":[{"id":55416,"href":"https:\/\/informativoelvalledeaguascalientes.online\/index.php?rest_route=\/wp\/v2\/posts\/55414\/revisions\/55416"}],"wp:featuredmedia":[{"embeddable":true,"href":"https:\/\/informativoelvalledeaguascalientes.online\/index.php?rest_route=\/wp\/v2\/media\/55415"}],"wp:attachment":[{"href":"https:\/\/informativoelvalledeaguascalientes.online\/index.php?rest_route=%2Fwp%2Fv2%2Fmedia&parent=55414"}],"wp:term":[{"taxonomy":"category","embeddable":true,"href":"https:\/\/informativoelvalledeaguascalientes.online\/index.php?rest_route=%2Fwp%2Fv2%2Fcategories&post=55414"},{"taxonomy":"post_tag","embeddable":true,"href":"https:\/\/informativoelvalledeaguascalientes.online\/index.php?rest_route=%2Fwp%2Fv2%2Ftags&post=55414"}],"curies":[{"name":"wp","href":"https:\/\/api.w.org\/{rel}","templated":true}]}}