{"id":55408,"date":"2024-04-20T21:07:51","date_gmt":"2024-04-21T03:07:51","guid":{"rendered":"https:\/\/informativoelvalledeaguascalientes.online\/?p=55408"},"modified":"2024-04-20T21:10:03","modified_gmt":"2024-04-21T03:10:03","slug":"pequenos-gigantes-impulsa-el-desarrollo-integral-de-nuestros-ninos-y-ninas-de-aguascalientes-tere-jimenez","status":"publish","type":"post","link":"https:\/\/informativoelvalledeaguascalientes.online\/?p=55408","title":{"rendered":"\u201cPEQUE\u00d1OS GIGANTES\u201d IMPULSA EL DESARROLLO INTEGRAL DE NUESTROS NI\u00d1OS Y NI\u00d1AS DE AGUASCALIENTES: TERE JIM\u00c9NEZ"},"content":{"rendered":"<p><strong><a href=\"https:\/\/www.facebook.com\/hashtag\/informativoelvalledeaguascalientes\">#informativoelvalledeaguascalientes<\/a><\/strong><\/p>\n<p><strong><a href=\"https:\/\/www.facebook.com\/hashtag\/novaradioaguascalientes\">#novaradioaguascalientes<\/a><\/strong><\/p>\n<p>#informativoelvalledeaguascalientesll<\/p>\n<p><strong><a href=\"https:\/\/www.facebook.com\/GobiernodeAguascalientes\">#ElGiganteDeMexico<\/a><\/strong><\/p>\n<ul class=\"xErDo AnCKd\">\n<li class=\"_04hd2 vVfzz\" dir=\"auto\">\n<div>\n<p id=\"viewer-oghp4178\" class=\"-Zro6 -ZADH vVfzz AnCKd _57WYp\"><span class=\"d0767 vVfzz\"><strong><em>Se brindar\u00e1 atenci\u00f3n profesional, gratuita y de mayor cobertura a las ni\u00f1as y ni\u00f1os desde la etapa prenatal hasta los 5 a\u00f1os 11 meses<\/em><\/strong><\/span><\/p>\n<\/div>\n<\/li>\n<li class=\"_04hd2 vVfzz\" dir=\"auto\">\n<div>\n<p id=\"viewer-ghj8f181\" class=\"-Zro6 -ZADH vVfzz AnCKd _57WYp\"><span class=\"d0767 vVfzz\"><strong><em>Diversas instituciones del sector salud y educativo impulsar\u00e1n el desarrollo cognitivo, social y emocional durante la etapa infantil<\/em><\/strong><\/span><\/p>\n<\/div>\n<\/li>\n<li class=\"_04hd2 vVfzz\" dir=\"auto\">\n<div>\n<p id=\"viewer-owbe7184\" class=\"-Zro6 -ZADH vVfzz AnCKd _57WYp\"><span class=\"d0767 vVfzz\"><strong><em>A trav\u00e9s de pruebas de tamizaje, se detectar\u00e1n enfermedades desde temprana edad para atenderlas de manera oportuna<\/em><\/strong><\/span><\/p>\n<\/div>\n<\/li>\n<\/ul>\n<div id=\"viewer-salul186\" class=\"-Zro6 -ZADH IjV6v _57WYp\"><span class=\"d0767\">\u00a0<\/span><\/div>\n<p id=\"viewer-q0zfo187\" class=\"-Zro6 -ZADH vVfzz AnCKd _57WYp\"><span class=\"d0767 vVfzz\">La gobernadora de Aguascalientes, Tere Jim\u00e9nez, puso en marcha el esquema de Desarrollo y Estimulaci\u00f3n Infantil \u201cPeque\u00f1os Gigantes\u201d, con el objetivo de brindar una atenci\u00f3n profesional, gratuita y de mayor cobertura a las ni\u00f1as y ni\u00f1os desde la etapa prenatal hasta los 5 a\u00f1os 11 meses de edad.\u00a0<\/span><\/p>\n<div id=\"viewer-5tf3q189\" class=\"-Zro6 -ZADH IjV6v _57WYp\"><span class=\"d0767\">\u00a0<\/span><\/div>\n<p id=\"viewer-16hsu190\" class=\"-Zro6 -ZADH vVfzz AnCKd _57WYp\"><span class=\"d0767 vVfzz\">\u201cSi cuidamos esta etapa del ser humano, vamos a tener personas muy fuertes. Quiero que el d\u00eda de ma\u00f1ana sus hijas e hijos logren sus sue\u00f1os; sabemos que si tienen salud y desarrollaron sus habilidades desde peque\u00f1os, van a estar mejor preparados para enfrentar los desaf\u00edos que les depare el futuro\u201d, indic\u00f3 Tere Jim\u00e9nez.\u00a0\u00a0<\/span><\/p>\n<div id=\"viewer-bj9m2192\" class=\"-Zro6 -ZADH IjV6v _57WYp\"><span class=\"d0767\">\u00a0<\/span><\/div>\n<p id=\"viewer-orpdm193\" class=\"-Zro6 -ZADH vVfzz AnCKd _57WYp\"><span class=\"d0767 vVfzz\">Se\u00f1al\u00f3 que este proyecto es una realidad gracias al apoyo de un equipo de especialistas conformado por el Instituto de Educaci\u00f3n de Aguascalientes (IEA), el Centro de Rehabilitaci\u00f3n e Inclusi\u00f3n Infantil Telet\u00f3n (CRIT) Aguascalientes, el Instituto de Beneficencia P\u00fablica, el Centro de Psicoterapia Infantil \u201cCielo Claro\u201d y el DIF Estatal, as\u00ed como las instituciones municipales de salud mental y escuelas de educaci\u00f3n superior.\u00a0<\/span><\/p>\n<div id=\"viewer-3zlb4195\" class=\"-Zro6 -ZADH IjV6v _57WYp\"><span class=\"d0767\">\u00a0<\/span><\/div>\n<p id=\"viewer-pj4mx196\" class=\"-Zro6 -ZADH vVfzz AnCKd _57WYp\"><span class=\"d0767 vVfzz\">Rub\u00e9n Galaviz Trist\u00e1n, secretario de Salud, reconoci\u00f3 el apoyo de todos los que participan en este proyecto; indic\u00f3 que este programa iniciar\u00e1 con la realizaci\u00f3n de pruebas de tamizaje desde el nacimiento para tener la oportunidad de detectar enfermedades a temprana edad y as\u00ed tratar a las ni\u00f1as y ni\u00f1os desde un inicio.\u00a0<\/span><\/p>\n<div id=\"viewer-4cdm5198\" class=\"-Zro6 -ZADH IjV6v _57WYp\"><span class=\"d0767\">\u00a0<\/span><\/div>\n<p id=\"viewer-on1re199\" class=\"-Zro6 -ZADH vVfzz AnCKd _57WYp\"><span class=\"d0767 vVfzz\">\u201cEn Aguascalientes, la gobernadora le da prioridad a tres pilares importantes: la educaci\u00f3n, la seguridad y la salud,\u00a0 este \u00faltimo\u00a0 rubro atendido con el esquema del Seguro Aguascalientes\u201d, resalt\u00f3 el secretario de Salud.\u00a0<\/span><\/p>\n<div id=\"viewer-tj0um201\" class=\"-Zro6 -ZADH IjV6v _57WYp\"><span class=\"d0767\">\u00a0<\/span><\/div>\n<p id=\"viewer-g9m32202\" class=\"-Zro6 -ZADH vVfzz AnCKd _57WYp\"><span class=\"d0767 vVfzz\">Finalmente, Elo\u00edsa Casta\u00f1eda Bocanegra, madre de familia beneficiada, dijo sentirse muy agradecida, ya que su hijo de apenas un a\u00f1o de edad es atendido en la unidad de Desarrollo Infantil en el Centro de Salud Urbano de San Francisco de los Romo, donde recibe atenci\u00f3n gratuita.\u00a0<\/span><\/p>\n<div id=\"viewer-ux51b204\" class=\"-Zro6 -ZADH IjV6v _57WYp\"><span class=\"d0767\">\u00a0<\/span><\/div>\n<p id=\"viewer-58zup205\" class=\"-Zro6 -ZADH vVfzz AnCKd _57WYp\"><span class=\"d0767 vVfzz\">\u201cYo decid\u00ed acercarme a este espacio porque detect\u00e9 que mi hijo ten\u00eda problemas con su desarrollo; gracias al apoyo de profesionales ahora mi hijo ya sabe caminar y tambi\u00e9n aprendi\u00f3 a decir algunas palabras\u201d, dijo Elo\u00edsa Casta\u00f1eda.<\/span><\/p>\n","protected":false},"excerpt":{"rendered":"<p>#informativoelvalledeaguascalientes #novaradioaguascalientes #informativoelvalledeaguascalientesll #ElGiganteDeMexico Se brindar\u00e1 atenci\u00f3n profesional, gratuita y de mayor cobertura a las ni\u00f1as y ni\u00f1os desde la etapa prenatal hasta los 5 a\u00f1os 11 meses Diversas instituciones del sector salud y educativo impulsar\u00e1n el desarrollo cognitivo, social y emocional durante la etapa infantil A trav\u00e9s de pruebas de tamizaje, se detectar\u00e1n enfermedades [&hellip;]<\/p>\n","protected":false},"author":1,"featured_media":55410,"comment_status":"closed","ping_status":"open","sticky":false,"template":"","format":"standard","meta":{"advanced_seo_description":"","jetpack_seo_html_title":"","jetpack_seo_noindex":false,"_jetpack_memberships_contains_paid_content":false,"footnotes":"","jetpack_publicize_message":"","jetpack_publicize_feature_enabled":true,"jetpack_social_post_already_shared":true,"jetpack_social_options":{"image_generator_settings":{"template":"highway","default_image_id":0,"font":"","enabled":false},"version":2}},"categories":[21,4],"tags":[22,615,39,320],"class_list":["post-55408","post","type-post","status-publish","format-standard","has-post-thumbnail","hentry","category-aguascalientes","category-gobierno-del-estado-aguascalientes","tag-aguascalientes","tag-gobierno-del-estado-de-aguascalientes","tag-iea","tag-tere-jimenez"],"jetpack_publicize_connections":[],"jetpack_featured_media_url":"https:\/\/i0.wp.com\/informativoelvalledeaguascalientes.online\/wp-content\/uploads\/2024\/04\/437547323_987040876112448_7506325011190569753_n.jpeg?fit=1440%2C960&ssl=1","jetpack-related-posts":[],"jetpack_sharing_enabled":true,"jetpack_likes_enabled":true,"_links":{"self":[{"href":"https:\/\/informativoelvalledeaguascalientes.online\/index.php?rest_route=\/wp\/v2\/posts\/55408","targetHints":{"allow":["GET"]}}],"collection":[{"href":"https:\/\/informativoelvalledeaguascalientes.online\/index.php?rest_route=\/wp\/v2\/posts"}],"about":[{"href":"https:\/\/informativoelvalledeaguascalientes.online\/index.php?rest_route=\/wp\/v2\/types\/post"}],"author":[{"embeddable":true,"href":"https:\/\/informativoelvalledeaguascalientes.online\/index.php?rest_route=\/wp\/v2\/users\/1"}],"replies":[{"embeddable":true,"href":"https:\/\/informativoelvalledeaguascalientes.online\/index.php?rest_route=%2Fwp%2Fv2%2Fcomments&post=55408"}],"version-history":[{"count":1,"href":"https:\/\/informativoelvalledeaguascalientes.online\/index.php?rest_route=\/wp\/v2\/posts\/55408\/revisions"}],"predecessor-version":[{"id":55409,"href":"https:\/\/informativoelvalledeaguascalientes.online\/index.php?rest_route=\/wp\/v2\/posts\/55408\/revisions\/55409"}],"wp:featuredmedia":[{"embeddable":true,"href":"https:\/\/informativoelvalledeaguascalientes.online\/index.php?rest_route=\/wp\/v2\/media\/55410"}],"wp:attachment":[{"href":"https:\/\/informativoelvalledeaguascalientes.online\/index.php?rest_route=%2Fwp%2Fv2%2Fmedia&parent=55408"}],"wp:term":[{"taxonomy":"category","embeddable":true,"href":"https:\/\/informativoelvalledeaguascalientes.online\/index.php?rest_route=%2Fwp%2Fv2%2Fcategories&post=55408"},{"taxonomy":"post_tag","embeddable":true,"href":"https:\/\/informativoelvalledeaguascalientes.online\/index.php?rest_route=%2Fwp%2Fv2%2Ftags&post=55408"}],"curies":[{"name":"wp","href":"https:\/\/api.w.org\/{rel}","templated":true}]}}