{"id":55354,"date":"2024-04-19T22:28:23","date_gmt":"2024-04-20T04:28:23","guid":{"rendered":"https:\/\/informativoelvalledeaguascalientes.online\/?p=55354"},"modified":"2024-04-19T22:28:23","modified_gmt":"2024-04-20T04:28:23","slug":"municipio-pone-en-marcha-el-programa-feria-segura-e-incluyente-para-prevenir-la-violencia-contra-la-mujer","status":"publish","type":"post","link":"https:\/\/informativoelvalledeaguascalientes.online\/?p=55354","title":{"rendered":"MUNICIPIO PONE EN MARCHA EL PROGRAMA \u201cFERIA SEGURA E INCLUYENTE\u201d PARA PREVENIR LA VIOLENCIA CONTRA LA MUJER"},"content":{"rendered":"<p><strong><a href=\"https:\/\/www.facebook.com\/hashtag\/informativoelvalledeaguascalientes\">#informativoelvalledeaguascalientes<\/a><\/strong><\/p>\n<p>#informativoelvalledeaguascalientesll<\/p>\n<p><strong><a href=\"https:\/\/www.facebook.com\/hashtag\/novaradioaguascalientes\">#novaradioaguascalientes<\/a><\/strong><\/p>\n<p><strong><a class=\"x1i10hfl xjbqb8w x6umtig x1b1mbwd xaqea5y xav7gou x9f619 x1ypdohk xt0psk2 xe8uvvx xdj266r x11i5rnm xat24cr x1mh8g0r xexx8yu x4uap5 x18d9i69 xkhd6sd x16tdsg8 x1hl2dhg xggy1nq x1a2a7pz xt0b8zv x1qq9wsj xo1l8bm\" tabindex=\"0\" role=\"link\" href=\"https:\/\/www.facebook.com\/hashtag\/laciudaddetuvida?__eep__=6&amp;__cft__[0]=AZVUzG-uzEgkHBxlWi4clX4-qXx_nfGicugdShvx3oYxvDeUIl1My5bfFXiXTmVU7O9FCNwHdVuQiVqIjO99-u7dxeUq1S3CqcB1PNpBXLQtm-Q1JLiRFFX8c4SEMe3VqRRgSs9kS8-Ajp6HnW6ebLd3GeB3j-SCsEGrTUVXz1WdbDeQs8bs0Dry33nLaV6fVU4&amp;__tn__=*NK-R\">#LaCiudadDeTuVida<\/a><\/strong><\/p>\n<ul>\n<li><em><strong>Con este programa se busca salvaguardar la integridad de las feriantes y fortalecer la cultura de la no discriminaci\u00f3n<\/strong><\/em>.<\/li>\n<\/ul>\n<p>&nbsp;<\/p>\n<p>El Instituto Municipal de la Mujer (IMMA) en conjunto con la Direcci\u00f3n de Reglamentos, la Unidad de Derechos Humanos del H. Ayuntamiento de Aguascalientes y la Secretar\u00eda de Seguridad P\u00fablica Municipal, ponen en marcha el programa de concientizaci\u00f3n para la prevenci\u00f3n y atenci\u00f3n de actos de violencia hacia las mujeres durante el periodo de Feria Nacional de San Marcos 2024, a trav\u00e9s de capacitaci\u00f3n a personal de restaurantes, bares y antros.<\/p>\n<p>&nbsp;<\/p>\n<p>Con el objetivo de salvaguardar la integridad de las feriantes, cada a\u00f1o el IMMA se suma con actividades de concientizaci\u00f3n y capacitaci\u00f3n en temas de prevenci\u00f3n y protecci\u00f3n de las mujeres en el per\u00edmetro de ferial, mediante la difusi\u00f3n de protocolos a seguir por parte de v\u00edctimas o testigos de alguna agresi\u00f3n, disposici\u00f3n de n\u00fameros de atenci\u00f3n, entre otros.<\/p>\n<p>&nbsp;<\/p>\n<p>Este a\u00f1o, con la puesta en marcha del programa \u201cFeria Segura e Incluyente\u201d el objetivo es:<\/p>\n<ul>\n<li>Capacitar a trabajadores del ramo de servicios para atender y canalizar de forma inmediata actos de la violencia contra la mujer.<\/li>\n<li>Por parte de la Direcci\u00f3n de Reglamentos y la Unidad de Derechos Humanos del Municipio se llevar\u00e1 a cabo la colocaci\u00f3n de insignias de no discriminaci\u00f3n en establecimientos.<\/li>\n<li>Mediante operativos de difusi\u00f3n se dar\u00e1 a conocer los protocolos a seguir en situaciones de riesgo para las mujeres, as\u00ed como las l\u00edneas de contacto de atenci\u00f3n y denuncia.<\/li>\n<\/ul>\n<p>&nbsp;<\/p>\n<p>La insignia tiene por objetivo fortalecer la cultura de la no discriminaci\u00f3n por cuestiones de g\u00e9nero, preferencias sexuales, religi\u00f3n, discapacidades, nacionalidad, entre otras, dispuestas en el C\u00f3digo Municipal para contribuir en la prevenci\u00f3n de acciones que vulneren o violenten los derechos humanos de quienes acuden a estos espacios.<\/p>\n<p>&nbsp;<\/p>\n<p>El IMMA pone a disposici\u00f3n de la poblaci\u00f3n el n\u00famero para reportar y denunciar cualquier acto que vulnere la seguridad de las mujeres en el per\u00edmetro de la feria: 449 994 66 16 de la Polic\u00eda de Atenci\u00f3n a la Violencia de G\u00e9nero.<\/p>\n","protected":false},"excerpt":{"rendered":"<p>#informativoelvalledeaguascalientes #informativoelvalledeaguascalientesll #novaradioaguascalientes #LaCiudadDeTuVida Con este programa se busca salvaguardar la integridad de las feriantes y fortalecer la cultura de la no discriminaci\u00f3n. &nbsp; El Instituto Municipal de la Mujer (IMMA) en conjunto con la Direcci\u00f3n de Reglamentos, la Unidad de Derechos Humanos del H. Ayuntamiento de Aguascalientes y la Secretar\u00eda de Seguridad P\u00fablica Municipal, [&hellip;]<\/p>\n","protected":false},"author":1,"featured_media":55355,"comment_status":"closed","ping_status":"open","sticky":false,"template":"","format":"standard","meta":{"advanced_seo_description":"","jetpack_seo_html_title":"","jetpack_seo_noindex":false,"_jetpack_memberships_contains_paid_content":false,"footnotes":"","jetpack_publicize_message":"","jetpack_publicize_feature_enabled":true,"jetpack_social_post_already_shared":true,"jetpack_social_options":{"image_generator_settings":{"template":"highway","default_image_id":0,"font":"","enabled":false},"version":2}},"categories":[21,3],"tags":[22,25,132],"class_list":["post-55354","post","type-post","status-publish","format-standard","has-post-thumbnail","hentry","category-aguascalientes","category-municipio-aguascalientes","tag-aguascalientes","tag-mpio-aguascalientes","tag-mpio-aguascalientes-imma"],"jetpack_publicize_connections":[],"jetpack_featured_media_url":"https:\/\/i0.wp.com\/informativoelvalledeaguascalientes.online\/wp-content\/uploads\/2024\/04\/ANIMACION-IMMA-1.png?fit=1181%2C1181&ssl=1","jetpack-related-posts":[],"jetpack_sharing_enabled":true,"jetpack_likes_enabled":true,"_links":{"self":[{"href":"https:\/\/informativoelvalledeaguascalientes.online\/index.php?rest_route=\/wp\/v2\/posts\/55354","targetHints":{"allow":["GET"]}}],"collection":[{"href":"https:\/\/informativoelvalledeaguascalientes.online\/index.php?rest_route=\/wp\/v2\/posts"}],"about":[{"href":"https:\/\/informativoelvalledeaguascalientes.online\/index.php?rest_route=\/wp\/v2\/types\/post"}],"author":[{"embeddable":true,"href":"https:\/\/informativoelvalledeaguascalientes.online\/index.php?rest_route=\/wp\/v2\/users\/1"}],"replies":[{"embeddable":true,"href":"https:\/\/informativoelvalledeaguascalientes.online\/index.php?rest_route=%2Fwp%2Fv2%2Fcomments&post=55354"}],"version-history":[{"count":1,"href":"https:\/\/informativoelvalledeaguascalientes.online\/index.php?rest_route=\/wp\/v2\/posts\/55354\/revisions"}],"predecessor-version":[{"id":55356,"href":"https:\/\/informativoelvalledeaguascalientes.online\/index.php?rest_route=\/wp\/v2\/posts\/55354\/revisions\/55356"}],"wp:featuredmedia":[{"embeddable":true,"href":"https:\/\/informativoelvalledeaguascalientes.online\/index.php?rest_route=\/wp\/v2\/media\/55355"}],"wp:attachment":[{"href":"https:\/\/informativoelvalledeaguascalientes.online\/index.php?rest_route=%2Fwp%2Fv2%2Fmedia&parent=55354"}],"wp:term":[{"taxonomy":"category","embeddable":true,"href":"https:\/\/informativoelvalledeaguascalientes.online\/index.php?rest_route=%2Fwp%2Fv2%2Fcategories&post=55354"},{"taxonomy":"post_tag","embeddable":true,"href":"https:\/\/informativoelvalledeaguascalientes.online\/index.php?rest_route=%2Fwp%2Fv2%2Ftags&post=55354"}],"curies":[{"name":"wp","href":"https:\/\/api.w.org\/{rel}","templated":true}]}}