{"id":55317,"date":"2024-04-19T19:30:10","date_gmt":"2024-04-20T01:30:10","guid":{"rendered":"https:\/\/informativoelvalledeaguascalientes.online\/?p=55317"},"modified":"2024-04-19T19:30:10","modified_gmt":"2024-04-20T01:30:10","slug":"laura-ponce-impulsara-un-transporte-publico-digno-y-eficiente-asi-como-el-emprendimiento-transversal","status":"publish","type":"post","link":"https:\/\/informativoelvalledeaguascalientes.online\/?p=55317","title":{"rendered":"Laura Ponce impulsar\u00e1 un transporte p\u00fablico digno y eficiente, as\u00ed como el emprendimiento transversal"},"content":{"rendered":"<p><strong><a href=\"https:\/\/www.facebook.com\/hashtag\/informativoelvalledeaguascalientes\">#informativoelvalledeaguascalientes<\/a><\/strong><\/p>\n<p><strong><a href=\"https:\/\/www.facebook.com\/hashtag\/novaradioaguascalientes\">#novaradioaguascalientes<\/a><\/strong><\/p>\n<p>#informativoelvalledeaguascalientesll<\/p>\n<p><strong>\u00a0<\/strong><\/p>\n<ul>\n<li>Inici\u00f3 el d\u00eda subi\u00e9ndose a un cami\u00f3n urbano que recorri\u00f3 desde Margaritas hasta zona centro<\/li>\n<li>Platic\u00f3 con vecinas y vecinos de La Florida y Arboledas Paso Blanco acerca de la importancia de apoyar a las personas para emprender y crecer sus negocios.<\/li>\n<li>Visit\u00f3 tambi\u00e9n a comerciantes de Paseos de Aguascalientes.<\/li>\n<\/ul>\n<p>&nbsp;<\/p>\n<p>Desde muy temprano, la candidata del PAN se subi\u00f3 a una ruta de cami\u00f3n urbano para compartir sus propuestas con usuarios del transporte urbano. \u201cCuando era m\u00e1s joven, me tocaba salir a las 6 de la ma\u00f1ana de mi casa para ir a trabajar, y ya no volv\u00eda hasta en la noche para ayudar a mis hijos con las tareas, por eso estoy muy comprometida para que el transporte p\u00fablico sea eficiente y tambi\u00e9n incluyente con los adultos mayores y personas con discapacidad\u201d, coment\u00f3 Laura Ponce.<\/p>\n<p>&nbsp;<\/p>\n<p>La candidata por el distrito 7 platic\u00f3 en sus recorridos en colonias acerca de sus propuestas, como el impulso al emprendimiento transversal, que busca fomentar las cualidades, habilidades y conocimiento de las personas, para que puedan materializarlos en una actividad empresarial. Con los comercios que est\u00e1n en la Av. Paseos de Aguascalientes, coment\u00f3: \u201clos felicit\u00f3 por sus emprendimientos, s\u00e9 que no es f\u00e1cil iniciar y crecer un negocio, pero cuenten conmigo para seguir gestionando presupuesto para los proyectos que necesitan para impulsar sus ideas y sue\u00f1os\u201d.<\/p>\n<p>&nbsp;<\/p>\n<p>Al finalizar su cuarto d\u00eda de campa\u00f1a en reuni\u00f3n vecinal en Arboledas Paso Blanco, Laura Ponce escuch\u00f3 a los habitantes de ese fraccionamiento y entabl\u00f3 un di\u00e1logo para llevar sus peticiones al Congreso del Estado, con el fin de hacer leyes que beneficien a todas y todos. \u00a0Tambi\u00e9n agradeci\u00f3 el apoyo que le han brindado durante estos tres a\u00f1os que Laura ha sido diputada, y se comprometi\u00f3 a seguir trabajando de la mano de la ciudadan\u00eda.<\/p>\n","protected":false},"excerpt":{"rendered":"<p>#informativoelvalledeaguascalientes #novaradioaguascalientes #informativoelvalledeaguascalientesll \u00a0 Inici\u00f3 el d\u00eda subi\u00e9ndose a un cami\u00f3n urbano que recorri\u00f3 desde Margaritas hasta zona centro Platic\u00f3 con vecinas y vecinos de La Florida y Arboledas Paso Blanco acerca de la importancia de apoyar a las personas para emprender y crecer sus negocios. Visit\u00f3 tambi\u00e9n a comerciantes de Paseos de Aguascalientes. &nbsp; [&hellip;]<\/p>\n","protected":false},"author":1,"featured_media":55319,"comment_status":"closed","ping_status":"open","sticky":false,"template":"","format":"standard","meta":{"advanced_seo_description":"","jetpack_seo_html_title":"","jetpack_seo_noindex":false,"_jetpack_memberships_contains_paid_content":false,"footnotes":"","jetpack_publicize_message":"","jetpack_publicize_feature_enabled":true,"jetpack_social_post_already_shared":true,"jetpack_social_options":{"image_generator_settings":{"template":"highway","default_image_id":0,"font":"","enabled":false},"version":2}},"categories":[21,762,7],"tags":[22,764,763,23],"class_list":["post-55317","post","type-post","status-publish","format-standard","has-post-thumbnail","hentry","category-aguascalientes","category-elecciones-2024","category-pan-aguascalientes","tag-aguascalientes","tag-elecciones-2024","tag-laura-ponce","tag-pan-aguascalientes"],"jetpack_publicize_connections":[],"jetpack_featured_media_url":"https:\/\/i0.wp.com\/informativoelvalledeaguascalientes.online\/wp-content\/uploads\/2024\/04\/WhatsApp-Image-2024-04-19-at-6.00.30-PM.jpeg?fit=1600%2C1200&ssl=1","jetpack-related-posts":[],"jetpack_sharing_enabled":true,"jetpack_likes_enabled":true,"_links":{"self":[{"href":"https:\/\/informativoelvalledeaguascalientes.online\/index.php?rest_route=\/wp\/v2\/posts\/55317","targetHints":{"allow":["GET"]}}],"collection":[{"href":"https:\/\/informativoelvalledeaguascalientes.online\/index.php?rest_route=\/wp\/v2\/posts"}],"about":[{"href":"https:\/\/informativoelvalledeaguascalientes.online\/index.php?rest_route=\/wp\/v2\/types\/post"}],"author":[{"embeddable":true,"href":"https:\/\/informativoelvalledeaguascalientes.online\/index.php?rest_route=\/wp\/v2\/users\/1"}],"replies":[{"embeddable":true,"href":"https:\/\/informativoelvalledeaguascalientes.online\/index.php?rest_route=%2Fwp%2Fv2%2Fcomments&post=55317"}],"version-history":[{"count":1,"href":"https:\/\/informativoelvalledeaguascalientes.online\/index.php?rest_route=\/wp\/v2\/posts\/55317\/revisions"}],"predecessor-version":[{"id":55320,"href":"https:\/\/informativoelvalledeaguascalientes.online\/index.php?rest_route=\/wp\/v2\/posts\/55317\/revisions\/55320"}],"wp:featuredmedia":[{"embeddable":true,"href":"https:\/\/informativoelvalledeaguascalientes.online\/index.php?rest_route=\/wp\/v2\/media\/55319"}],"wp:attachment":[{"href":"https:\/\/informativoelvalledeaguascalientes.online\/index.php?rest_route=%2Fwp%2Fv2%2Fmedia&parent=55317"}],"wp:term":[{"taxonomy":"category","embeddable":true,"href":"https:\/\/informativoelvalledeaguascalientes.online\/index.php?rest_route=%2Fwp%2Fv2%2Fcategories&post=55317"},{"taxonomy":"post_tag","embeddable":true,"href":"https:\/\/informativoelvalledeaguascalientes.online\/index.php?rest_route=%2Fwp%2Fv2%2Ftags&post=55317"}],"curies":[{"name":"wp","href":"https:\/\/api.w.org\/{rel}","templated":true}]}}