{"id":55300,"date":"2024-04-18T00:05:21","date_gmt":"2024-04-18T06:05:21","guid":{"rendered":"https:\/\/informativoelvalledeaguascalientes.online\/?p=55300"},"modified":"2024-04-18T00:05:21","modified_gmt":"2024-04-18T06:05:21","slug":"proteccion-civil-emite-recomendaciones-para-prevenir-accidentes-en-el-hogar-durante-estas-vacaciones","status":"publish","type":"post","link":"https:\/\/informativoelvalledeaguascalientes.online\/?p=55300","title":{"rendered":"PROTECCI\u00d3N CIVIL EMITE RECOMENDACIONES PARA PREVENIR ACCIDENTES EN EL HOGAR DURANTE ESTAS VACACIONES"},"content":{"rendered":"<div id=\"bgLayers_comp-l7sh9ubr2\" class=\"MW5IWV\" data-hook=\"bgLayers\" data-motion-part=\"BG_LAYER\">\n<div id=\"bgMedia_comp-l7sh9ubr2\" class=\"VgO9Yg\" data-motion-part=\"BG_MEDIA\">\n<p><strong><a href=\"https:\/\/www.facebook.com\/hashtag\/informativoelvalledeaguascalientes\">#informativoelvalledeaguascalientes<\/a><\/strong><\/p>\n<p><strong><a href=\"https:\/\/www.facebook.com\/hashtag\/novaradioaguascalientes\">#novaradioaguascalientes<\/a><\/strong><\/p>\n<p>#informativoelvalledeaguascalientesll<\/p>\n<p><strong><a href=\"https:\/\/www.facebook.com\/GobiernodeAguascalientes\">#ElGiganteDeMexico<\/a><\/strong><\/p>\n<\/div>\n<\/div>\n<div class=\"\" data-mesh-id=\"comp-l7sh9ubr2inlineContent\" data-testid=\"inline-content\">\n<div data-mesh-id=\"comp-l7sh9ubr2inlineContent-gridContainer\" data-testid=\"mesh-container-content\">\n<div id=\"comp-l7sh9ubx\" class=\"TWFxr5 \">\n<div class=\"comp-l7sh9ubx\">\n<div class=\"siSdJK4 comp-l7sh9ubx\" data-hook=\"ricosviewer-wrapper\">\n<div class=\"U4I07\" dir=\"ltr\" data-id=\"content-viewer\">\n<div class=\"hl-xW\">\n<div>\n<p id=\"viewer-foo\" class=\"-Zro6 -ZADH IjV6v AnCKd _57WYp\"><span class=\"d0767\">El Gobierno del Estado de Aguascalientes invita a la ciudadan\u00eda a seguir algunas recomendaciones para evitar accidentes al interior del hogar durante este periodo vacacional.<\/span><\/p>\n<div id=\"viewer-dfj47110\" class=\"-Zro6 -ZADH IjV6v _57WYp\"><span class=\"d0767\">\u00a0<\/span><\/div>\n<p id=\"viewer-6nemk111\" class=\"-Zro6 -ZADH vVfzz AnCKd _57WYp\"><span class=\"d0767 vVfzz\">A trav\u00e9s de la Coordinaci\u00f3n Estatal de Protecci\u00f3n Civil (CEPC), se sugiere a los padres y madres de familia mantener a la vista siempre a ni\u00f1os y ni\u00f1as, as\u00ed como hacerles saber los riesgos que pudieran representar algunas actividades.<\/span><\/p>\n<div id=\"viewer-oxnz6113\" class=\"-Zro6 -ZADH IjV6v _57WYp\"><span class=\"d0767\">\u00a0<\/span><\/div>\n<p id=\"viewer-1l758114\" class=\"-Zro6 -ZADH vVfzz AnCKd _57WYp\"><span class=\"d0767 vVfzz\">Entre los principales consejos que se deben tomar en consideraci\u00f3n est\u00e1 el evitar tener a la vista objetos que pudieran ser inflamables, provocar incendios o quemaduras en los menores, como planchas, estufas, encendedores, cerillos, resistencias, cuchillos, entre otros; es importante evitar que ni\u00f1os y ni\u00f1as jueguen en la cocina.<\/span><\/p>\n<div id=\"viewer-3brey116\" class=\"-Zro6 -ZADH IjV6v _57WYp\"><span class=\"d0767\">\u00a0<\/span><\/div>\n<p id=\"viewer-3816b117\" class=\"-Zro6 -ZADH vVfzz AnCKd _57WYp\"><span class=\"d0767 vVfzz\">Se recomienda resguardar bajo llave medicamentos y sustancias abrasivas que pudieran ser ingeridas y causar intoxicaci\u00f3n; en el caso de l\u00edquidos t\u00f3xicos, evitar tenerlos en envases de bebidas, hay que conservarlos en envases originales y etiquetar con una se\u00f1al de peligro.<\/span><\/p>\n<div id=\"viewer-zwcvs119\" class=\"-Zro6 -ZADH IjV6v _57WYp\"><span class=\"d0767\">\u00a0<\/span><\/div>\n<p id=\"viewer-tuvw2120\" class=\"-Zro6 -ZADH vVfzz AnCKd _57WYp\"><span class=\"d0767 vVfzz\">Otra de las recomendaciones que la instituci\u00f3n hace a los padres y madres de familia, es cuidar que los menores no corran sobre pisos mojados y mantener bien cerrados los aljibes y pilas, adem\u00e1s de evitar dejar a su alcance baldes o cubetas con agua.<\/span><\/p>\n<div id=\"viewer-ya5lp122\" class=\"-Zro6 -ZADH IjV6v _57WYp\"><span class=\"d0767\">\u00a0<\/span><\/div>\n<p id=\"viewer-m0yf4123\" class=\"-Zro6 -ZADH vVfzz AnCKd _57WYp\"><span class=\"d0767 vVfzz\">De igual forma, se pide evitar su acceso a azoteas o pisos donde no haya la debida protecci\u00f3n o que tengan acceso a cables con corriente el\u00e9ctrica.<\/span><\/p>\n<div id=\"viewer-9h7p4125\" class=\"-Zro6 -ZADH IjV6v _57WYp\"><span class=\"d0767\">\u00a0<\/span><\/div>\n<p id=\"viewer-ljyle126\" class=\"-Zro6 -ZADH vVfzz AnCKd _57WYp\"><span class=\"d0767 vVfzz\">Finalmente, la Coordinaci\u00f3n Estatal de Protecci\u00f3n Civil pide a la poblaci\u00f3n que ante cualquier situaci\u00f3n de emergencia, se comuniquen de inmediato al n\u00famero 911 para una r\u00e1pida intervenci\u00f3n de las autoridades correspondientes.<\/span><\/p>\n<\/div>\n<\/div>\n<\/div>\n<\/div>\n<\/div>\n<\/div>\n<\/div>\n<\/div>\n","protected":false},"excerpt":{"rendered":"<p>#informativoelvalledeaguascalientes #novaradioaguascalientes #informativoelvalledeaguascalientesll #ElGiganteDeMexico El Gobierno del Estado de Aguascalientes invita a la ciudadan\u00eda a seguir algunas recomendaciones para evitar accidentes al interior del hogar durante este periodo vacacional. \u00a0 A trav\u00e9s de la Coordinaci\u00f3n Estatal de Protecci\u00f3n Civil (CEPC), se sugiere a los padres y madres de familia mantener a la vista siempre a [&hellip;]<\/p>\n","protected":false},"author":1,"featured_media":55301,"comment_status":"closed","ping_status":"open","sticky":false,"template":"","format":"standard","meta":{"advanced_seo_description":"","jetpack_seo_html_title":"","jetpack_seo_noindex":false,"_jetpack_memberships_contains_paid_content":false,"footnotes":"","jetpack_publicize_message":"","jetpack_publicize_feature_enabled":true,"jetpack_social_post_already_shared":true,"jetpack_social_options":{"image_generator_settings":{"template":"highway","default_image_id":0,"font":"","enabled":false},"version":2}},"categories":[21,4],"tags":[22,466,615],"class_list":["post-55300","post","type-post","status-publish","format-standard","has-post-thumbnail","hentry","category-aguascalientes","category-gobierno-del-estado-aguascalientes","tag-aguascalientes","tag-coordinacion-estatal-de-proteccion-civil","tag-gobierno-del-estado-de-aguascalientes"],"jetpack_publicize_connections":[],"jetpack_featured_media_url":"https:\/\/i0.wp.com\/informativoelvalledeaguascalientes.online\/wp-content\/uploads\/2024\/04\/WhatsApp-Image-2024-04-17-at-10.44.32-AM-3.jpeg?fit=1600%2C1040&ssl=1","jetpack-related-posts":[],"jetpack_sharing_enabled":true,"jetpack_likes_enabled":true,"_links":{"self":[{"href":"https:\/\/informativoelvalledeaguascalientes.online\/index.php?rest_route=\/wp\/v2\/posts\/55300","targetHints":{"allow":["GET"]}}],"collection":[{"href":"https:\/\/informativoelvalledeaguascalientes.online\/index.php?rest_route=\/wp\/v2\/posts"}],"about":[{"href":"https:\/\/informativoelvalledeaguascalientes.online\/index.php?rest_route=\/wp\/v2\/types\/post"}],"author":[{"embeddable":true,"href":"https:\/\/informativoelvalledeaguascalientes.online\/index.php?rest_route=\/wp\/v2\/users\/1"}],"replies":[{"embeddable":true,"href":"https:\/\/informativoelvalledeaguascalientes.online\/index.php?rest_route=%2Fwp%2Fv2%2Fcomments&post=55300"}],"version-history":[{"count":1,"href":"https:\/\/informativoelvalledeaguascalientes.online\/index.php?rest_route=\/wp\/v2\/posts\/55300\/revisions"}],"predecessor-version":[{"id":55302,"href":"https:\/\/informativoelvalledeaguascalientes.online\/index.php?rest_route=\/wp\/v2\/posts\/55300\/revisions\/55302"}],"wp:featuredmedia":[{"embeddable":true,"href":"https:\/\/informativoelvalledeaguascalientes.online\/index.php?rest_route=\/wp\/v2\/media\/55301"}],"wp:attachment":[{"href":"https:\/\/informativoelvalledeaguascalientes.online\/index.php?rest_route=%2Fwp%2Fv2%2Fmedia&parent=55300"}],"wp:term":[{"taxonomy":"category","embeddable":true,"href":"https:\/\/informativoelvalledeaguascalientes.online\/index.php?rest_route=%2Fwp%2Fv2%2Fcategories&post=55300"},{"taxonomy":"post_tag","embeddable":true,"href":"https:\/\/informativoelvalledeaguascalientes.online\/index.php?rest_route=%2Fwp%2Fv2%2Ftags&post=55300"}],"curies":[{"name":"wp","href":"https:\/\/api.w.org\/{rel}","templated":true}]}}