{"id":55297,"date":"2024-04-17T23:56:11","date_gmt":"2024-04-18T05:56:11","guid":{"rendered":"https:\/\/informativoelvalledeaguascalientes.online\/?p=55297"},"modified":"2024-04-17T23:56:11","modified_gmt":"2024-04-18T05:56:11","slug":"tere-jimenez-estrecha-lazos-de-cooperacion-con-manuel-carvalho-embajador-de-portugal","status":"publish","type":"post","link":"https:\/\/informativoelvalledeaguascalientes.online\/?p=55297","title":{"rendered":"TERE JIM\u00c9NEZ ESTRECHA LAZOS DE COOPERACI\u00d3N CON MANUEL CARVALHO, EMBAJADOR DE PORTUGAL"},"content":{"rendered":"<div id=\"bgLayers_comp-l7sh9ubr2\" class=\"MW5IWV\" data-hook=\"bgLayers\" data-motion-part=\"BG_LAYER\">\n<div id=\"bgMedia_comp-l7sh9ubr2\" class=\"VgO9Yg\" data-motion-part=\"BG_MEDIA\">\n<p><strong><a href=\"https:\/\/www.facebook.com\/hashtag\/informativoelvalledeaguascalientes\">#informativoelvalledeaguascalientes<\/a><\/strong><\/p>\n<p><strong><a href=\"https:\/\/www.facebook.com\/hashtag\/novaradioaguascalientes\">#novaradioaguascalientes<\/a><\/strong><\/p>\n<p>#informativoelvalledeaguascalientesll<\/p>\n<p><strong><a href=\"https:\/\/www.facebook.com\/GobiernodeAguascalientes\">#ElGiganteDeMexico<\/a><\/strong><\/p>\n<\/div>\n<\/div>\n<div class=\"\" data-mesh-id=\"comp-l7sh9ubr2inlineContent\" data-testid=\"inline-content\">\n<div data-mesh-id=\"comp-l7sh9ubr2inlineContent-gridContainer\" data-testid=\"mesh-container-content\">\n<div id=\"comp-l7sh9ubx\" class=\"TWFxr5 \">\n<div class=\"comp-l7sh9ubx\">\n<div class=\"siSdJK4 comp-l7sh9ubx\" data-hook=\"ricosviewer-wrapper\">\n<div class=\"U4I07\" dir=\"ltr\" data-id=\"content-viewer\">\n<div class=\"hl-xW\">\n<div>\n<p id=\"viewer-foo\" class=\"-Zro6 -ZADH vVfzz AnCKd _57WYp\"><span class=\"d0767 vVfzz\">Como parte de su inter\u00e9s por fortalecer las relaciones internacionales, la gobernadora de Aguascalientes, Tere Jim\u00e9nez, sostuvo una reuni\u00f3n con el embajador de Portugal en M\u00e9xico, Manuel Carvalho, con quien acord\u00f3 trabajar de la mano en las \u00e1reas de comercio, inversi\u00f3n, cultura y turismo, entre otras.<\/span><\/p>\n<div id=\"viewer-1i3sn152\" class=\"-Zro6 -ZADH vVfzz _57WYp\"><span class=\"d0767 vVfzz\">\u00a0<\/span><\/div>\n<p id=\"viewer-mqxzc153\" class=\"-Zro6 -ZADH vVfzz AnCKd _57WYp\"><span class=\"d0767 vVfzz\">\u201cAguascalientes est\u00e1 preparado para destacar en todo el mundo; actualmente ya nuestros estudiantes se preparan en tecnolog\u00edas de la informaci\u00f3n para responder a las demandas internacionales; adem\u00e1s el estado tiene una riqueza cultural, tradiciones, pueblos m\u00e1gicos, gente trabajadora que lo hace ser el punto log\u00edstico m\u00e1s importante para hacer negocios\u201d, mencion\u00f3 la gobernadora.\u00a0<\/span><\/p>\n<div id=\"viewer-fjssj155\" class=\"-Zro6 -ZADH vVfzz _57WYp\"><span class=\"d0767 vVfzz\">\u00a0<\/span><\/div>\n<p id=\"viewer-f8esx156\" class=\"-Zro6 -ZADH vVfzz AnCKd _57WYp\"><span class=\"d0767 vVfzz\">Manuel Carvalho, embajador de Portugal en M\u00e9xico, manifest\u00f3 su disposici\u00f3n para fomentar la relaci\u00f3n bilateral, pues dijo, Aguascalientes es un gran estado.<\/span><\/p>\n<div id=\"viewer-tr9c6158\" class=\"-Zro6 -ZADH vVfzz _57WYp\"><span class=\"d0767 vVfzz\">\u00a0<\/span><\/div>\n<p id=\"viewer-n3cl2159\" class=\"-Zro6 -ZADH vVfzz AnCKd _57WYp\"><span class=\"d0767 vVfzz\">\u201cAguascalientes es un estado que tiene seguridad, orden, tranquilidad y adem\u00e1s es moderno, tambi\u00e9n tiene una muy buena actividad econ\u00f3mica\u201d, subray\u00f3 el embajador.\u00a0<\/span><\/p>\n<div id=\"viewer-nd893161\" class=\"-Zro6 -ZADH vVfzz _57WYp\"><span class=\"d0767 vVfzz\">\u00a0<\/span><\/div>\n<p id=\"viewer-vzuxs162\" class=\"-Zro6 -ZADH vVfzz AnCKd _57WYp\"><span class=\"d0767 vVfzz\">En la reuni\u00f3n tambi\u00e9n estuvieron presentes Gloria Romo Cuesta, secretaria de Turismo del Estado, y Esa\u00fa Garza de la Vega, secretario de Desarrollo Econ\u00f3mico, Ciencia y Tecnolog\u00eda del Estado.<\/span><\/p>\n<\/div>\n<\/div>\n<\/div>\n<\/div>\n<\/div>\n<\/div>\n<\/div>\n<\/div>\n","protected":false},"excerpt":{"rendered":"<p>#informativoelvalledeaguascalientes #novaradioaguascalientes #informativoelvalledeaguascalientesll #ElGiganteDeMexico Como parte de su inter\u00e9s por fortalecer las relaciones internacionales, la gobernadora de Aguascalientes, Tere Jim\u00e9nez, sostuvo una reuni\u00f3n con el embajador de Portugal en M\u00e9xico, Manuel Carvalho, con quien acord\u00f3 trabajar de la mano en las \u00e1reas de comercio, inversi\u00f3n, cultura y turismo, entre otras. \u00a0 \u201cAguascalientes est\u00e1 preparado para [&hellip;]<\/p>\n","protected":false},"author":1,"featured_media":55298,"comment_status":"closed","ping_status":"open","sticky":false,"template":"","format":"standard","meta":{"advanced_seo_description":"","jetpack_seo_html_title":"","jetpack_seo_noindex":false,"_jetpack_memberships_contains_paid_content":false,"footnotes":"","jetpack_publicize_message":"","jetpack_publicize_feature_enabled":true,"jetpack_social_post_already_shared":true,"jetpack_social_options":{"image_generator_settings":{"template":"highway","default_image_id":0,"font":"","enabled":false},"version":2}},"categories":[21,4],"tags":[22,615,320],"class_list":["post-55297","post","type-post","status-publish","format-standard","has-post-thumbnail","hentry","category-aguascalientes","category-gobierno-del-estado-aguascalientes","tag-aguascalientes","tag-gobierno-del-estado-de-aguascalientes","tag-tere-jimenez"],"jetpack_publicize_connections":[],"jetpack_featured_media_url":"https:\/\/i0.wp.com\/informativoelvalledeaguascalientes.online\/wp-content\/uploads\/2024\/04\/IMG_0194-scaled.jpg?fit=2560%2C1707&ssl=1","jetpack-related-posts":[],"jetpack_sharing_enabled":true,"jetpack_likes_enabled":true,"_links":{"self":[{"href":"https:\/\/informativoelvalledeaguascalientes.online\/index.php?rest_route=\/wp\/v2\/posts\/55297","targetHints":{"allow":["GET"]}}],"collection":[{"href":"https:\/\/informativoelvalledeaguascalientes.online\/index.php?rest_route=\/wp\/v2\/posts"}],"about":[{"href":"https:\/\/informativoelvalledeaguascalientes.online\/index.php?rest_route=\/wp\/v2\/types\/post"}],"author":[{"embeddable":true,"href":"https:\/\/informativoelvalledeaguascalientes.online\/index.php?rest_route=\/wp\/v2\/users\/1"}],"replies":[{"embeddable":true,"href":"https:\/\/informativoelvalledeaguascalientes.online\/index.php?rest_route=%2Fwp%2Fv2%2Fcomments&post=55297"}],"version-history":[{"count":1,"href":"https:\/\/informativoelvalledeaguascalientes.online\/index.php?rest_route=\/wp\/v2\/posts\/55297\/revisions"}],"predecessor-version":[{"id":55299,"href":"https:\/\/informativoelvalledeaguascalientes.online\/index.php?rest_route=\/wp\/v2\/posts\/55297\/revisions\/55299"}],"wp:featuredmedia":[{"embeddable":true,"href":"https:\/\/informativoelvalledeaguascalientes.online\/index.php?rest_route=\/wp\/v2\/media\/55298"}],"wp:attachment":[{"href":"https:\/\/informativoelvalledeaguascalientes.online\/index.php?rest_route=%2Fwp%2Fv2%2Fmedia&parent=55297"}],"wp:term":[{"taxonomy":"category","embeddable":true,"href":"https:\/\/informativoelvalledeaguascalientes.online\/index.php?rest_route=%2Fwp%2Fv2%2Fcategories&post=55297"},{"taxonomy":"post_tag","embeddable":true,"href":"https:\/\/informativoelvalledeaguascalientes.online\/index.php?rest_route=%2Fwp%2Fv2%2Ftags&post=55297"}],"curies":[{"name":"wp","href":"https:\/\/api.w.org\/{rel}","templated":true}]}}