{"id":55279,"date":"2024-04-17T23:14:59","date_gmt":"2024-04-18T05:14:59","guid":{"rendered":"https:\/\/informativoelvalledeaguascalientes.online\/?p=55279"},"modified":"2024-04-17T23:14:59","modified_gmt":"2024-04-18T05:14:59","slug":"patinador-de-aguascalientes-representara-a-mexico-en-competencia-internacional-en-europa","status":"publish","type":"post","link":"https:\/\/informativoelvalledeaguascalientes.online\/?p=55279","title":{"rendered":"PATINADOR DE AGUASCALIENTES REPRESENTAR\u00c1 A M\u00c9XICO EN COMPETENCIA INTERNACIONAL EN EUROPA"},"content":{"rendered":"<div id=\"bgLayers_comp-l7sh9ubr2\" class=\"MW5IWV\" data-hook=\"bgLayers\" data-motion-part=\"BG_LAYER\">\n<div id=\"bgMedia_comp-l7sh9ubr2\" class=\"VgO9Yg\" data-motion-part=\"BG_MEDIA\">\n<p><strong><a href=\"https:\/\/www.facebook.com\/hashtag\/informativoelvalledeaguascalientes\">#informativoelvalledeaguascalientes<\/a><\/strong><\/p>\n<p><strong><a href=\"https:\/\/www.facebook.com\/hashtag\/novaradioaguascalientes\">#novaradioaguascalientes<\/a><\/strong><\/p>\n<p>#informativoelvalledeaguascalientesll<\/p>\n<p><strong><a href=\"https:\/\/www.facebook.com\/GobiernodeAguascalientes\">#ElGiganteDeMexico<\/a><\/strong><\/p>\n<\/div>\n<\/div>\n<div class=\"\" data-mesh-id=\"comp-l7sh9ubr2inlineContent\" data-testid=\"inline-content\">\n<div data-mesh-id=\"comp-l7sh9ubr2inlineContent-gridContainer\" data-testid=\"mesh-container-content\">\n<div id=\"comp-l7yvxqnz\" class=\"MazNVa comp-l7yvxqnz wixui-image rYiAuL\"><\/div>\n<div id=\"comp-l7sh9ubx\" class=\"TWFxr5 \">\n<div class=\"comp-l7sh9ubx\">\n<div class=\"siSdJK4 comp-l7sh9ubx\" data-hook=\"ricosviewer-wrapper\">\n<div class=\"U4I07\" dir=\"ltr\" data-id=\"content-viewer\">\n<div class=\"hl-xW\">\n<div>\n<p id=\"viewer-yw5uk105\" class=\"-Zro6 -ZADH vVfzz AnCKd _57WYp\"><span class=\"d0767 vVfzz\">El Gobierno del Estado informa que el patinador de velocidad Carlos Alberto Monsiv\u00e1is Villalobos fue seleccionado para integrar el equipo que representar\u00e1 a M\u00e9xico en la European Cup 2024, que se llevar\u00e1 a cabo en Alemania; adem\u00e1s de que ir\u00e1 a Italia a prepararse para los World Skate Games 2024.\u00a0<\/span><\/p>\n<div id=\"viewer-vztn6118\" class=\"-Zro6 -ZADH vVfzz _57WYp\"><span class=\"d0767 vVfzz\">\u00a0<\/span><\/div>\n<p id=\"viewer-w3jz5107\" class=\"-Zro6 -ZADH vVfzz AnCKd _57WYp\"><span class=\"d0767 vVfzz\">El joven fue elegido por la Federaci\u00f3n Mexicana de Patines Sobre Ruedas y es el \u00fanico representante de Aguascalientes entre los 11 seleccionados, compartiendo este privilegio con patinadores de otros estados como Nuevo Le\u00f3n, Quintana Roo, Jalisco, Michoac\u00e1n y Ciudad de M\u00e9xico.\u00a0<\/span><\/p>\n<div id=\"viewer-3s8af126\" class=\"-Zro6 -ZADH vVfzz _57WYp\"><span class=\"d0767 vVfzz\">\u00a0<\/span><\/div>\n<p id=\"viewer-7bpcx109\" class=\"-Zro6 -ZADH vVfzz AnCKd _57WYp\"><span class=\"d0767 vVfzz\">Monsiv\u00e1is Villalobos logr\u00f3 su pase a esta competencia internacional despu\u00e9s de consolidarse como el mejor velocista mexicano de pista al ganar los 200 y 500 metros en el Campeonato Interasociaciones que se llev\u00f3 a cabo a principios de abril de este a\u00f1o, en la ciudad de Monterrey.\u00a0<\/span><\/p>\n<div id=\"viewer-6l1m5134\" class=\"-Zro6 -ZADH vVfzz _57WYp\"><span class=\"d0767 vVfzz\">\u00a0<\/span><\/div>\n<p id=\"viewer-jvizx111\" class=\"-Zro6 -ZADH vVfzz AnCKd _57WYp\"><span class=\"d0767 vVfzz\">El Instituto del Deporte de Aguascalientes (IDEA) detall\u00f3 que durante la gira europea, el patinador de velocidad participar\u00e1 del 13 al 28 de abril en las competencias que se desarrollar\u00e1n en las ciudades de Geisingen y Gross-Gerau, en Alemania.<\/span><\/p>\n<div id=\"viewer-1dgro142\" class=\"-Zro6 -ZADH vVfzz _57WYp\"><span class=\"d0767 vVfzz\">\u00a0<\/span><\/div>\n<p id=\"viewer-zc2rb113\" class=\"-Zro6 -ZADH vVfzz AnCKd _57WYp\"><span class=\"d0767 vVfzz\">Despu\u00e9s ir\u00e1 a Italia, donde practicar\u00e1 bajo la tutela de Gregory Duggento, entrenador de la Selecci\u00f3n Nacional de M\u00e9xico, con el objetivo de prepararse para los World Skate Games 2024, a desarrollarse en Italia en el mes de septiembre.\u00a0<\/span><\/p>\n<div id=\"viewer-totyv150\" class=\"-Zro6 -ZADH vVfzz _57WYp\"><span class=\"d0767 vVfzz\">\u00a0<\/span><\/div>\n<p id=\"viewer-43z9a115\" class=\"-Zro6 -ZADH vVfzz AnCKd _57WYp\"><span class=\"d0767 vVfzz\">El IDEA le desea el mayor de los \u00e9xitos a este gran deportista y a su equipo durante la competencia internacional. Su dedicaci\u00f3n, habilidad y esfuerzo lo llevar\u00e1n a alcanzar sus metas y a representar con orgullo a su pa\u00eds y a Aguascalientes.\u00a0<\/span><\/p>\n<\/div>\n<\/div>\n<\/div>\n<\/div>\n<\/div>\n<\/div>\n<\/div>\n<\/div>\n","protected":false},"excerpt":{"rendered":"<p>#informativoelvalledeaguascalientes #novaradioaguascalientes #informativoelvalledeaguascalientesll #ElGiganteDeMexico El Gobierno del Estado informa que el patinador de velocidad Carlos Alberto Monsiv\u00e1is Villalobos fue seleccionado para integrar el equipo que representar\u00e1 a M\u00e9xico en la European Cup 2024, que se llevar\u00e1 a cabo en Alemania; adem\u00e1s de que ir\u00e1 a Italia a prepararse para los World Skate Games 2024.\u00a0 \u00a0 [&hellip;]<\/p>\n","protected":false},"author":1,"featured_media":55280,"comment_status":"closed","ping_status":"open","sticky":false,"template":"","format":"standard","meta":{"advanced_seo_description":"","jetpack_seo_html_title":"","jetpack_seo_noindex":false,"_jetpack_memberships_contains_paid_content":false,"footnotes":"","jetpack_publicize_message":"","jetpack_publicize_feature_enabled":true,"jetpack_social_post_already_shared":true,"jetpack_social_options":{"image_generator_settings":{"template":"highway","default_image_id":0,"font":"","enabled":false},"version":2}},"categories":[21,4],"tags":[22,615,113],"class_list":["post-55279","post","type-post","status-publish","format-standard","has-post-thumbnail","hentry","category-aguascalientes","category-gobierno-del-estado-aguascalientes","tag-aguascalientes","tag-gobierno-del-estado-de-aguascalientes","tag-idea"],"jetpack_publicize_connections":[],"jetpack_featured_media_url":"https:\/\/i0.wp.com\/informativoelvalledeaguascalientes.online\/wp-content\/uploads\/2024\/04\/WhatsApp-Image-2024-04-17-at-10.31.58-AM-1.jpeg?fit=960%2C1280&ssl=1","jetpack-related-posts":[],"jetpack_sharing_enabled":true,"jetpack_likes_enabled":true,"_links":{"self":[{"href":"https:\/\/informativoelvalledeaguascalientes.online\/index.php?rest_route=\/wp\/v2\/posts\/55279","targetHints":{"allow":["GET"]}}],"collection":[{"href":"https:\/\/informativoelvalledeaguascalientes.online\/index.php?rest_route=\/wp\/v2\/posts"}],"about":[{"href":"https:\/\/informativoelvalledeaguascalientes.online\/index.php?rest_route=\/wp\/v2\/types\/post"}],"author":[{"embeddable":true,"href":"https:\/\/informativoelvalledeaguascalientes.online\/index.php?rest_route=\/wp\/v2\/users\/1"}],"replies":[{"embeddable":true,"href":"https:\/\/informativoelvalledeaguascalientes.online\/index.php?rest_route=%2Fwp%2Fv2%2Fcomments&post=55279"}],"version-history":[{"count":1,"href":"https:\/\/informativoelvalledeaguascalientes.online\/index.php?rest_route=\/wp\/v2\/posts\/55279\/revisions"}],"predecessor-version":[{"id":55281,"href":"https:\/\/informativoelvalledeaguascalientes.online\/index.php?rest_route=\/wp\/v2\/posts\/55279\/revisions\/55281"}],"wp:featuredmedia":[{"embeddable":true,"href":"https:\/\/informativoelvalledeaguascalientes.online\/index.php?rest_route=\/wp\/v2\/media\/55280"}],"wp:attachment":[{"href":"https:\/\/informativoelvalledeaguascalientes.online\/index.php?rest_route=%2Fwp%2Fv2%2Fmedia&parent=55279"}],"wp:term":[{"taxonomy":"category","embeddable":true,"href":"https:\/\/informativoelvalledeaguascalientes.online\/index.php?rest_route=%2Fwp%2Fv2%2Fcategories&post=55279"},{"taxonomy":"post_tag","embeddable":true,"href":"https:\/\/informativoelvalledeaguascalientes.online\/index.php?rest_route=%2Fwp%2Fv2%2Ftags&post=55279"}],"curies":[{"name":"wp","href":"https:\/\/api.w.org\/{rel}","templated":true}]}}