{"id":55254,"date":"2024-04-16T23:45:15","date_gmt":"2024-04-17T05:45:15","guid":{"rendered":"https:\/\/informativoelvalledeaguascalientes.online\/?p=55254"},"modified":"2024-04-16T23:58:51","modified_gmt":"2024-04-17T05:58:51","slug":"proteccion-civil-de-jesus-maria-emite-recomendaciones-para-evitar-incendios-forestales","status":"publish","type":"post","link":"https:\/\/informativoelvalledeaguascalientes.online\/?p=55254","title":{"rendered":"PROTECCI\u00d3N CIVIL DE JES\u00daS MAR\u00cdA, EMITE RECOMENDACIONES PARA EVITAR INCENDIOS FORESTALES"},"content":{"rendered":"<p><strong><a href=\"https:\/\/www.facebook.com\/hashtag\/informativoelvalledeaguascalientes\">#informativoelvalledeaguascalientes<\/a><\/strong><\/p>\n<p><strong><a href=\"https:\/\/www.facebook.com\/hashtag\/novaradioaguascalientes\">#novaradioaguascalientes<\/a><\/strong><\/p>\n<p>#informativoelvalledeaguascalientesll<\/p>\n<p>&nbsp;<\/p>\n<p>\u2022 No se han registrado incendios de este tipo en el municipio en lo que va del a\u00f1o<\/p>\n<p>\u2022 Se efect\u00faan operativos preventivos en coordinaci\u00f3n con dependencias competentes en zonas de alto riesgo para evitar incendios<\/p>\n<p>\u2022 La mayori\u0301a de los incendios forestales en el municipio de Jesu\u0301s Mari\u0301a se registran entre los meses de febrero a junio<\/p>\n<p>Con el objetivo de evitar que se registren incendios forestales en Jes\u00fas Mar\u00eda, el departamento de Protecci\u00f3n Civil Municipal emite diversas recomendaciones, ante la llegada de la temporada de sequ\u00eda y las altas temperaturas.<\/p>\n<p>En este sentido, el jefe de Departamento de Protecci\u00f3n Civil de Jes\u00fas Mar\u00eda, H\u00e9ctor Manuel Reyes Hern\u00e1ndez, inform\u00f3 a la ciudadan\u00eda que en el municipio, las \u00e1reas con mayor riesgo de incendios son: La Posta, Los Arquitos, el cerro del Pichacho y El Chichimeco, de manera que se efect\u00faan recorridos preventivos, en coordinaci\u00f3n con dependencias competentes en estas zonas.<\/p>\n<p>Indic\u00f3, que la mayor\u00eda de los incendios forestales en el municipio de Jesu\u0301s Mari\u0301a, se registran entre los meses de febrero a junio, sin embargo, en lo que va del a\u00f1o 2024 no se ha registrado ninguno.<\/p>\n<p>Reyes Hern\u00e1ndez, indic\u00f3 que en 2023, en Jes\u00fas Mar\u00eda, se registraron 6 incendios forestales, en su mayor\u00eda por fogatas mal apagadas y confirm\u00f3 que el 90% de estos incendios son ocasionados por el hombre.<\/p>\n<p>Por ello, se invita a la ciudadan\u00eda a atender las siguientes recomendaciones: No arrojar colillas de cigarrillos, ni f\u00f3sforos en \u00e1reas de vegetaci\u00f3n y apagar completamente cualquier cigarrillo antes de desecharlo; eliminar la maleza seca y los desechos combustibles alrededor del hogar; apagar completamente las fogatas y reportar actividad sospechosa o comportamientos que pudieran causar incendios intencionales o negligentes.<\/p>\n","protected":false},"excerpt":{"rendered":"<p>#informativoelvalledeaguascalientes #novaradioaguascalientes #informativoelvalledeaguascalientesll &nbsp; \u2022 No se han registrado incendios de este tipo en el municipio en lo que va del a\u00f1o \u2022 Se efect\u00faan operativos preventivos en coordinaci\u00f3n con dependencias competentes en zonas de alto riesgo para evitar incendios \u2022 La mayori\u0301a de los incendios forestales en el municipio de Jesu\u0301s Mari\u0301a se registran [&hellip;]<\/p>\n","protected":false},"author":1,"featured_media":55255,"comment_status":"closed","ping_status":"open","sticky":false,"template":"","format":"standard","meta":{"advanced_seo_description":"","jetpack_seo_html_title":"","jetpack_seo_noindex":false,"_jetpack_memberships_contains_paid_content":false,"footnotes":"","jetpack_publicize_message":"","jetpack_publicize_feature_enabled":true,"jetpack_social_post_already_shared":true,"jetpack_social_options":{"image_generator_settings":{"template":"highway","default_image_id":0,"font":"","enabled":false},"version":2}},"categories":[21,14],"tags":[22,45],"class_list":["post-55254","post","type-post","status-publish","format-standard","has-post-thumbnail","hentry","category-aguascalientes","category-jesus-maria-aguascalientes","tag-aguascalientes","tag-jesus-maria-aguascalientes"],"jetpack_publicize_connections":[],"jetpack_featured_media_url":"https:\/\/i0.wp.com\/informativoelvalledeaguascalientes.online\/wp-content\/uploads\/2024\/04\/7280e5f4-aa36-4dd3-86d6-9d5864a50b39.jpeg?fit=1024%2C683&ssl=1","jetpack-related-posts":[],"jetpack_sharing_enabled":true,"jetpack_likes_enabled":true,"_links":{"self":[{"href":"https:\/\/informativoelvalledeaguascalientes.online\/index.php?rest_route=\/wp\/v2\/posts\/55254","targetHints":{"allow":["GET"]}}],"collection":[{"href":"https:\/\/informativoelvalledeaguascalientes.online\/index.php?rest_route=\/wp\/v2\/posts"}],"about":[{"href":"https:\/\/informativoelvalledeaguascalientes.online\/index.php?rest_route=\/wp\/v2\/types\/post"}],"author":[{"embeddable":true,"href":"https:\/\/informativoelvalledeaguascalientes.online\/index.php?rest_route=\/wp\/v2\/users\/1"}],"replies":[{"embeddable":true,"href":"https:\/\/informativoelvalledeaguascalientes.online\/index.php?rest_route=%2Fwp%2Fv2%2Fcomments&post=55254"}],"version-history":[{"count":3,"href":"https:\/\/informativoelvalledeaguascalientes.online\/index.php?rest_route=\/wp\/v2\/posts\/55254\/revisions"}],"predecessor-version":[{"id":55259,"href":"https:\/\/informativoelvalledeaguascalientes.online\/index.php?rest_route=\/wp\/v2\/posts\/55254\/revisions\/55259"}],"wp:featuredmedia":[{"embeddable":true,"href":"https:\/\/informativoelvalledeaguascalientes.online\/index.php?rest_route=\/wp\/v2\/media\/55255"}],"wp:attachment":[{"href":"https:\/\/informativoelvalledeaguascalientes.online\/index.php?rest_route=%2Fwp%2Fv2%2Fmedia&parent=55254"}],"wp:term":[{"taxonomy":"category","embeddable":true,"href":"https:\/\/informativoelvalledeaguascalientes.online\/index.php?rest_route=%2Fwp%2Fv2%2Fcategories&post=55254"},{"taxonomy":"post_tag","embeddable":true,"href":"https:\/\/informativoelvalledeaguascalientes.online\/index.php?rest_route=%2Fwp%2Fv2%2Ftags&post=55254"}],"curies":[{"name":"wp","href":"https:\/\/api.w.org\/{rel}","templated":true}]}}