{"id":55250,"date":"2024-04-16T23:39:00","date_gmt":"2024-04-17T05:39:00","guid":{"rendered":"https:\/\/informativoelvalledeaguascalientes.online\/?p=55250"},"modified":"2024-04-16T23:39:00","modified_gmt":"2024-04-17T05:39:00","slug":"esta-semana-servicios-veterinarios-gratuitos-en-pabellon-de-arteaga-y-aguascalientes","status":"publish","type":"post","link":"https:\/\/informativoelvalledeaguascalientes.online\/?p=55250","title":{"rendered":"ESTA SEMANA SERVICIOS VETERINARIOS GRATUITOS EN PABELL\u00d3N DE ARTEAGA Y AGUASCALIENTES"},"content":{"rendered":"<p><strong><a href=\"https:\/\/www.facebook.com\/hashtag\/informativoelvalledeaguascalientes\">#informativoelvalledeaguascalientes<\/a><\/strong><\/p>\n<p><strong><a href=\"https:\/\/www.facebook.com\/hashtag\/novaradioaguascalientes\">#novaradioaguascalientes<\/a><\/strong><\/p>\n<p>#informativoelvalledeaguascalientesll<\/p>\n<p><strong><a href=\"https:\/\/www.facebook.com\/GobiernodeAguascalientes\">#ElGiganteDeMexico<\/a><\/strong><\/p>\n<p id=\"viewer-foo\" class=\"-Zro6 -ZADH vVfzz AnCKd _57WYp\"><span class=\"d0767 vVfzz\">El Gobierno del Estado informa que esta semana se realizar\u00e1n las <em>Caravanas de la Salud Canina y Felina<\/em>\u00a0en los municipios de Aguascalientes y Pabell\u00f3n de Arteaga, por lo que invita a las y los propietarios de mascotas a aprovechar los servicios veterinarios gratuitos que ah\u00ed se ofrecer\u00e1n.<\/span><\/p>\n<div id=\"viewer-hcpa0252\" class=\"-Zro6 -ZADH vVfzz _57WYp\"><span class=\"d0767 vVfzz\">\u00a0<\/span><\/div>\n<p id=\"viewer-7adhw240\" class=\"-Zro6 -ZADH vVfzz AnCKd _57WYp\"><span class=\"d0767 vVfzz\">En la ciudad de Aguascalientes, la caravana se realizar\u00e1 este mi\u00e9rcoles 17 de abril en la plaza principal de la comunidad El Taray; mientras que el viernes 19 de abril, la jornada se llevar\u00e1 a cabo en la comunidad de San Antonio de Pe\u00f1uelas, en la Casa de Salud, ubicada en calle L\u00e1zaro C\u00e1rdenas No. 212.<\/span><\/p>\n<div id=\"viewer-gfs2t263\" class=\"-Zro6 -ZADH vVfzz _57WYp\"><span class=\"d0767 vVfzz\">\u00a0<\/span><\/div>\n<p id=\"viewer-rrk6n243\" class=\"-Zro6 -ZADH vVfzz AnCKd _57WYp\"><span class=\"d0767 vVfzz\">En el municipio de Pabell\u00f3n de Arteaga, la cita es el mismo viernes 19 de abril en la\u00a0 Explanada de los S\u00edmbolos Patrios, frente a la Presidencia Municipal. En todos los puntos, las actividades se llevar\u00e1n a cabo de 10:00 a 14:00 horas.<\/span><\/p>\n<div id=\"viewer-0xsud273\" class=\"-Zro6 -ZADH vVfzz _57WYp\"><span class=\"d0767 vVfzz\">\u00a0<\/span><\/div>\n<p id=\"viewer-xm7ye245\" class=\"-Zro6 -ZADH vVfzz AnCKd _57WYp\"><span class=\"d0767 vVfzz\">La Procuradur\u00eda Estatal de Protecci\u00f3n al Ambiente (Proespa) detall\u00f3 que en estas jornadas se brinda una gama de servicios para perros y gatos, como esterilizaci\u00f3n, evaluaci\u00f3n m\u00e9dica, vacunaci\u00f3n contra la rabia, desparasitaci\u00f3n, vacunas para cachorros y perros adultos, as\u00ed como asesoramiento a las personas sobre el cuidado y la protecci\u00f3n de las mascotas.<\/span><\/p>\n<div id=\"viewer-5l9lu283\" class=\"-Zro6 -ZADH vVfzz _57WYp\"><span class=\"d0767 vVfzz\">\u00a0<\/span><\/div>\n<p id=\"viewer-9fsam247\" class=\"-Zro6 -ZADH vVfzz AnCKd _57WYp\"><span class=\"d0767 vVfzz\">Asiste y aprovecha estos servicios que se ofrecen de forma gratuita. Para m\u00e1s informaci\u00f3n, comun\u00edcate al tel\u00e9fono 449 917 10 51.\u00a0<\/span><\/p>\n<p><img data-recalc-dims=\"1\" loading=\"lazy\" decoding=\"async\" class=\"alignnone wp-image-55252 size-full\" src=\"https:\/\/i0.wp.com\/informativoelvalledeaguascalientes.online\/wp-content\/uploads\/2024\/04\/5.jpeg?resize=640%2C505&#038;ssl=1\" alt=\"\" width=\"640\" height=\"505\" srcset=\"https:\/\/i0.wp.com\/informativoelvalledeaguascalientes.online\/wp-content\/uploads\/2024\/04\/5.jpeg?w=1427&amp;ssl=1 1427w, https:\/\/i0.wp.com\/informativoelvalledeaguascalientes.online\/wp-content\/uploads\/2024\/04\/5.jpeg?resize=300%2C237&amp;ssl=1 300w, https:\/\/i0.wp.com\/informativoelvalledeaguascalientes.online\/wp-content\/uploads\/2024\/04\/5.jpeg?resize=1024%2C807&amp;ssl=1 1024w, https:\/\/i0.wp.com\/informativoelvalledeaguascalientes.online\/wp-content\/uploads\/2024\/04\/5.jpeg?resize=768%2C605&amp;ssl=1 768w, https:\/\/i0.wp.com\/informativoelvalledeaguascalientes.online\/wp-content\/uploads\/2024\/04\/5.jpeg?w=1280&amp;ssl=1 1280w\" sizes=\"auto, (max-width: 640px) 100vw, 640px\" \/><\/p>\n","protected":false},"excerpt":{"rendered":"<p>#informativoelvalledeaguascalientes #novaradioaguascalientes #informativoelvalledeaguascalientesll #ElGiganteDeMexico El Gobierno del Estado informa que esta semana se realizar\u00e1n las Caravanas de la Salud Canina y Felina\u00a0en los municipios de Aguascalientes y Pabell\u00f3n de Arteaga, por lo que invita a las y los propietarios de mascotas a aprovechar los servicios veterinarios gratuitos que ah\u00ed se ofrecer\u00e1n. \u00a0 En la ciudad [&hellip;]<\/p>\n","protected":false},"author":1,"featured_media":55251,"comment_status":"closed","ping_status":"open","sticky":false,"template":"","format":"standard","meta":{"advanced_seo_description":"","jetpack_seo_html_title":"","jetpack_seo_noindex":false,"_jetpack_memberships_contains_paid_content":false,"footnotes":"","jetpack_publicize_message":"","jetpack_publicize_feature_enabled":true,"jetpack_social_post_already_shared":true,"jetpack_social_options":{"image_generator_settings":{"template":"highway","default_image_id":0,"font":"","enabled":false},"version":2}},"categories":[4],"tags":[22,615,86],"class_list":["post-55250","post","type-post","status-publish","format-standard","has-post-thumbnail","hentry","category-gobierno-del-estado-aguascalientes","tag-aguascalientes","tag-gobierno-del-estado-de-aguascalientes","tag-proespa"],"jetpack_publicize_connections":[],"jetpack_featured_media_url":"https:\/\/i0.wp.com\/informativoelvalledeaguascalientes.online\/wp-content\/uploads\/2024\/04\/6-1.jpeg?fit=1427%2C1125&ssl=1","jetpack-related-posts":[],"jetpack_sharing_enabled":true,"jetpack_likes_enabled":true,"_links":{"self":[{"href":"https:\/\/informativoelvalledeaguascalientes.online\/index.php?rest_route=\/wp\/v2\/posts\/55250","targetHints":{"allow":["GET"]}}],"collection":[{"href":"https:\/\/informativoelvalledeaguascalientes.online\/index.php?rest_route=\/wp\/v2\/posts"}],"about":[{"href":"https:\/\/informativoelvalledeaguascalientes.online\/index.php?rest_route=\/wp\/v2\/types\/post"}],"author":[{"embeddable":true,"href":"https:\/\/informativoelvalledeaguascalientes.online\/index.php?rest_route=\/wp\/v2\/users\/1"}],"replies":[{"embeddable":true,"href":"https:\/\/informativoelvalledeaguascalientes.online\/index.php?rest_route=%2Fwp%2Fv2%2Fcomments&post=55250"}],"version-history":[{"count":1,"href":"https:\/\/informativoelvalledeaguascalientes.online\/index.php?rest_route=\/wp\/v2\/posts\/55250\/revisions"}],"predecessor-version":[{"id":55253,"href":"https:\/\/informativoelvalledeaguascalientes.online\/index.php?rest_route=\/wp\/v2\/posts\/55250\/revisions\/55253"}],"wp:featuredmedia":[{"embeddable":true,"href":"https:\/\/informativoelvalledeaguascalientes.online\/index.php?rest_route=\/wp\/v2\/media\/55251"}],"wp:attachment":[{"href":"https:\/\/informativoelvalledeaguascalientes.online\/index.php?rest_route=%2Fwp%2Fv2%2Fmedia&parent=55250"}],"wp:term":[{"taxonomy":"category","embeddable":true,"href":"https:\/\/informativoelvalledeaguascalientes.online\/index.php?rest_route=%2Fwp%2Fv2%2Fcategories&post=55250"},{"taxonomy":"post_tag","embeddable":true,"href":"https:\/\/informativoelvalledeaguascalientes.online\/index.php?rest_route=%2Fwp%2Fv2%2Ftags&post=55250"}],"curies":[{"name":"wp","href":"https:\/\/api.w.org\/{rel}","templated":true}]}}