{"id":55233,"date":"2024-04-16T00:25:40","date_gmt":"2024-04-16T06:25:40","guid":{"rendered":"https:\/\/informativoelvalledeaguascalientes.online\/?p=55233"},"modified":"2024-04-16T00:25:40","modified_gmt":"2024-04-16T06:25:40","slug":"llama-tere-jimenez-a-cerrar-filas-para-que-la-fnsm-2024-se-desarrolle-en-un-clima-de-paz-y-seguridad","status":"publish","type":"post","link":"https:\/\/informativoelvalledeaguascalientes.online\/?p=55233","title":{"rendered":"LLAMA TERE JIM\u00c9NEZ A CERRAR FILAS PARA QUE LA FNSM 2024 SE DESARROLLE EN UN CLIMA DE PAZ Y SEGURIDAD"},"content":{"rendered":"<div id=\"bgLayers_comp-l7sh9ubr2\" class=\"MW5IWV\" data-hook=\"bgLayers\" data-motion-part=\"BG_LAYER\"><\/div>\n<div class=\"\" data-mesh-id=\"comp-l7sh9ubr2inlineContent\" data-testid=\"inline-content\">\n<div data-mesh-id=\"comp-l7sh9ubr2inlineContent-gridContainer\" data-testid=\"mesh-container-content\">\n<div id=\"comp-l7yvxqo2\" class=\"MazNVa comp-l7yvxqo2 wixui-image\">\n<div class=\"j7pOnl\" data-testid=\"linkElement\">\n<p><strong><a href=\"https:\/\/www.facebook.com\/hashtag\/informativoelvalledeaguascalientes\">#informativoelvalledeaguascalientes<\/a><\/strong><\/p>\n<p><strong><a href=\"https:\/\/www.facebook.com\/hashtag\/novaradioaguascalientes\">#novaradioaguascalientes<\/a><\/strong><\/p>\n<p>#informativoelvalledeaguascalientesll<\/p>\n<p><strong><a href=\"https:\/\/www.facebook.com\/GobiernodeAguascalientes\">#ElGiganteDeMexico<\/a><\/strong><\/p>\n<\/div>\n<\/div>\n<div id=\"comp-l7sh9ubx\" class=\"TWFxr5 \">\n<div class=\"comp-l7sh9ubx\">\n<div class=\"siSdJK4 comp-l7sh9ubx\" data-hook=\"ricosviewer-wrapper\">\n<div class=\"U4I07\" dir=\"ltr\" data-id=\"content-viewer\">\n<div class=\"hl-xW\">\n<div>\n<p id=\"viewer-foo\" class=\"-Zro6 -ZADH IjV6v AnCKd _57WYp\"><span class=\"d0767\">Al encabezar la LVI Asamblea Plenaria de la Mesa Ciudadana de Seguridad P\u00fablica, la gobernadora de Aguascalientes, Tere Jim\u00e9nez, llam\u00f3 a todos los niveles y poderes de gobierno, as\u00ed como a la sociedad en general, a hacer un frente com\u00fan para lograr que la edici\u00f3n 2024 de la Feria Nacional de San Marcos (FNSM) se desarrolle en un clima de paz y seguridad.<\/span><\/p>\n<div id=\"viewer-m1r5m57\" class=\"-Zro6 -ZADH IjV6v _57WYp\"><span class=\"d0767\">\u00a0<\/span><\/div>\n<p id=\"viewer-urr4358\" class=\"-Zro6 -ZADH vVfzz AnCKd _57WYp\"><span class=\"d0767 vVfzz\">\u201cEs nuestra m\u00e1xima fiesta y tenemos que cuidarla; todos, desde nuestra trinchera, hagamos lo que nos corresponde para garantizar la seguridad de nuestros feriantes, tanto locales como visitantes\u201d, les dijo la gobernadora.<\/span><\/p>\n<div id=\"viewer-u2h6e60\" class=\"-Zro6 -ZADH IjV6v _57WYp\"><span class=\"d0767\">\u00a0<\/span><\/div>\n<p id=\"viewer-bm3jr61\" class=\"-Zro6 -ZADH vVfzz AnCKd _57WYp\"><span class=\"d0767 vVfzz\">En ese sentido, el secretario de Seguridad P\u00fablica del Estado, Manuel Alonso Garc\u00eda, present\u00f3 ante los ah\u00ed reunidos el Operativo de Seguridad que se implement\u00f3 en la FNSM, as\u00ed como algunas de las acciones espec\u00edficas que contempla dicho plan, como la instalaci\u00f3n de un moderno sistema de videovigilancia en todo el per\u00edmetro ferial, entre otras cosas.<\/span><\/p>\n<div id=\"viewer-lokfp63\" class=\"-Zro6 -ZADH IjV6v _57WYp\"><span class=\"d0767\">\u00a0<\/span><\/div>\n<p id=\"viewer-ixuuz64\" class=\"-Zro6 -ZADH vVfzz AnCKd _57WYp\"><span class=\"d0767 vVfzz\">Asimismo, destac\u00f3 la colaboraci\u00f3n de la Sedena, Guardia Nacional y Secretar\u00eda de Seguridad P\u00fablica Municipal, adem\u00e1s de los cuerpos de emergencia y protecci\u00f3n civil, entre otras instituciones.<\/span><\/p>\n<div id=\"viewer-za0fp66\" class=\"-Zro6 -ZADH IjV6v _57WYp\"><span class=\"d0767\">\u00a0<\/span><\/div>\n<p id=\"viewer-ots5x67\" class=\"-Zro6 -ZADH vVfzz AnCKd _57WYp\"><span class=\"d0767 vVfzz\">Representantes de las corporaciones federales y del Municipio de Aguascalientes tambi\u00e9n dieron a conocer algunas de las estrategias de seguridad que desarrollar\u00e1n durante el periodo ferial, como parte de dicho operativo conjunto.<\/span><\/p>\n<div id=\"viewer-vd1oo69\" class=\"-Zro6 -ZADH IjV6v _57WYp\"><span class=\"d0767\">\u00a0<\/span><\/div>\n<p id=\"viewer-akvhm70\" class=\"-Zro6 -ZADH vVfzz AnCKd _57WYp\"><span class=\"d0767 vVfzz\">En esta mesa ciudadana que encabeza Karla Martorell Moya, tambi\u00e9n participan representantes del Poder Judicial, Sedena, Guardia Nacional, Fiscal\u00eda General del Estado, empresarios, alcaldes, legisladores locales y federales, funcionarios p\u00fablicos, entre otras autoridades.<\/span><\/p>\n<div id=\"viewer-zbsu672\" class=\"-Zro6 -ZADH IjV6v _57WYp\"><span class=\"d0767\">\u00a0<\/span><\/div>\n<div id=\"viewer-lmabx73\" class=\"-Zro6 -ZADH IjV6v _57WYp\"><\/div>\n<\/div>\n<\/div>\n<\/div>\n<\/div>\n<\/div>\n<\/div>\n<\/div>\n<\/div>\n","protected":false},"excerpt":{"rendered":"<p>#informativoelvalledeaguascalientes #novaradioaguascalientes #informativoelvalledeaguascalientesll #ElGiganteDeMexico Al encabezar la LVI Asamblea Plenaria de la Mesa Ciudadana de Seguridad P\u00fablica, la gobernadora de Aguascalientes, Tere Jim\u00e9nez, llam\u00f3 a todos los niveles y poderes de gobierno, as\u00ed como a la sociedad en general, a hacer un frente com\u00fan para lograr que la edici\u00f3n 2024 de la Feria Nacional de [&hellip;]<\/p>\n","protected":false},"author":1,"featured_media":55234,"comment_status":"closed","ping_status":"open","sticky":false,"template":"","format":"standard","meta":{"advanced_seo_description":"","jetpack_seo_html_title":"","jetpack_seo_noindex":false,"_jetpack_memberships_contains_paid_content":false,"footnotes":"","jetpack_publicize_message":"","jetpack_publicize_feature_enabled":true,"jetpack_social_post_already_shared":true,"jetpack_social_options":{"image_generator_settings":{"template":"highway","default_image_id":0,"font":"","enabled":false},"version":2}},"categories":[21,4],"tags":[22,615,320],"class_list":["post-55233","post","type-post","status-publish","format-standard","has-post-thumbnail","hentry","category-aguascalientes","category-gobierno-del-estado-aguascalientes","tag-aguascalientes","tag-gobierno-del-estado-de-aguascalientes","tag-tere-jimenez"],"jetpack_publicize_connections":[],"jetpack_featured_media_url":"https:\/\/i0.wp.com\/informativoelvalledeaguascalientes.online\/wp-content\/uploads\/2024\/04\/MESA-2.jpg?fit=1070%2C747&ssl=1","jetpack-related-posts":[],"jetpack_sharing_enabled":true,"jetpack_likes_enabled":true,"_links":{"self":[{"href":"https:\/\/informativoelvalledeaguascalientes.online\/index.php?rest_route=\/wp\/v2\/posts\/55233","targetHints":{"allow":["GET"]}}],"collection":[{"href":"https:\/\/informativoelvalledeaguascalientes.online\/index.php?rest_route=\/wp\/v2\/posts"}],"about":[{"href":"https:\/\/informativoelvalledeaguascalientes.online\/index.php?rest_route=\/wp\/v2\/types\/post"}],"author":[{"embeddable":true,"href":"https:\/\/informativoelvalledeaguascalientes.online\/index.php?rest_route=\/wp\/v2\/users\/1"}],"replies":[{"embeddable":true,"href":"https:\/\/informativoelvalledeaguascalientes.online\/index.php?rest_route=%2Fwp%2Fv2%2Fcomments&post=55233"}],"version-history":[{"count":1,"href":"https:\/\/informativoelvalledeaguascalientes.online\/index.php?rest_route=\/wp\/v2\/posts\/55233\/revisions"}],"predecessor-version":[{"id":55235,"href":"https:\/\/informativoelvalledeaguascalientes.online\/index.php?rest_route=\/wp\/v2\/posts\/55233\/revisions\/55235"}],"wp:featuredmedia":[{"embeddable":true,"href":"https:\/\/informativoelvalledeaguascalientes.online\/index.php?rest_route=\/wp\/v2\/media\/55234"}],"wp:attachment":[{"href":"https:\/\/informativoelvalledeaguascalientes.online\/index.php?rest_route=%2Fwp%2Fv2%2Fmedia&parent=55233"}],"wp:term":[{"taxonomy":"category","embeddable":true,"href":"https:\/\/informativoelvalledeaguascalientes.online\/index.php?rest_route=%2Fwp%2Fv2%2Fcategories&post=55233"},{"taxonomy":"post_tag","embeddable":true,"href":"https:\/\/informativoelvalledeaguascalientes.online\/index.php?rest_route=%2Fwp%2Fv2%2Ftags&post=55233"}],"curies":[{"name":"wp","href":"https:\/\/api.w.org\/{rel}","templated":true}]}}