{"id":55226,"date":"2024-04-16T00:12:18","date_gmt":"2024-04-16T06:12:18","guid":{"rendered":"https:\/\/informativoelvalledeaguascalientes.online\/?p=55226"},"modified":"2024-04-16T00:12:18","modified_gmt":"2024-04-16T06:12:18","slug":"en-sesion-extraordinaria-de-cabildo-arturo-cardona-lopez-tomo-protesta-de-ley-como-presidente-municipal","status":"publish","type":"post","link":"https:\/\/informativoelvalledeaguascalientes.online\/?p=55226","title":{"rendered":"En sesi\u00f3n extraordinaria de Cabildo, Arturo Cardona L\u00f3pez, tom\u00f3 protesta de Ley como presidente municipal"},"content":{"rendered":"<p><strong><a href=\"https:\/\/www.facebook.com\/hashtag\/informativoelvalledeaguascalientes\">#informativoelvalledeaguascalientes<\/a><\/strong><\/p>\n<p>#informativoelvalledeaguascalientesll<\/p>\n<p><strong><a href=\"https:\/\/www.facebook.com\/hashtag\/novaradioaguascalientes\">#novaradioaguascalientes<\/a><\/strong><\/p>\n<p>\ud83e\uddd4\ud83c\udffb\u200d\u2642\ufe0f\u2705 En sesi\u00f3n extraordinaria de Cabildo, Arturo Cardona L\u00f3pez, tom\u00f3 protesta de Ley como presidente municipal, luego de que el titular Daniel Romo Urrutia solicitara licencia para separarse temporalmente del cargo.<\/p>\n<p>El ahora alcalde, agradeci\u00f3 al cabildo por el respaldo, as\u00ed mismo se comprometi\u00f3 a trabajar muy duro de la mano de todas y todos, manteniendo la cercan\u00eda con nuestra gente y buscando siempre el bien de los calvillenses.<br \/>\nLos integrantes del Cabildo manifestaron su intenci\u00f3n y compromiso de seguir trabajando en equipo, sumando esfuerzos con el presidente para buscar siempre el bien com\u00fan y fortalecer el desarrollo de Calvillo y su gente.<\/p>\n","protected":false},"excerpt":{"rendered":"<p>#informativoelvalledeaguascalientes #informativoelvalledeaguascalientesll #novaradioaguascalientes \ud83e\uddd4\ud83c\udffb\u200d\u2642\ufe0f\u2705 En sesi\u00f3n extraordinaria de Cabildo, Arturo Cardona L\u00f3pez, tom\u00f3 protesta de Ley como presidente municipal, luego de que el titular Daniel Romo Urrutia solicitara licencia para separarse temporalmente del cargo. El ahora alcalde, agradeci\u00f3 al cabildo por el respaldo, as\u00ed mismo se comprometi\u00f3 a trabajar muy duro de la mano de [&hellip;]<\/p>\n","protected":false},"author":1,"featured_media":55227,"comment_status":"closed","ping_status":"open","sticky":false,"template":"","format":"standard","meta":{"advanced_seo_description":"","jetpack_seo_html_title":"","jetpack_seo_noindex":false,"_jetpack_memberships_contains_paid_content":false,"footnotes":"","jetpack_publicize_message":"","jetpack_publicize_feature_enabled":true,"jetpack_social_post_already_shared":true,"jetpack_social_options":{"image_generator_settings":{"template":"highway","default_image_id":0,"font":"","enabled":false},"version":2}},"categories":[21,13],"tags":[22,88,29],"class_list":["post-55226","post","type-post","status-publish","format-standard","has-post-thumbnail","hentry","category-aguascalientes","category-calvillo-aguascalientes","tag-aguascalientes","tag-calvillo","tag-calvillo-aguascalientes"],"jetpack_publicize_connections":[],"jetpack_featured_media_url":"https:\/\/i0.wp.com\/informativoelvalledeaguascalientes.online\/wp-content\/uploads\/2024\/04\/82069412-8bef-4fa9-8c04-9fb06ba52f01.jpeg?fit=1600%2C1066&ssl=1","jetpack-related-posts":[],"jetpack_sharing_enabled":true,"jetpack_likes_enabled":true,"_links":{"self":[{"href":"https:\/\/informativoelvalledeaguascalientes.online\/index.php?rest_route=\/wp\/v2\/posts\/55226","targetHints":{"allow":["GET"]}}],"collection":[{"href":"https:\/\/informativoelvalledeaguascalientes.online\/index.php?rest_route=\/wp\/v2\/posts"}],"about":[{"href":"https:\/\/informativoelvalledeaguascalientes.online\/index.php?rest_route=\/wp\/v2\/types\/post"}],"author":[{"embeddable":true,"href":"https:\/\/informativoelvalledeaguascalientes.online\/index.php?rest_route=\/wp\/v2\/users\/1"}],"replies":[{"embeddable":true,"href":"https:\/\/informativoelvalledeaguascalientes.online\/index.php?rest_route=%2Fwp%2Fv2%2Fcomments&post=55226"}],"version-history":[{"count":1,"href":"https:\/\/informativoelvalledeaguascalientes.online\/index.php?rest_route=\/wp\/v2\/posts\/55226\/revisions"}],"predecessor-version":[{"id":55228,"href":"https:\/\/informativoelvalledeaguascalientes.online\/index.php?rest_route=\/wp\/v2\/posts\/55226\/revisions\/55228"}],"wp:featuredmedia":[{"embeddable":true,"href":"https:\/\/informativoelvalledeaguascalientes.online\/index.php?rest_route=\/wp\/v2\/media\/55227"}],"wp:attachment":[{"href":"https:\/\/informativoelvalledeaguascalientes.online\/index.php?rest_route=%2Fwp%2Fv2%2Fmedia&parent=55226"}],"wp:term":[{"taxonomy":"category","embeddable":true,"href":"https:\/\/informativoelvalledeaguascalientes.online\/index.php?rest_route=%2Fwp%2Fv2%2Fcategories&post=55226"},{"taxonomy":"post_tag","embeddable":true,"href":"https:\/\/informativoelvalledeaguascalientes.online\/index.php?rest_route=%2Fwp%2Fv2%2Ftags&post=55226"}],"curies":[{"name":"wp","href":"https:\/\/api.w.org\/{rel}","templated":true}]}}