{"id":55223,"date":"2024-04-16T00:03:37","date_gmt":"2024-04-16T06:03:37","guid":{"rendered":"https:\/\/informativoelvalledeaguascalientes.online\/?p=55223"},"modified":"2024-04-16T00:03:37","modified_gmt":"2024-04-16T06:03:37","slug":"cursos-de-primavera-en-jm-una-experiencia-educativa-y-divertida-para-los-menores","status":"publish","type":"post","link":"https:\/\/informativoelvalledeaguascalientes.online\/?p=55223","title":{"rendered":"CURSOS DE PRIMAVERA EN JM, UNA EXPERIENCIA EDUCATIVA Y DIVERTIDA PARA LOS MENORES"},"content":{"rendered":"<p><strong><a href=\"https:\/\/www.facebook.com\/hashtag\/informativoelvalledeaguascalientes\">#informativoelvalledeaguascalientes<\/a><\/strong><\/p>\n<p>#informativoelvalledeaguascalientesll<\/p>\n<p><strong><a href=\"https:\/\/www.facebook.com\/hashtag\/novaradioaguascalientes\">#novaradioaguascalientes<\/a><\/strong><\/p>\n<p>\u2022 Ni\u00f1as y ni\u00f1os podr\u00e1n explorar nuevos intereses con actividades como reposter\u00eda y la creaci\u00f3n de huertos familiares<\/p>\n<p>El Gobierno Municipal de Jes\u00fas Mar\u00eda a trav\u00e9s de la Secretar\u00eda de Desarrollo Social, informa a la ciudadan\u00eda que ya dieron inicio los cursos de primavera destinados a ni\u00f1as y ni\u00f1os de 7 a 11 a\u00f1os de edad, mismos que est\u00e1n dise\u00f1ados para brindar a los m\u00e1s j\u00f3venes una experiencia educativa y divertida durante la temporada primaveral.<\/p>\n<p>Estas actividades se realizan de manera gratuita los d\u00edas 15, 16 y 17 de abril en el Centro de Desarrollo Comunitario (CEDECO) ubicado en Margaritas, en un horario de 09:00 a 13:00 horas y est\u00e1n enfocadas a desarrollar la creatividad, as\u00ed como las habilidades sociales y f\u00edsicas de los menores.<\/p>\n<p>Estos cursos representan una oportunidad \u00fanica para que los menores exploren nuevos intereses, toda vez que las actividades incluyen clases de reposter\u00eda para ni\u00f1os, tae kwon do infantil que ayudar\u00e1 a los menores a canalizar su energ\u00eda de forma positiva, as\u00ed como la creaci\u00f3n de huertos familiares para fomentar la responsabilidad sobre los cuidados de un ser vivo y el amor al medio ambiente entre los m\u00e1s peque\u00f1os.<\/p>\n<p>Adem\u00e1s de desarrollar sus habilidades, los menores pueden convivir con ni\u00f1as y ni\u00f1os de su misma edad en un ambiente segur<\/p>\n","protected":false},"excerpt":{"rendered":"<p>#informativoelvalledeaguascalientes #informativoelvalledeaguascalientesll #novaradioaguascalientes \u2022 Ni\u00f1as y ni\u00f1os podr\u00e1n explorar nuevos intereses con actividades como reposter\u00eda y la creaci\u00f3n de huertos familiares El Gobierno Municipal de Jes\u00fas Mar\u00eda a trav\u00e9s de la Secretar\u00eda de Desarrollo Social, informa a la ciudadan\u00eda que ya dieron inicio los cursos de primavera destinados a ni\u00f1as y ni\u00f1os de 7 a [&hellip;]<\/p>\n","protected":false},"author":1,"featured_media":55224,"comment_status":"closed","ping_status":"open","sticky":false,"template":"","format":"standard","meta":{"advanced_seo_description":"","jetpack_seo_html_title":"","jetpack_seo_noindex":false,"_jetpack_memberships_contains_paid_content":false,"footnotes":"","jetpack_publicize_message":"","jetpack_publicize_feature_enabled":true,"jetpack_social_post_already_shared":true,"jetpack_social_options":{"image_generator_settings":{"template":"highway","default_image_id":0,"font":"","enabled":false},"version":2}},"categories":[21,14],"tags":[22,45],"class_list":["post-55223","post","type-post","status-publish","format-standard","has-post-thumbnail","hentry","category-aguascalientes","category-jesus-maria-aguascalientes","tag-aguascalientes","tag-jesus-maria-aguascalientes"],"jetpack_publicize_connections":[],"jetpack_featured_media_url":"https:\/\/i0.wp.com\/informativoelvalledeaguascalientes.online\/wp-content\/uploads\/2024\/04\/f105e23f-7e17-46be-bc91-b14314a11b65.jpeg?fit=1599%2C1066&ssl=1","jetpack-related-posts":[],"jetpack_sharing_enabled":true,"jetpack_likes_enabled":true,"_links":{"self":[{"href":"https:\/\/informativoelvalledeaguascalientes.online\/index.php?rest_route=\/wp\/v2\/posts\/55223","targetHints":{"allow":["GET"]}}],"collection":[{"href":"https:\/\/informativoelvalledeaguascalientes.online\/index.php?rest_route=\/wp\/v2\/posts"}],"about":[{"href":"https:\/\/informativoelvalledeaguascalientes.online\/index.php?rest_route=\/wp\/v2\/types\/post"}],"author":[{"embeddable":true,"href":"https:\/\/informativoelvalledeaguascalientes.online\/index.php?rest_route=\/wp\/v2\/users\/1"}],"replies":[{"embeddable":true,"href":"https:\/\/informativoelvalledeaguascalientes.online\/index.php?rest_route=%2Fwp%2Fv2%2Fcomments&post=55223"}],"version-history":[{"count":1,"href":"https:\/\/informativoelvalledeaguascalientes.online\/index.php?rest_route=\/wp\/v2\/posts\/55223\/revisions"}],"predecessor-version":[{"id":55225,"href":"https:\/\/informativoelvalledeaguascalientes.online\/index.php?rest_route=\/wp\/v2\/posts\/55223\/revisions\/55225"}],"wp:featuredmedia":[{"embeddable":true,"href":"https:\/\/informativoelvalledeaguascalientes.online\/index.php?rest_route=\/wp\/v2\/media\/55224"}],"wp:attachment":[{"href":"https:\/\/informativoelvalledeaguascalientes.online\/index.php?rest_route=%2Fwp%2Fv2%2Fmedia&parent=55223"}],"wp:term":[{"taxonomy":"category","embeddable":true,"href":"https:\/\/informativoelvalledeaguascalientes.online\/index.php?rest_route=%2Fwp%2Fv2%2Fcategories&post=55223"},{"taxonomy":"post_tag","embeddable":true,"href":"https:\/\/informativoelvalledeaguascalientes.online\/index.php?rest_route=%2Fwp%2Fv2%2Ftags&post=55223"}],"curies":[{"name":"wp","href":"https:\/\/api.w.org\/{rel}","templated":true}]}}