{"id":55220,"date":"2024-04-15T23:58:49","date_gmt":"2024-04-16T05:58:49","guid":{"rendered":"https:\/\/informativoelvalledeaguascalientes.online\/?p=55220"},"modified":"2024-04-15T23:58:49","modified_gmt":"2024-04-16T05:58:49","slug":"candidatos-y-candidatas-por-las-alcaldias-y-diputaciones-por-distritos-electorales-del-interior-presentan-sus-propuestas","status":"publish","type":"post","link":"https:\/\/informativoelvalledeaguascalientes.online\/?p=55220","title":{"rendered":"CANDIDATOS Y CANDIDATAS POR LAS ALCALD\u00cdAS Y DIPUTACIONES POR DISTRITOS ELECTORALES DEL INTERIOR, PRESENTAN SUS PROPUESTAS"},"content":{"rendered":"<p><strong><a href=\"https:\/\/www.facebook.com\/hashtag\/informativoelvalledeaguascalientes\">#informativoelvalledeaguascalientes<\/a><\/strong><\/p>\n<p>#informativoelvalledeaguascalientesll<\/p>\n<p><strong><a href=\"https:\/\/www.facebook.com\/hashtag\/novaradioaguascalientes\">#novaradioaguascalientes<\/a><\/strong><\/p>\n<ul>\n<li><strong><em>Ante los medios de comunicaci\u00f3n manifestaron su compromiso por conquistar la confianza de la ciudadan\u00eda<\/em><\/strong><\/li>\n<li><strong><em>Educaci\u00f3n, salud, seguridad, empleos y desarrollo del campo son los principales ejes a trabajar.<\/em><\/strong><\/li>\n<\/ul>\n<p>&nbsp;<\/p>\n<p>Reunidos esta ma\u00f1ana en Jes\u00fas Mar\u00eda, las y los candidatos de la coalici\u00f3n Fuerza y Coraz\u00f3n por Aguascalientes, presentaron su propuesta y compromiso por conquistar la confianza y el voto de la ciudadan\u00eda en las demarcaciones municipales y distritales del interior de la entidad, en presencia de los presidentes de las tres fuerzas pol\u00edticas que conforman dicha alianza, y del candidato a senado To\u00f1o Mart\u00edn del Campo.<\/p>\n<p>&nbsp;<\/p>\n<p>El presidente del Comit\u00e9 Directivo Estatal del Partido Acci\u00f3n Nacional, Javier Lu\u00e9vano Nu\u00f1ez, manifest\u00f3 el compromiso por continuar cumpliendo en tiempo y forma cada etapa del proceso, adem\u00e1s de solicitar a cada uno de los candidatos llevar a cada rinc\u00f3n las propuestas, mismas que son cerca de 840 y que se trabajaron previamente de acuerdo a la situaci\u00f3n que se vive en cada municipio y distrito de Aguascalientes. \u201cEstoy seguro que con fuerza y coraz\u00f3n nuestros candidatos lograr\u00e1n el triunfo porque hay resultados, apostamos a fortalecer la democracia y las instituciones\u201d.\u00a0 Afirm\u00f3 que la tendencia es positiva y eso es motivo para seguir fortaleciendo el trabajo para lograr no solamente ganar, sino que la ciudadan\u00eda participe en la elecci\u00f3n.<\/p>\n<p>&nbsp;<\/p>\n<p>Por su parte el presidente estatal del PRD, Iv\u00e1n S\u00e1nchez N\u00e1jera reconoci\u00f3 el trabajo y la trayectoria de cada uno de los candidatos presentes, quienes, est\u00e1 seguro har\u00e1n una campa\u00f1a cercana a la poblaci\u00f3n, con propuestas y cercan\u00eda a la gente, adem\u00e1s de hacer el llamado para no caer en las descalificaciones de quienes saben, inician perdiendo. \u201cQuerr\u00e1n conquistar lo que no han podido conquistar con la voluntad ciudadana\u00a0 por medio del ataque, el arrebato y la denostaci\u00f3n\u201d.<\/p>\n<p>&nbsp;<\/p>\n<p>Kendor Mac\u00edas, dirigente estatal del PRI, manifest\u00f3 su benepl\u00e1cito por este arranque de campa\u00f1as, se\u00f1alando que sin duda en este proceso electoral, con las y los candidatos de la coalici\u00f3n Fuerza y Coraz\u00f3n por Aguascalientes, se obtendr\u00e1 el carro completo el d\u00eda 02 de junio.<\/p>\n<p>&nbsp;<\/p>\n<p>Cada uno de los candidatos al hacer uso de la voz expres\u00f3 parte de lo que ser\u00e1 su propuesta, comenzando por quienes contienden por una alcald\u00eda; Jos\u00e9 Manuel Gonz\u00e1lez Mota, que busca la reelecci\u00f3n por Asientos, se manifest\u00f3 principalmente por el apoyo a generar acciones a favor del campo y la seguridad para el progreso del municipio; Daniel Romo Urrutia candidato por Calvillo, se\u00f1al\u00f3 que estar\u00e1 recorriendo las calles sin caer en la guerra sucia, sino llevar ideas para construir un gobierno junto con la poblaci\u00f3n, conquistar la voluntad de la sociedad con la referencia de un buen trabajo.<\/p>\n<p>&nbsp;<\/p>\n<p>El candidato por Jes\u00fas Mar\u00eda, C\u00e9sar Medina, dijo conocer bien las necesidades de este municipio, por lo que estar\u00e1 trabajando en cinco ejes principales: municipio humano, justo y seguro, competitivo, inteligente y de crecimiento ordenado.<\/p>\n<p>&nbsp;<\/p>\n<p>Por su parte Lucero Espinoza, quien busca la alcald\u00eda de Pabell\u00f3n de Arteaga, extern\u00f3 que gran parte de sus propuestas estar\u00e1n encaminadas hacia los adultos mayores, mujeres, j\u00f3venes y ni\u00f1os, \u201cPabell\u00f3n brillar\u00e1 por su gente y trabajaremos mano y mano con todos\u201d.<\/p>\n<p>&nbsp;<\/p>\n<p>Amisadai Castorena, candidato por el Distrito I, dijo estar listo para impulsar el desarrollo de los municipios del norte del Estado, con educaci\u00f3n con salud con seguridad y con empleo; Lupita Mendoza del Distrito 2 afirm\u00f3 que \u201choy 15 de abril, hemos iniciado una lucha contra el abstencionismo\u201d adem\u00e1s de se\u00f1alar que tanto Asientos como El Llano, son municipios con rezago pero trabajar\u00e1 por ellos porque cuenta con la capacidad para hacerlo.<\/p>\n<p>&nbsp;<\/p>\n<p>Heriberto Gallegos, candidato del Distrito 3, se siente orgulloso de ser originario de esta parte del estado, a donde dijo trabajar\u00e1 por las mejores propuestas de seguridad, empleo, educaci\u00f3n y el campo, con la seguridad de lograr el triunfo; Beatriz Montoya candidata del Distrito 4, pide a la ciudadan\u00eda la oportunidad de conocer sus propuestas con la confianza de que estar\u00e1n ah\u00ed para escuchar sus necesidades.<\/p>\n<p>&nbsp;<\/p>\n<p>Laura Ponce, quien busca la reelecci\u00f3n por el Distrito 7, agradeci\u00f3 la confianza de la gente, afirmando que se centrar\u00e1 en las propuestas y continuar dando lo mejor por Jes\u00fas Mar\u00eda; Adan Valdivia L\u00f3pez, candidato que tambi\u00e9n va por la reelecci\u00f3n en el Distrito 8, puntualiz\u00f3 que le toca defender a los gobierno de Acci\u00f3n Nacional y se\u00f1alar que no es lo mismo, porque ni Calvillo, ni Jes\u00fas Mar\u00eda, ni el estado son los mismos de hace 12 o 15 a\u00f1os, pues se distinguen por el trabajo y sobre todo por los resultados.<\/p>\n<p>&nbsp;<\/p>\n<p>Cada uno de los candidatos ha iniciado actividades en los municipios y distritos que les corresponde, en los que durante 45 d\u00edas estar\u00e1n enfocados en acercar las propuestas y escuchar las necesidades, a fin de que este 02 de junio se obtenga el triunfo en todo el territorio estatal de la coalici\u00f3n Fuerza y Coraz\u00f3n por Aguascalientes.<\/p>\n<p>&nbsp;<\/p>\n","protected":false},"excerpt":{"rendered":"<p>#informativoelvalledeaguascalientes #informativoelvalledeaguascalientesll #novaradioaguascalientes Ante los medios de comunicaci\u00f3n manifestaron su compromiso por conquistar la confianza de la ciudadan\u00eda Educaci\u00f3n, salud, seguridad, empleos y desarrollo del campo son los principales ejes a trabajar. &nbsp; Reunidos esta ma\u00f1ana en Jes\u00fas Mar\u00eda, las y los candidatos de la coalici\u00f3n Fuerza y Coraz\u00f3n por Aguascalientes, presentaron su propuesta y [&hellip;]<\/p>\n","protected":false},"author":1,"featured_media":55221,"comment_status":"closed","ping_status":"open","sticky":false,"template":"","format":"standard","meta":{"advanced_seo_description":"","jetpack_seo_html_title":"","jetpack_seo_noindex":false,"_jetpack_memberships_contains_paid_content":false,"footnotes":"","jetpack_publicize_message":"","jetpack_publicize_feature_enabled":true,"jetpack_social_post_already_shared":true,"jetpack_social_options":{"image_generator_settings":{"template":"highway","default_image_id":0,"font":"","enabled":false},"version":2}},"categories":[21,762,7,6,8,9],"tags":[22,764,23,40,33],"class_list":["post-55220","post","type-post","status-publish","format-standard","has-post-thumbnail","hentry","category-aguascalientes","category-elecciones-2024","category-pan-aguascalientes","category-partidos-politicos","category-prd-aguascalientes","category-pri-aguascalientes","tag-aguascalientes","tag-elecciones-2024","tag-pan-aguascalientes","tag-prd-aguascalientes","tag-pri-aguascalientes-cde"],"jetpack_publicize_connections":[],"jetpack_featured_media_url":"https:\/\/i0.wp.com\/informativoelvalledeaguascalientes.online\/wp-content\/uploads\/2024\/04\/081528a3-b3fe-410c-a2dd-88650b8acf68.jpeg?fit=1280%2C852&ssl=1","jetpack-related-posts":[],"jetpack_sharing_enabled":true,"jetpack_likes_enabled":true,"_links":{"self":[{"href":"https:\/\/informativoelvalledeaguascalientes.online\/index.php?rest_route=\/wp\/v2\/posts\/55220","targetHints":{"allow":["GET"]}}],"collection":[{"href":"https:\/\/informativoelvalledeaguascalientes.online\/index.php?rest_route=\/wp\/v2\/posts"}],"about":[{"href":"https:\/\/informativoelvalledeaguascalientes.online\/index.php?rest_route=\/wp\/v2\/types\/post"}],"author":[{"embeddable":true,"href":"https:\/\/informativoelvalledeaguascalientes.online\/index.php?rest_route=\/wp\/v2\/users\/1"}],"replies":[{"embeddable":true,"href":"https:\/\/informativoelvalledeaguascalientes.online\/index.php?rest_route=%2Fwp%2Fv2%2Fcomments&post=55220"}],"version-history":[{"count":1,"href":"https:\/\/informativoelvalledeaguascalientes.online\/index.php?rest_route=\/wp\/v2\/posts\/55220\/revisions"}],"predecessor-version":[{"id":55222,"href":"https:\/\/informativoelvalledeaguascalientes.online\/index.php?rest_route=\/wp\/v2\/posts\/55220\/revisions\/55222"}],"wp:featuredmedia":[{"embeddable":true,"href":"https:\/\/informativoelvalledeaguascalientes.online\/index.php?rest_route=\/wp\/v2\/media\/55221"}],"wp:attachment":[{"href":"https:\/\/informativoelvalledeaguascalientes.online\/index.php?rest_route=%2Fwp%2Fv2%2Fmedia&parent=55220"}],"wp:term":[{"taxonomy":"category","embeddable":true,"href":"https:\/\/informativoelvalledeaguascalientes.online\/index.php?rest_route=%2Fwp%2Fv2%2Fcategories&post=55220"},{"taxonomy":"post_tag","embeddable":true,"href":"https:\/\/informativoelvalledeaguascalientes.online\/index.php?rest_route=%2Fwp%2Fv2%2Ftags&post=55220"}],"curies":[{"name":"wp","href":"https:\/\/api.w.org\/{rel}","templated":true}]}}