{"id":55217,"date":"2024-04-15T23:49:09","date_gmt":"2024-04-16T05:49:09","guid":{"rendered":"https:\/\/informativoelvalledeaguascalientes.online\/?p=55217"},"modified":"2024-04-15T23:49:09","modified_gmt":"2024-04-16T05:49:09","slug":"laura-ponce-inicio-primer-dia-de-actividades-de-campana-en-el-distrito-7-compartiendo-sus-propuestas","status":"publish","type":"post","link":"https:\/\/informativoelvalledeaguascalientes.online\/?p=55217","title":{"rendered":"Laura Ponce inici\u00f3 primer d\u00eda de actividades de campa\u00f1a en el distrito 7 compartiendo sus propuestas."},"content":{"rendered":"<p><strong><a href=\"https:\/\/www.facebook.com\/hashtag\/informativoelvalledeaguascalientes\">#informativoelvalledeaguascalientes<\/a><\/strong><\/p>\n<p>#informativoelvalledeaguascalientesll<\/p>\n<p><strong><a href=\"https:\/\/www.facebook.com\/hashtag\/novaradioaguascalientes\">#novaradioaguascalientes<\/a><\/strong><\/p>\n<ul>\n<li><\/li>\n<li><strong>Estuvo<\/strong> presente en la rueda de prensa junto con C\u00e9sar Medina, candidato a presidente municipal de Jes\u00fas Mar\u00eda.<\/li>\n<li>Recorri\u00f3 el tianguis de la colonia Solidaridad saludando a los comerciantes y vecinos<\/li>\n<li>Visit\u00f3 la empresa Teje Quintex<\/li>\n<li>Realiz\u00f3 recorrido y reuni\u00f3n vecinal en la Solidaridad y concluy\u00f3 en San Miguelito.<\/li>\n<\/ul>\n<p>&nbsp;<\/p>\n<p>En la rueda de prensa, junto con compa\u00f1eras y compa\u00f1eros candidatos y autoridades partidistas, la candidata panista reiter\u00f3 su compromiso con la ciudadan\u00eda y coment\u00f3 que su campa\u00f1a ser\u00e1 de propuestas y respeto.<\/p>\n<p>&nbsp;<\/p>\n<p>La candidata a diputada local por el distrito 7, salud\u00f3 a amigos que se encontr\u00f3 por su paso en el tianguis de la colonia Solidaridad y en compa\u00f1\u00eda de C\u00e9sar Medina, el candidato a presidente municipal de Jes\u00fas Mar\u00eda, comparti\u00f3 sus propuestas con comerciantes y vecinos que se encontraban realizando sus compras.<\/p>\n<p>&nbsp;<\/p>\n<p>Por su paso por la empresa Teje Quintex, Laura Ponce platic\u00f3 de su historia de vida, compartiendo con las y los trabajadores, su experiencia de trabajar en f\u00e1bricas en su juventud, para sacar a sus hijos adelante. \u201cComo t\u00fa, yo tambi\u00e9n fui madre trabajadora y aguerrida, y les quiero decir que se puede avanzar y salir adelante\u201d, coment\u00f3.<\/p>\n<p>&nbsp;<\/p>\n<p>Para finalizar el primer d\u00eda de campa\u00f1a, en sus recorridos por las colonias Solidaridad y San Miguelito, escuch\u00f3 las necesidades y problem\u00e1ticas de las y los vecinos. \u00a0Platic\u00f3 tambi\u00e9n de sus propuestas, afirmando que: \u201ctoda familia quiere tener seguridad en su entorno, y por eso fortalecer\u00e9 la polic\u00eda municipal con m\u00e1s presupuesto, legislar\u00e9 por penas m\u00e1s severas a quien robe e impulsar\u00e9 m\u00e1s vigilancia en las calles\u201d.<\/p>\n","protected":false},"excerpt":{"rendered":"<p>#informativoelvalledeaguascalientes #informativoelvalledeaguascalientesll #novaradioaguascalientes Estuvo presente en la rueda de prensa junto con C\u00e9sar Medina, candidato a presidente municipal de Jes\u00fas Mar\u00eda. Recorri\u00f3 el tianguis de la colonia Solidaridad saludando a los comerciantes y vecinos Visit\u00f3 la empresa Teje Quintex Realiz\u00f3 recorrido y reuni\u00f3n vecinal en la Solidaridad y concluy\u00f3 en San Miguelito. &nbsp; En la [&hellip;]<\/p>\n","protected":false},"author":1,"featured_media":55218,"comment_status":"closed","ping_status":"open","sticky":false,"template":"","format":"standard","meta":{"advanced_seo_description":"","jetpack_seo_html_title":"","jetpack_seo_noindex":false,"_jetpack_memberships_contains_paid_content":false,"footnotes":"","jetpack_publicize_message":"","jetpack_publicize_feature_enabled":true,"jetpack_social_post_already_shared":true,"jetpack_social_options":{"image_generator_settings":{"template":"highway","default_image_id":0,"font":"","enabled":false},"version":2}},"categories":[21,762,6],"tags":[22,764,763,23],"class_list":["post-55217","post","type-post","status-publish","format-standard","has-post-thumbnail","hentry","category-aguascalientes","category-elecciones-2024","category-partidos-politicos","tag-aguascalientes","tag-elecciones-2024","tag-laura-ponce","tag-pan-aguascalientes"],"jetpack_publicize_connections":[],"jetpack_featured_media_url":"https:\/\/i0.wp.com\/informativoelvalledeaguascalientes.online\/wp-content\/uploads\/2024\/04\/74ad99e3-66e4-464d-9bf0-1ccadd2fe5ac.jpeg?fit=1200%2C1600&ssl=1","jetpack-related-posts":[],"jetpack_sharing_enabled":true,"jetpack_likes_enabled":true,"_links":{"self":[{"href":"https:\/\/informativoelvalledeaguascalientes.online\/index.php?rest_route=\/wp\/v2\/posts\/55217","targetHints":{"allow":["GET"]}}],"collection":[{"href":"https:\/\/informativoelvalledeaguascalientes.online\/index.php?rest_route=\/wp\/v2\/posts"}],"about":[{"href":"https:\/\/informativoelvalledeaguascalientes.online\/index.php?rest_route=\/wp\/v2\/types\/post"}],"author":[{"embeddable":true,"href":"https:\/\/informativoelvalledeaguascalientes.online\/index.php?rest_route=\/wp\/v2\/users\/1"}],"replies":[{"embeddable":true,"href":"https:\/\/informativoelvalledeaguascalientes.online\/index.php?rest_route=%2Fwp%2Fv2%2Fcomments&post=55217"}],"version-history":[{"count":1,"href":"https:\/\/informativoelvalledeaguascalientes.online\/index.php?rest_route=\/wp\/v2\/posts\/55217\/revisions"}],"predecessor-version":[{"id":55219,"href":"https:\/\/informativoelvalledeaguascalientes.online\/index.php?rest_route=\/wp\/v2\/posts\/55217\/revisions\/55219"}],"wp:featuredmedia":[{"embeddable":true,"href":"https:\/\/informativoelvalledeaguascalientes.online\/index.php?rest_route=\/wp\/v2\/media\/55218"}],"wp:attachment":[{"href":"https:\/\/informativoelvalledeaguascalientes.online\/index.php?rest_route=%2Fwp%2Fv2%2Fmedia&parent=55217"}],"wp:term":[{"taxonomy":"category","embeddable":true,"href":"https:\/\/informativoelvalledeaguascalientes.online\/index.php?rest_route=%2Fwp%2Fv2%2Fcategories&post=55217"},{"taxonomy":"post_tag","embeddable":true,"href":"https:\/\/informativoelvalledeaguascalientes.online\/index.php?rest_route=%2Fwp%2Fv2%2Ftags&post=55217"}],"curies":[{"name":"wp","href":"https:\/\/api.w.org\/{rel}","templated":true}]}}