{"id":55165,"date":"2024-04-14T22:30:14","date_gmt":"2024-04-15T04:30:14","guid":{"rendered":"https:\/\/informativoelvalledeaguascalientes.online\/?p=55165"},"modified":"2024-04-14T22:31:51","modified_gmt":"2024-04-15T04:31:51","slug":"tere-jimenez-realizo-el-recorrido-inaugural-de-la-feria-nacional-de-san-marcos-2024","status":"publish","type":"post","link":"https:\/\/informativoelvalledeaguascalientes.online\/?p=55165","title":{"rendered":"TERE JIM\u00c9NEZ REALIZ\u00d3 EL RECORRIDO INAUGURAL DE LA FERIA NACIONAL DE SAN MARCOS 2024"},"content":{"rendered":"<p><strong><a href=\"https:\/\/www.facebook.com\/hashtag\/informativoelvalledeaguascalientes\">#informativoelvalledeaguascalientes<\/a><\/strong><\/p>\n<p><strong><a href=\"https:\/\/www.facebook.com\/hashtag\/novaradioaguascalientes\">#novaradioaguascalientes<\/a><\/strong><\/p>\n<p>#informativoelvalledeaguascalientesll<\/p>\n<p><strong><a href=\"https:\/\/www.facebook.com\/GobiernodeAguascalientes\">#ElGiganteDeMexico<\/a><\/strong><\/p>\n<ul class=\"xErDo AnCKd\">\n<li class=\"_04hd2 vVfzz\" dir=\"auto\">\n<div>\n<p id=\"viewer-esa3w228\" class=\"-Zro6 -ZADH vVfzz AnCKd _57WYp\"><span class=\"d0767 vVfzz\"><strong><em>Con esta caminata dio inicio oficial a las actividades comerciales, culturales, art\u00edsticas y recreativas de la verbena abrile\u00f1a<\/em><\/strong><\/span><\/p>\n<\/div>\n<\/li>\n<li class=\"_04hd2 vVfzz\" dir=\"auto\">\n<div>\n<p id=\"viewer-8xq7j231\" class=\"-Zro6 -ZADH vVfzz AnCKd _57WYp\"><span class=\"d0767 vVfzz\"><strong><em>La acompa\u00f1aron el gobernador del estado de Coahuila, el presidente del Patronato de la FNSM, el presidente municipal de Aguascalientes, la reina de la FNSM 2024 y la presidenta del DIF estatal<\/em><\/strong><\/span><\/p>\n<\/div>\n<\/li>\n<li class=\"_04hd2 vVfzz\" dir=\"auto\">\n<div>\n<p id=\"viewer-x213z234\" class=\"-Zro6 -ZADH vVfzz AnCKd _57WYp\"><span class=\"d0767 vVfzz\"><strong><em>Adem\u00e1s la gobernadora premi\u00f3 a los ganadores del 44\u00ba Encuentro Nacional de Arte Joven\u00a0<\/em><\/strong><\/span><\/p>\n<\/div>\n<\/li>\n<\/ul>\n<div id=\"viewer-domao236\" class=\"-Zro6 -ZADH vVfzz _57WYp\"><span class=\"d0767 vVfzz\">\u00a0<\/span><\/div>\n<p id=\"viewer-tzluf237\" class=\"-Zro6 -ZADH vVfzz AnCKd _57WYp\"><span class=\"d0767 vVfzz\">En el marco del arranque de la Feria Nacional de San Marcos (FNSM) 2024, la gobernadora de Aguascalientes, Tere Jim\u00e9nez, premi\u00f3 a los ganadores del 44\u00ba Encuentro Nacional de Arte Joven y encabez\u00f3 el tradicional recorrido inaugural de la verbena abrile\u00f1a.<\/span><\/p>\n<div id=\"viewer-0ah38239\" class=\"-Zro6 -ZADH vVfzz _57WYp\"><span class=\"d0767 vVfzz\">\u00a0<\/span><\/div>\n<p id=\"viewer-2farn240\" class=\"-Zro6 -ZADH vVfzz AnCKd _57WYp\"><span class=\"d0767 vVfzz\">En la Casa de la Cultura, Tere Jim\u00e9nez entreg\u00f3 los Premios de Adquisici\u00f3n a Estefan\u00eda Flores Reyes, con su obra <em>Vista desde la ventana m\u00e1s cercana<\/em>; Andrea Garc\u00eda S\u00e1nchez, con la obra titulada <em>Objeto de dominaci\u00f3n<\/em>; Carmen Ixchel Maya Guti\u00e9rrez con <em>How to be visible<\/em>; y a Klaus Abimael Gonz\u00e1lez Carbajal con <em>De 5:00 a. m. a 8:00 p. m.<\/em><\/span><\/p>\n<div id=\"viewer-9kwwr249\" class=\"-Zro6 -ZADH vVfzz _57WYp\"><span class=\"d0767 vVfzz\">\u00a0<\/span><\/div>\n<p id=\"viewer-a81gu250\" class=\"-Zro6 -ZADH vVfzz AnCKd _57WYp\"><span class=\"d0767 vVfzz\">\u201cFelicito a las y los ganadores que recibieron este importante premio, que este sea el comienzo de una gran trayectoria como artistas. Damos inicio a la feria m\u00e1s grande y bonita, este a\u00f1o esperamos con los brazos abiertos a m\u00e1s de 9 millones de visitantes. Los invitamos a que disfruten de su riqueza cultural y gastron\u00f3mica en un ambiente de paz y tranquilidad\u201d, subray\u00f3 Tere Jim\u00e9nez.<\/span><\/p>\n<div id=\"viewer-30vu4252\" class=\"-Zro6 -ZADH vVfzz _57WYp\"><span class=\"d0767 vVfzz\">\u00a0<\/span><\/div>\n<p id=\"viewer-5uaap253\" class=\"-Zro6 -ZADH vVfzz AnCKd _57WYp\"><span class=\"d0767 vVfzz\">Posteriormente, y acompa\u00f1ada del gobernador de Coahuila, Manolo Jim\u00e9nez Salinas; Jos\u00e9 \u00c1ngel Gonz\u00e1lez Serna, presidente del Patronato de la FNSM; Aurora Jim\u00e9nez Esquivel, presidenta del DIF Estatal; Jos\u00e9 Juan S\u00e1nchez Barba, presidente municipal de Aguascalientes; Rita I y sus princesas, entre otras autoridades, la gobernadora hizo el corte de list\u00f3n inaugural en la calle Venustiano Carranza, con lo que dio inicio simb\u00f3licamente a toda la actividad comercial, cultural, art\u00edstica y recreativa de la FNSM en su edici\u00f3n 2024.<\/span><\/p>\n<div id=\"viewer-ulpbl255\" class=\"-Zro6 -ZADH vVfzz _57WYp\"><span class=\"d0767 vVfzz\">\u00a0<\/span><\/div>\n<p id=\"viewer-4xtvc256\" class=\"-Zro6 -ZADH vVfzz AnCKd _57WYp\"><span class=\"d0767 vVfzz\">Durante su recorrido, Tere Jim\u00e9nez y compa\u00f1\u00eda caminaron a lo largo del Corredor Cultural Venustiano Carranza hasta el Jard\u00edn de San Marcos, donde devel\u00f3 la placa conmemorativa por el Centenario de la Primera Reina de la Feria Nacional de San Marcos y salud\u00f3 a las familias que se encontraban en el emblem\u00e1tico kiosco que distingue a este hist\u00f3rico lugar.\u00a0<\/span><\/p>\n<div id=\"viewer-6c4x3258\" class=\"-Zro6 -ZADH vVfzz _57WYp\"><span class=\"d0767 vVfzz\">\u00a0<\/span><\/div>\n<p id=\"viewer-n5rd1259\" class=\"-Zro6 -ZADH vVfzz AnCKd _57WYp\"><span class=\"d0767 vVfzz\">Ah\u00ed mismo visit\u00f3 la Terraza \u201cGigantes en Plenitud\u201d, espacio del DIF Estatal para que las y los abuelitos pasen un momento de alegr\u00eda y esparcimiento con m\u00fasica, baile y recreaci\u00f3n.<\/span><\/p>\n<div id=\"viewer-yu5r9261\" class=\"-Zro6 -ZADH vVfzz _57WYp\"><span class=\"d0767 vVfzz\">\u00a0<\/span><\/div>\n<p id=\"viewer-criva262\" class=\"-Zro6 -ZADH vVfzz AnCKd _57WYp\"><span class=\"d0767 vVfzz\">Posteriormente, la gobernadora inaugur\u00f3 la guarder\u00eda de la feria, que tambi\u00e9n est\u00e1 a cargo del DIF Estatal, con el objetivo de ofrecer a los padres y madres de familia un lugar seguro donde puedan dejar a sus hijas e hijos mientras laboran en el per\u00edmetro ferial.<\/span><\/p>\n<div id=\"viewer-dzkvh264\" class=\"-Zro6 -ZADH vVfzz _57WYp\"><span class=\"d0767 vVfzz\">\u00a0<\/span><\/div>\n<p id=\"viewer-tp6hy265\" class=\"-Zro6 -ZADH vVfzz AnCKd _57WYp\"><span class=\"d0767 vVfzz\">Las autoridades continuaron su recorrido por el andador J. Pani hasta el stand de la Secretar\u00eda de Seguridad P\u00fablica del Estado que se instal\u00f3 en las inmediaciones del \u00e1rea ferial para garantizar que la fiesta abrile\u00f1a se desarrolle en un ambiente de paz y tranquilidad.<\/span><\/p>\n<div id=\"viewer-zlf61267\" class=\"-Zro6 -ZADH vVfzz _57WYp\"><span class=\"d0767 vVfzz\">\u00a0<\/span><\/div>\n<p id=\"viewer-7li7f268\" class=\"-Zro6 -ZADH vVfzz AnCKd _57WYp\"><span class=\"d0767 vVfzz\">De ah\u00ed se trasladaron a la explanada de Expoplaza, donde visitaron los stands de Nissan y Cementos Cruz Azul, que son dos de las empresas m\u00e1s representativas que operan en la entidad y que por muchos a\u00f1os han hecho aportaciones importantes al desarrollo econ\u00f3mico e industrial de Aguascalientes.<\/span><\/p>\n<div id=\"viewer-lo1yh270\" class=\"-Zro6 -ZADH vVfzz _57WYp\"><span class=\"d0767 vVfzz\">\u00a0<\/span><\/div>\n<p id=\"viewer-1r8j1271\" class=\"-Zro6 -ZADH vVfzz AnCKd _57WYp\"><span class=\"d0767 vVfzz\">Enseguida, la gobernadora y sus acompa\u00f1antes inauguraron los stands de Uruguay, Coahuila y Real de Asientos, que son el pa\u00eds, estado y municipio invitados de la FNSM 2024, respectivamente; en estos espacios se exponen los atractivos m\u00e1s relevantes que ofrece cada uno de estos lugares para que los feriantes los conozcan y visiten.<\/span><\/p>\n<div id=\"viewer-0fhep273\" class=\"-Zro6 -ZADH vVfzz _57WYp\"><span class=\"d0767 vVfzz\">\u00a0<\/span><\/div>\n<p id=\"viewer-163uf274\" class=\"-Zro6 -ZADH vVfzz AnCKd _57WYp\"><span class=\"d0767 vVfzz\">Despu\u00e9s se dirigi\u00f3 a la velaria de Expoplaza, donde inaugur\u00f3 el Pabell\u00f3n Tur\u00edstico Artesanal, donde se exhibe un sinn\u00famero de artesan\u00edas elaboradas por expositores de varios estados del pa\u00eds que utilizan diversos materiales para realizar sus productos, como madera, vidrio, tela y metales, entre otros.\u00a0<\/span><\/p>\n<div id=\"viewer-8g7xu276\" class=\"-Zro6 -ZADH vVfzz _57WYp\"><span class=\"d0767 vVfzz\">\u00a0<\/span><\/div>\n<p id=\"viewer-p0bgp277\" class=\"-Zro6 -ZADH vVfzz AnCKd _57WYp\"><span class=\"d0767 vVfzz\">Finalmente, Tere Jim\u00e9nez encabez\u00f3 la inauguraci\u00f3n de la Expo Industrial, foro donde se muestra el potencial productivo de Aguascalientes; en ese lugar, la gobernadora visit\u00f3 los m\u00f3dulos de las empresas Tesla y Flex, entre otras del sector automotriz.<\/span><\/p>\n<p><img data-recalc-dims=\"1\" loading=\"lazy\" decoding=\"async\" class=\"alignnone wp-image-55168 size-full\" src=\"https:\/\/i0.wp.com\/informativoelvalledeaguascalientes.online\/wp-content\/uploads\/2024\/04\/33.JPG.jpg?resize=640%2C427&#038;ssl=1\" alt=\"\" width=\"640\" height=\"427\" srcset=\"https:\/\/i0.wp.com\/informativoelvalledeaguascalientes.online\/wp-content\/uploads\/2024\/04\/33.JPG.jpg?w=2139&amp;ssl=1 2139w, https:\/\/i0.wp.com\/informativoelvalledeaguascalientes.online\/wp-content\/uploads\/2024\/04\/33.JPG.jpg?resize=300%2C200&amp;ssl=1 300w, https:\/\/i0.wp.com\/informativoelvalledeaguascalientes.online\/wp-content\/uploads\/2024\/04\/33.JPG.jpg?resize=1024%2C683&amp;ssl=1 1024w, https:\/\/i0.wp.com\/informativoelvalledeaguascalientes.online\/wp-content\/uploads\/2024\/04\/33.JPG.jpg?resize=768%2C512&amp;ssl=1 768w, https:\/\/i0.wp.com\/informativoelvalledeaguascalientes.online\/wp-content\/uploads\/2024\/04\/33.JPG.jpg?resize=1536%2C1024&amp;ssl=1 1536w, https:\/\/i0.wp.com\/informativoelvalledeaguascalientes.online\/wp-content\/uploads\/2024\/04\/33.JPG.jpg?resize=2048%2C1365&amp;ssl=1 2048w, https:\/\/i0.wp.com\/informativoelvalledeaguascalientes.online\/wp-content\/uploads\/2024\/04\/33.JPG.jpg?w=1280&amp;ssl=1 1280w, https:\/\/i0.wp.com\/informativoelvalledeaguascalientes.online\/wp-content\/uploads\/2024\/04\/33.JPG.jpg?w=1920&amp;ssl=1 1920w\" sizes=\"auto, (max-width: 640px) 100vw, 640px\" \/><\/p>\n","protected":false},"excerpt":{"rendered":"<p>#informativoelvalledeaguascalientes #novaradioaguascalientes #informativoelvalledeaguascalientesll #ElGiganteDeMexico Con esta caminata dio inicio oficial a las actividades comerciales, culturales, art\u00edsticas y recreativas de la verbena abrile\u00f1a La acompa\u00f1aron el gobernador del estado de Coahuila, el presidente del Patronato de la FNSM, el presidente municipal de Aguascalientes, la reina de la FNSM 2024 y la presidenta del DIF estatal Adem\u00e1s [&hellip;]<\/p>\n","protected":false},"author":1,"featured_media":55167,"comment_status":"closed","ping_status":"open","sticky":false,"template":"","format":"standard","meta":{"advanced_seo_description":"","jetpack_seo_html_title":"","jetpack_seo_noindex":false,"_jetpack_memberships_contains_paid_content":false,"footnotes":"","jetpack_publicize_message":"","jetpack_publicize_feature_enabled":true,"jetpack_social_post_already_shared":true,"jetpack_social_options":{"image_generator_settings":{"template":"highway","default_image_id":0,"font":"","enabled":false},"version":2}},"categories":[21,4],"tags":[746,22,615,320],"class_list":["post-55165","post","type-post","status-publish","format-standard","has-post-thumbnail","hentry","category-aguascalientes","category-gobierno-del-estado-aguascalientes","tag-fnsm2024","tag-aguascalientes","tag-gobierno-del-estado-de-aguascalientes","tag-tere-jimenez"],"jetpack_publicize_connections":[],"jetpack_featured_media_url":"https:\/\/i0.wp.com\/informativoelvalledeaguascalientes.online\/wp-content\/uploads\/2024\/04\/31.JPG-1.jpg?fit=1883%2C1255&ssl=1","jetpack-related-posts":[],"jetpack_sharing_enabled":true,"jetpack_likes_enabled":true,"_links":{"self":[{"href":"https:\/\/informativoelvalledeaguascalientes.online\/index.php?rest_route=\/wp\/v2\/posts\/55165","targetHints":{"allow":["GET"]}}],"collection":[{"href":"https:\/\/informativoelvalledeaguascalientes.online\/index.php?rest_route=\/wp\/v2\/posts"}],"about":[{"href":"https:\/\/informativoelvalledeaguascalientes.online\/index.php?rest_route=\/wp\/v2\/types\/post"}],"author":[{"embeddable":true,"href":"https:\/\/informativoelvalledeaguascalientes.online\/index.php?rest_route=\/wp\/v2\/users\/1"}],"replies":[{"embeddable":true,"href":"https:\/\/informativoelvalledeaguascalientes.online\/index.php?rest_route=%2Fwp%2Fv2%2Fcomments&post=55165"}],"version-history":[{"count":3,"href":"https:\/\/informativoelvalledeaguascalientes.online\/index.php?rest_route=\/wp\/v2\/posts\/55165\/revisions"}],"predecessor-version":[{"id":55170,"href":"https:\/\/informativoelvalledeaguascalientes.online\/index.php?rest_route=\/wp\/v2\/posts\/55165\/revisions\/55170"}],"wp:featuredmedia":[{"embeddable":true,"href":"https:\/\/informativoelvalledeaguascalientes.online\/index.php?rest_route=\/wp\/v2\/media\/55167"}],"wp:attachment":[{"href":"https:\/\/informativoelvalledeaguascalientes.online\/index.php?rest_route=%2Fwp%2Fv2%2Fmedia&parent=55165"}],"wp:term":[{"taxonomy":"category","embeddable":true,"href":"https:\/\/informativoelvalledeaguascalientes.online\/index.php?rest_route=%2Fwp%2Fv2%2Fcategories&post=55165"},{"taxonomy":"post_tag","embeddable":true,"href":"https:\/\/informativoelvalledeaguascalientes.online\/index.php?rest_route=%2Fwp%2Fv2%2Ftags&post=55165"}],"curies":[{"name":"wp","href":"https:\/\/api.w.org\/{rel}","templated":true}]}}