{"id":55162,"date":"2024-04-14T22:27:18","date_gmt":"2024-04-15T04:27:18","guid":{"rendered":"https:\/\/informativoelvalledeaguascalientes.online\/?p=55162"},"modified":"2024-04-14T22:27:18","modified_gmt":"2024-04-15T04:27:18","slug":"este-martes-las-oportunidades-de-empleo-llegan-a-tepezala","status":"publish","type":"post","link":"https:\/\/informativoelvalledeaguascalientes.online\/?p=55162","title":{"rendered":"ESTE MARTES LAS OPORTUNIDADES DE EMPLEO LLEGAN A TEPEZAL\u00c1"},"content":{"rendered":"<p><strong><a href=\"https:\/\/www.facebook.com\/hashtag\/informativoelvalledeaguascalientes\">#informativoelvalledeaguascalientes<\/a><\/strong><\/p>\n<p><strong><a href=\"https:\/\/www.facebook.com\/hashtag\/novaradioaguascalientes\">#novaradioaguascalientes<\/a><\/strong><\/p>\n<p>#informativoelvalledeaguascalientesll<\/p>\n<p><strong><a href=\"https:\/\/www.facebook.com\/GobiernodeAguascalientes\">#ElGiganteDeMexico<\/a><\/strong><\/p>\n<div id=\"bgLayers_comp-l7sh9ubr2\" class=\"MW5IWV\" data-hook=\"bgLayers\" data-motion-part=\"BG_LAYER\">\n<div id=\"bgMedia_comp-l7sh9ubr2\" class=\"VgO9Yg\" data-motion-part=\"BG_MEDIA\"><\/div>\n<\/div>\n<div class=\"\" data-mesh-id=\"comp-l7sh9ubr2inlineContent\" data-testid=\"inline-content\">\n<div data-mesh-id=\"comp-l7sh9ubr2inlineContent-gridContainer\" data-testid=\"mesh-container-content\">\n<div id=\"comp-l7yvxqo2\" class=\"MazNVa comp-l7yvxqo2 wixui-image\">\n<div class=\"j7pOnl\" data-testid=\"linkElement\"><\/div>\n<\/div>\n<div id=\"comp-l7sh9ubx\" class=\"TWFxr5 \">\n<div class=\"comp-l7sh9ubx\">\n<div class=\"siSdJK4 comp-l7sh9ubx\" data-hook=\"ricosviewer-wrapper\">\n<div class=\"U4I07\" dir=\"ltr\" data-id=\"content-viewer\">\n<div class=\"hl-xW\">\n<div>\n<ul class=\"xErDo AnCKd\">\n<li class=\"_04hd2 vVfzz\" dir=\"auto\">\n<div>\n<p id=\"viewer-34c0q142\" class=\"-Zro6 -ZADH vVfzz AnCKd _57WYp\"><span class=\"d0767 vVfzz\"><strong>La \u201cBrigada de Empleo en tu Municipio\u201d se realizar\u00e1 en la Presidencia Municipal<\/strong><\/span><\/p>\n<\/div>\n<\/li>\n<li class=\"_04hd2 vVfzz\" dir=\"auto\">\n<div>\n<p id=\"viewer-w0ey9145\" class=\"-Zro6 -ZADH vVfzz AnCKd _57WYp\"><span class=\"d0767 vVfzz\"><strong>Las personas que acudan de 9:00 a 14:00 horas podr\u00e1n conocer m\u00e1s de mil vacantes<\/strong><\/span><\/p>\n<\/div>\n<\/li>\n<\/ul>\n<div id=\"viewer-kajki147\" class=\"-Zro6 -ZADH IjV6v _57WYp\"><span class=\"d0767\">\u00a0<\/span><\/div>\n<div id=\"viewer-7o49l148\" class=\"-Zro6 -ZADH IjV6v _57WYp\"><span class=\"d0767\">\u00a0<\/span><\/div>\n<p id=\"viewer-1spjp149\" class=\"-Zro6 -ZADH vVfzz AnCKd _57WYp\"><span class=\"d0767 vVfzz\">El Gobierno del Estado informa que esta semana la \u201cBrigada de Empleo en tu Municipio\u201d llega a Tepezal\u00e1, donde el martes 16 de abril las personas que asistan a la Presidencia Municipal de 9:00 a 14:00 horas, podr\u00e1n conocer las vacantes disponibles y postularse en aquellas que sean de su inter\u00e9s.<\/span><\/p>\n<div id=\"viewer-t7qj8151\" class=\"-Zro6 -ZADH IjV6v _57WYp\"><span class=\"d0767\">\u00a0<\/span><\/div>\n<p id=\"viewer-e317y152\" class=\"-Zro6 -ZADH vVfzz AnCKd _57WYp\"><span class=\"d0767 vVfzz\">El Servicio Estatal y Nacional de Empleo Aguascalientes (SNEA) detall\u00f3 que a los habitantes de la cabecera municipal y comunidades de Tepezal\u00e1 se les ofrecer\u00e1n m\u00e1s de 1,000 vacantes para personas de 18 a\u00f1os en adelante, con estudios desde nivel primaria hasta profesionistas.\u00a0<\/span><\/p>\n<div id=\"viewer-hf5h7154\" class=\"-Zro6 -ZADH IjV6v _57WYp\"><span class=\"d0767\">\u00a0<\/span><\/div>\n<p id=\"viewer-jxlvg155\" class=\"-Zro6 -ZADH vVfzz AnCKd _57WYp\"><span class=\"d0767 vVfzz\">Las y los buscadores de empleo que acudan a la jornada recibir\u00e1n informaci\u00f3n sobre las oportunidades de trabajo que ofrecen las empresas m\u00e1s cercanas a sus domicilios, a fin de que puedan incorporarse con mayor facilidad y lograr as\u00ed una estabilidad econ\u00f3mica para ellos y sus familias.<\/span><\/p>\n<div id=\"viewer-b8gjh157\" class=\"-Zro6 -ZADH IjV6v _57WYp\"><span class=\"d0767\">\u00a0<\/span><\/div>\n<p id=\"viewer-wx9sd158\" class=\"-Zro6 -ZADH vVfzz AnCKd _57WYp\"><span class=\"d0767 vVfzz\">A las personas interesadas en acudir a la &#8220;Brigada de Empleo en tu Municipio&#8221; se les recomiendo llevar varias solicitudes de empleo y\/o curr\u00edculums para aplicar a las vacantes de su inter\u00e9s.<\/span><\/p>\n<div id=\"viewer-brtnn160\" class=\"-Zro6 -ZADH IjV6v _57WYp\"><span class=\"d0767\">\u00a0<\/span><\/div>\n<p id=\"viewer-aoorp161\" class=\"-Zro6 -ZADH vVfzz AnCKd _57WYp\"><span class=\"d0767 vVfzz\">Para obtener m\u00e1s informaci\u00f3n, consultar la p\u00e1gina de Facebook del SNEA en <a class=\"TWoY9 itht3\" href=\"https:\/\/www.facebook.com\/SNEAgs\" target=\"_self\" rel=\"noopener noreferrer\">https:\/\/www.facebook.com\/SNEAgs<\/a>; o comunicarse al tel\u00e9fono 449 910 25 89, extensi\u00f3n 5900.<\/span><\/p>\n<div id=\"viewer-54cul165\" class=\"-Zro6 -ZADH IjV6v _57WYp\"><\/div>\n<\/div>\n<\/div>\n<\/div>\n<\/div>\n<\/div>\n<\/div>\n<\/div>\n<\/div>\n","protected":false},"excerpt":{"rendered":"<p>#informativoelvalledeaguascalientes #novaradioaguascalientes #informativoelvalledeaguascalientesll #ElGiganteDeMexico La \u201cBrigada de Empleo en tu Municipio\u201d se realizar\u00e1 en la Presidencia Municipal Las personas que acudan de 9:00 a 14:00 horas podr\u00e1n conocer m\u00e1s de mil vacantes \u00a0 \u00a0 El Gobierno del Estado informa que esta semana la \u201cBrigada de Empleo en tu Municipio\u201d llega a Tepezal\u00e1, donde el martes [&hellip;]<\/p>\n","protected":false},"author":1,"featured_media":55163,"comment_status":"closed","ping_status":"open","sticky":false,"template":"","format":"standard","meta":{"advanced_seo_description":"","jetpack_seo_html_title":"","jetpack_seo_noindex":false,"_jetpack_memberships_contains_paid_content":false,"footnotes":"","jetpack_publicize_message":"","jetpack_publicize_feature_enabled":true,"jetpack_social_post_already_shared":true,"jetpack_social_options":{"image_generator_settings":{"template":"highway","default_image_id":0,"font":"","enabled":false},"version":2}},"categories":[21,4],"tags":[22,615,616],"class_list":["post-55162","post","type-post","status-publish","format-standard","has-post-thumbnail","hentry","category-aguascalientes","category-gobierno-del-estado-aguascalientes","tag-aguascalientes","tag-gobierno-del-estado-de-aguascalientes","tag-snea"],"jetpack_publicize_connections":[],"jetpack_featured_media_url":"https:\/\/i0.wp.com\/informativoelvalledeaguascalientes.online\/wp-content\/uploads\/2024\/04\/WhatsApp-Image-2024-04-14-at-10.08.27-AM.jpeg?fit=1280%2C720&ssl=1","jetpack-related-posts":[],"jetpack_sharing_enabled":true,"jetpack_likes_enabled":true,"_links":{"self":[{"href":"https:\/\/informativoelvalledeaguascalientes.online\/index.php?rest_route=\/wp\/v2\/posts\/55162","targetHints":{"allow":["GET"]}}],"collection":[{"href":"https:\/\/informativoelvalledeaguascalientes.online\/index.php?rest_route=\/wp\/v2\/posts"}],"about":[{"href":"https:\/\/informativoelvalledeaguascalientes.online\/index.php?rest_route=\/wp\/v2\/types\/post"}],"author":[{"embeddable":true,"href":"https:\/\/informativoelvalledeaguascalientes.online\/index.php?rest_route=\/wp\/v2\/users\/1"}],"replies":[{"embeddable":true,"href":"https:\/\/informativoelvalledeaguascalientes.online\/index.php?rest_route=%2Fwp%2Fv2%2Fcomments&post=55162"}],"version-history":[{"count":1,"href":"https:\/\/informativoelvalledeaguascalientes.online\/index.php?rest_route=\/wp\/v2\/posts\/55162\/revisions"}],"predecessor-version":[{"id":55164,"href":"https:\/\/informativoelvalledeaguascalientes.online\/index.php?rest_route=\/wp\/v2\/posts\/55162\/revisions\/55164"}],"wp:featuredmedia":[{"embeddable":true,"href":"https:\/\/informativoelvalledeaguascalientes.online\/index.php?rest_route=\/wp\/v2\/media\/55163"}],"wp:attachment":[{"href":"https:\/\/informativoelvalledeaguascalientes.online\/index.php?rest_route=%2Fwp%2Fv2%2Fmedia&parent=55162"}],"wp:term":[{"taxonomy":"category","embeddable":true,"href":"https:\/\/informativoelvalledeaguascalientes.online\/index.php?rest_route=%2Fwp%2Fv2%2Fcategories&post=55162"},{"taxonomy":"post_tag","embeddable":true,"href":"https:\/\/informativoelvalledeaguascalientes.online\/index.php?rest_route=%2Fwp%2Fv2%2Ftags&post=55162"}],"curies":[{"name":"wp","href":"https:\/\/api.w.org\/{rel}","templated":true}]}}