{"id":55128,"date":"2024-04-13T22:53:01","date_gmt":"2024-04-14T04:53:01","guid":{"rendered":"https:\/\/informativoelvalledeaguascalientes.online\/?p=55128"},"modified":"2024-04-14T16:13:31","modified_gmt":"2024-04-14T22:13:31","slug":"tere-jimenez-encabezo-la-coronacion-de-rita-i-como-la-reina-numero-100-de-la-feria-nacional-de-san-marcos-2024","status":"publish","type":"post","link":"https:\/\/informativoelvalledeaguascalientes.online\/?p=55128","title":{"rendered":"TERE JIM\u00c9NEZ ENCABEZ\u00d3 LA CORONACI\u00d3N DE RITA I COMO LA REINA N\u00daMERO 100 DE LA FERIA NACIONAL DE SAN MARCOS 2024"},"content":{"rendered":"<p>#informativoelvalledeaguascalientes<\/p>\n<p>#novaradioaguascalientes<\/p>\n<p>#informativoelvalledeaguascalientesll<\/p>\n<p>#ElGiganteDeMexico<\/p>\n<div class=\"siSdJK4 comp-l7sh9ubx\" data-hook=\"ricosviewer-wrapper\">\n<div class=\"U4I07\" dir=\"ltr\" data-id=\"content-viewer\">\n<div class=\"hl-xW\">\n<div>\n<ul class=\"xErDo AnCKd\">\n<li class=\"_04hd2 vVfzz\" dir=\"auto\">\n<div>\n<p id=\"viewer-foo\" class=\"-Zro6 -ZADH vVfzz AnCKd _57WYp\"><span class=\"d0767 vVfzz\"><strong><em>Con este magno evento dio inicio oficial la mejor feria de M\u00e9xico<\/em><\/strong><\/span><\/p>\n<div id=\"viewer-coons139\" class=\"-Zro6 -ZADH vVfzz _57WYp\"><span class=\"d0767 vVfzz\">\u00a0<\/span><\/div>\n<\/div>\n<\/li>\n<li class=\"_04hd2 vVfzz\" dir=\"auto\">\n<div>\n<p id=\"viewer-c7m76485\" class=\"-Zro6 -ZADH vVfzz AnCKd _57WYp\"><span class=\"d0767 vVfzz\"><strong><em>El evento se distingui\u00f3 por la celebraci\u00f3n del Centenario de la Coronaci\u00f3n de la Primera Soberana de la FNSM; exreinas realizaron una pasarela<\/em><\/strong><\/span><\/p>\n<\/div>\n<\/li>\n<li class=\"_04hd2 vVfzz\" dir=\"auto\">\n<div>\n<p id=\"viewer-lr0fv141\" class=\"-Zro6 -ZADH vVfzz AnCKd _57WYp\"><span class=\"d0767 vVfzz\"><strong><em>El grupo Belanova fue el encargado de amenizar esta gran noche y abrir la serie de conciertos del Foro de las Estrellas<\/em><\/strong><\/span><\/p>\n<\/div>\n<\/li>\n<\/ul>\n<div id=\"viewer-riya6162\" class=\"-Zro6 -ZADH vVfzz _57WYp\"><span class=\"d0767 vVfzz\">\u00a0<\/span><\/div>\n<p id=\"viewer-tzolh143\" class=\"-Zro6 -ZADH vVfzz AnCKd _57WYp\"><span class=\"d0767 vVfzz\">En una noche llena de magia, belleza y alegr\u00eda, la gobernadora de Aguascalientes, Tere Jim\u00e9nez, coron\u00f3 a Rita I como la reina n\u00famero 100 de la Feria Nacional de San Marcos (FNSM) en su edici\u00f3n 2024.<\/span><\/p>\n<div id=\"viewer-fkmcr256\" class=\"-Zro6 -ZADH vVfzz _57WYp\"><span class=\"d0767 vVfzz\">\u00a0<\/span><\/div>\n<p id=\"viewer-mi05a145\" class=\"-Zro6 -ZADH vVfzz AnCKd _57WYp\"><span class=\"d0767 vVfzz\">En un Foro de las Estrellas abarrotado y teniendo como invitados especiales al secretario de Turismo del Gobierno de M\u00e9xico, Miguel \u00c1ngel Torruco Marqu\u00e9s; Manolo Jim\u00e9nez Salinas, gobernador del estado de Coahuila; y al c\u00f3nsul general de Uruguay en M\u00e9xico, Carlos Onneto, la gobernadora dio inicio oficial a la verbena abrile\u00f1a con este evento solemne.<\/span><\/p>\n<div id=\"viewer-a6fmq269\" class=\"-Zro6 -ZADH vVfzz _57WYp\"><span class=\"d0767 vVfzz\">\u00a0<\/span><\/div>\n<p id=\"viewer-j6csh147\" class=\"-Zro6 -ZADH vVfzz AnCKd _57WYp\"><span class=\"d0767 vVfzz\">En esta ocasi\u00f3n, la tradicional ceremonia tuvo un toque especial, ya que se distingui\u00f3 por la celebraci\u00f3n del Centenario de la Coronaci\u00f3n de la Primera Soberana de esta grandiosa fiesta que hoy es reconocida internacionalmente; en ese marco, varias exreinas de la feria realizaron una pasarela, donde exhibieron la belleza y elegancia que les caracteriza.<\/span><\/p>\n<div id=\"viewer-h1se1282\" class=\"-Zro6 -ZADH vVfzz _57WYp\"><span class=\"d0767 vVfzz\">\u00a0<\/span><\/div>\n<p id=\"viewer-dxj0v149\" class=\"-Zro6 -ZADH vVfzz AnCKd _57WYp\"><span class=\"d0767 vVfzz\">Acompa\u00f1ada de sus princesas Jatziri y Luc\u00eda, Rita I luci\u00f3 en todo su esplendor con un elegante vestido blanco que resaltaba su belleza; las tres realizaron su primera pasarela oficial en el m\u00e1ximo recinto de la verbena abrile\u00f1a, donde se dieron cita miles de personas, no solo de Aguascalientes, sino del pa\u00eds y de otras partes del mundo.<\/span><\/p>\n<div id=\"viewer-kr2up295\" class=\"-Zro6 -ZADH vVfzz _57WYp\"><span class=\"d0767 vVfzz\">\u00a0<\/span><\/div>\n<p id=\"viewer-elrl1151\" class=\"-Zro6 -ZADH vVfzz AnCKd _57WYp\"><span class=\"d0767 vVfzz\">En un gran ambiente lleno de m\u00fasica y colorido, correspondi\u00f3 al grupo Belanova amenizar esta noche y encabezar el primer concierto del Foro de las Estrellas; la agrupaci\u00f3n interpret\u00f3 sus principales \u00e9xitos que fueron entonados a una sola voz por los asistentes.<\/span><\/p>\n<div id=\"viewer-43e1y515\" class=\"-Zro6 -ZADH vVfzz _57WYp\"><span class=\"d0767 vVfzz\">\u00a0<\/span><\/div>\n<p id=\"viewer-g0lzy153\" class=\"-Zro6 -ZADH vVfzz AnCKd _57WYp\"><span class=\"d0767 vVfzz\">Cabe mencionar que en la edici\u00f3n 2024 de la FNSM, el pa\u00eds, estado y municipio invitados son Uruguay, Coahuila y Real de Asientos, respectivamente. <\/span><\/p>\n<div id=\"viewer-v1l66309\" class=\"-Zro6 -ZADH vVfzz _57WYp\"><span class=\"d0767 vVfzz\">\u00a0<\/span><\/div>\n<p id=\"viewer-iq05x155\" class=\"-Zro6 -ZADH vVfzz AnCKd _57WYp\"><span class=\"d0767 vVfzz\">En el magno evento tambi\u00e9n estuvieron autoridades federales, estatales y municipales, legisladores y representantes de las empresas patrocinadoras que hacen posible organizar una feria de gran calidad. <\/span><\/p>\n<div id=\"viewer-j9yfy322\" class=\"-Zro6 -ZADH vVfzz _57WYp\"><span class=\"d0767 vVfzz\">\u00a0<\/span><\/div>\n<p id=\"viewer-rs8kw157\" class=\"-Zro6 -ZADH vVfzz AnCKd _57WYp\"><span class=\"d0767 vVfzz\">La coronaci\u00f3n de la reina de la FNSM es una tradici\u00f3n muy importante en Aguascalientes y marca el inicio de una fiesta llena de m\u00fasica, baile, tradici\u00f3n y diversi\u00f3n para toda la familia. Este a\u00f1o, la FNSM promete ser a\u00fan m\u00e1s espectacular y emocionante que nunca.<\/span><\/p>\n<\/div>\n<\/div>\n<\/div>\n<\/div>\n","protected":false},"excerpt":{"rendered":"<p>#informativoelvalledeaguascalientes #novaradioaguascalientes #informativoelvalledeaguascalientesll #ElGiganteDeMexico Con este magno evento dio inicio oficial la mejor feria de M\u00e9xico \u00a0 El evento se distingui\u00f3 por la celebraci\u00f3n del Centenario de la Coronaci\u00f3n de la Primera Soberana de la FNSM; exreinas realizaron una pasarela El grupo Belanova fue el encargado de amenizar esta gran noche y abrir la serie [&hellip;]<\/p>\n","protected":false},"author":1,"featured_media":55129,"comment_status":"closed","ping_status":"open","sticky":false,"template":"","format":"standard","meta":{"advanced_seo_description":"","jetpack_seo_html_title":"","jetpack_seo_noindex":false,"_jetpack_memberships_contains_paid_content":false,"footnotes":"","jetpack_publicize_message":"","jetpack_publicize_feature_enabled":true,"jetpack_social_post_already_shared":true,"jetpack_social_options":{"image_generator_settings":{"template":"highway","default_image_id":0,"font":"","enabled":false},"version":2}},"categories":[21,4],"tags":[746,22,615,320],"class_list":["post-55128","post","type-post","status-publish","format-standard","has-post-thumbnail","hentry","category-aguascalientes","category-gobierno-del-estado-aguascalientes","tag-fnsm2024","tag-aguascalientes","tag-gobierno-del-estado-de-aguascalientes","tag-tere-jimenez"],"jetpack_publicize_connections":[],"jetpack_featured_media_url":"https:\/\/i0.wp.com\/informativoelvalledeaguascalientes.online\/wp-content\/uploads\/2024\/04\/WhatsApp-Image-2024-04-13-at-10.17.50-PM.jpeg?fit=1501%2C1001&ssl=1","jetpack-related-posts":[],"jetpack_sharing_enabled":true,"jetpack_likes_enabled":true,"_links":{"self":[{"href":"https:\/\/informativoelvalledeaguascalientes.online\/index.php?rest_route=\/wp\/v2\/posts\/55128","targetHints":{"allow":["GET"]}}],"collection":[{"href":"https:\/\/informativoelvalledeaguascalientes.online\/index.php?rest_route=\/wp\/v2\/posts"}],"about":[{"href":"https:\/\/informativoelvalledeaguascalientes.online\/index.php?rest_route=\/wp\/v2\/types\/post"}],"author":[{"embeddable":true,"href":"https:\/\/informativoelvalledeaguascalientes.online\/index.php?rest_route=\/wp\/v2\/users\/1"}],"replies":[{"embeddable":true,"href":"https:\/\/informativoelvalledeaguascalientes.online\/index.php?rest_route=%2Fwp%2Fv2%2Fcomments&post=55128"}],"version-history":[{"count":1,"href":"https:\/\/informativoelvalledeaguascalientes.online\/index.php?rest_route=\/wp\/v2\/posts\/55128\/revisions"}],"predecessor-version":[{"id":55130,"href":"https:\/\/informativoelvalledeaguascalientes.online\/index.php?rest_route=\/wp\/v2\/posts\/55128\/revisions\/55130"}],"wp:featuredmedia":[{"embeddable":true,"href":"https:\/\/informativoelvalledeaguascalientes.online\/index.php?rest_route=\/wp\/v2\/media\/55129"}],"wp:attachment":[{"href":"https:\/\/informativoelvalledeaguascalientes.online\/index.php?rest_route=%2Fwp%2Fv2%2Fmedia&parent=55128"}],"wp:term":[{"taxonomy":"category","embeddable":true,"href":"https:\/\/informativoelvalledeaguascalientes.online\/index.php?rest_route=%2Fwp%2Fv2%2Fcategories&post=55128"},{"taxonomy":"post_tag","embeddable":true,"href":"https:\/\/informativoelvalledeaguascalientes.online\/index.php?rest_route=%2Fwp%2Fv2%2Ftags&post=55128"}],"curies":[{"name":"wp","href":"https:\/\/api.w.org\/{rel}","templated":true}]}}