{"id":55098,"date":"2024-04-13T16:54:51","date_gmt":"2024-04-13T22:54:51","guid":{"rendered":"https:\/\/informativoelvalledeaguascalientes.online\/?p=55098"},"modified":"2024-04-14T15:51:08","modified_gmt":"2024-04-14T21:51:08","slug":"refrenda-tere-jimenez-apoyo-al-sector-vitivinicola-de-aguascalientes","status":"publish","type":"post","link":"https:\/\/informativoelvalledeaguascalientes.online\/?p=55098","title":{"rendered":"REFRENDA TERE JIM\u00c9NEZ APOYO AL SECTOR VITIVIN\u00cdCOLA DE AGUASCALIENTES"},"content":{"rendered":"<p>#informativoelvalledeaguascalientes<\/p>\n<p>#novaradioaguascalientes<\/p>\n<p>#informativoelvalledeaguascalientesll<\/p>\n<p>#ElGiganteDeMexico<\/p>\n<p id=\"viewer-foo\" class=\"-Zro6 -ZADH IjV6v AnCKd _57WYp\"><span class=\"d0767\">Al reunirse con productores vitivin\u00edcolas de Aguascalientes, la gobernadora Tere Jim\u00e9nez les refrend\u00f3 su respaldo para fortalecer e impulsar el resurgimiento de esta actividad que alguna vez coloc\u00f3 al estado como un referente por su vocaci\u00f3n en el cultivo de la uva.<\/span><\/p>\n<div id=\"viewer-yap54144\" class=\"-Zro6 -ZADH IjV6v _57WYp\"><span class=\"d0767\">\u00a0<\/span><\/div>\n<p id=\"viewer-wii9v145\" class=\"-Zro6 -ZADH vVfzz AnCKd _57WYp\"><span class=\"d0767 vVfzz\">\u201cEste es un tema muy importante porque somos referente internacional en vinos. Como todos los productos que se hacen aqu\u00ed, los vinos son de calidad y siempre est\u00e1n en mejora continua, por eso felicito al sector porque comenzaron con un sue\u00f1o que ahora es una realidad. So\u00f1emos en grande. S\u00e9 que el campo no es sencillo, es de perseverancia, constancia y determinaci\u00f3n, pero no est\u00e1n solos, estamos aqu\u00ed para seguir impuls\u00e1ndolos\u201d, les dijo la gobernadora.<\/span><\/p>\n<div id=\"viewer-n3s6m147\" class=\"-Zro6 -ZADH IjV6v _57WYp\"><span class=\"d0767\">\u00a0<\/span><\/div>\n<p id=\"viewer-obfnk148\" class=\"-Zro6 -ZADH vVfzz AnCKd _57WYp\"><span class=\"d0767 vVfzz\">Durante el encuentro, Tere Jim\u00e9nez escuch\u00f3 de viva voz las necesidades e inquietudes de los productores vitivin\u00edcolas de la entidad y les reiter\u00f3 su apoyo para comercializar sus productos e impulsar esta actividad industrial, gracias a la cual actualmente existen 24 vin\u00edcolas en la entidad que generan 200 etiquetas de vinos de mesa, muchas de las cuales han recibido premios internacionales por su calidad.<\/span><\/p>\n<div id=\"viewer-ykoi0150\" class=\"-Zro6 -ZADH IjV6v _57WYp\"><span class=\"d0767\">\u00a0<\/span><\/div>\n<p id=\"viewer-ijzb0151\" class=\"-Zro6 -ZADH vVfzz AnCKd _57WYp\"><span class=\"d0767 vVfzz\">La reuni\u00f3n se realiz\u00f3 en el Centro de Valor Agregado \u201cVi\u00f1a Estaci\u00f3n\u201d de la Universidad Tecnol\u00f3gica del Norte de Aguascalientes (UTNA), en el municipio de Rinc\u00f3n de Romos, donde la gobernadora realiz\u00f3 un recorrido por las instalaciones de este espacio que en conjunto con la organizaci\u00f3n Somos Vid, apoya a productores locales para la elaboraci\u00f3n de vino local, desde la molienda hasta el embotellamiento del mismo.<\/span><\/p>\n<div id=\"viewer-5h6xq153\" class=\"-Zro6 -ZADH IjV6v _57WYp\"><span class=\"d0767\">\u00a0<\/span><\/div>\n<p id=\"viewer-1be3a154\" class=\"-Zro6 -ZADH vVfzz AnCKd _57WYp\"><span class=\"d0767 vVfzz\">Este lugar tambi\u00e9n funciona como un centro de estudios de la vid, ya que los alumnos de la UTNA que cursan la carrera de T\u00e9cnico Superior Universitario en Agricultura Sustentable, \u00c1rea Vitivinicultura, pueden realizar sus pr\u00e1cticas y conocer m\u00e1s acerca del proceso para la producci\u00f3n del vino.\u00a0<\/span><\/p>\n<div id=\"viewer-7m3mu155\" class=\"-Zro6 -ZADH vVfzz _57WYp\"><span class=\"d0767 vVfzz\">\u00a0<\/span><\/div>\n<p id=\"viewer-kief6161\" class=\"-Zro6 -ZADH vVfzz AnCKd _57WYp\"><span class=\"d0767 vVfzz\">En el encuentro tambi\u00e9n estuvieron presentes la rectora de la UTNA, Alejandra L\u00f3pez R\u00e1bago; el secretario de Desarrollo Rural y Agroempresarial del estado, Isidoro Armend\u00e1riz Garc\u00eda; y Ricardo \u00c1lvarez Jim\u00e9nez, presidente del Comit\u00e9 Sistema Producto Vid.<\/span><\/p>\n","protected":false},"excerpt":{"rendered":"<p>#informativoelvalledeaguascalientes #novaradioaguascalientes #informativoelvalledeaguascalientesll #ElGiganteDeMexico Al reunirse con productores vitivin\u00edcolas de Aguascalientes, la gobernadora Tere Jim\u00e9nez les refrend\u00f3 su respaldo para fortalecer e impulsar el resurgimiento de esta actividad que alguna vez coloc\u00f3 al estado como un referente por su vocaci\u00f3n en el cultivo de la uva. \u00a0 \u201cEste es un tema muy importante porque somos [&hellip;]<\/p>\n","protected":false},"author":1,"featured_media":55099,"comment_status":"closed","ping_status":"open","sticky":false,"template":"","format":"standard","meta":{"advanced_seo_description":"","jetpack_seo_html_title":"","jetpack_seo_noindex":false,"_jetpack_memberships_contains_paid_content":false,"footnotes":"","jetpack_publicize_message":"","jetpack_publicize_feature_enabled":true,"jetpack_social_post_already_shared":true,"jetpack_social_options":{"image_generator_settings":{"template":"highway","default_image_id":0,"font":"","enabled":false},"version":2}},"categories":[21,4],"tags":[22,615,106,320],"class_list":["post-55098","post","type-post","status-publish","format-standard","has-post-thumbnail","hentry","category-aguascalientes","category-gobierno-del-estado-aguascalientes","tag-aguascalientes","tag-gobierno-del-estado-de-aguascalientes","tag-sedrae","tag-tere-jimenez"],"jetpack_publicize_connections":[],"jetpack_featured_media_url":"https:\/\/i0.wp.com\/informativoelvalledeaguascalientes.online\/wp-content\/uploads\/2024\/04\/CVA-2.jpg?fit=1440%2C960&ssl=1","jetpack-related-posts":[],"jetpack_sharing_enabled":true,"jetpack_likes_enabled":true,"_links":{"self":[{"href":"https:\/\/informativoelvalledeaguascalientes.online\/index.php?rest_route=\/wp\/v2\/posts\/55098","targetHints":{"allow":["GET"]}}],"collection":[{"href":"https:\/\/informativoelvalledeaguascalientes.online\/index.php?rest_route=\/wp\/v2\/posts"}],"about":[{"href":"https:\/\/informativoelvalledeaguascalientes.online\/index.php?rest_route=\/wp\/v2\/types\/post"}],"author":[{"embeddable":true,"href":"https:\/\/informativoelvalledeaguascalientes.online\/index.php?rest_route=\/wp\/v2\/users\/1"}],"replies":[{"embeddable":true,"href":"https:\/\/informativoelvalledeaguascalientes.online\/index.php?rest_route=%2Fwp%2Fv2%2Fcomments&post=55098"}],"version-history":[{"count":1,"href":"https:\/\/informativoelvalledeaguascalientes.online\/index.php?rest_route=\/wp\/v2\/posts\/55098\/revisions"}],"predecessor-version":[{"id":55100,"href":"https:\/\/informativoelvalledeaguascalientes.online\/index.php?rest_route=\/wp\/v2\/posts\/55098\/revisions\/55100"}],"wp:featuredmedia":[{"embeddable":true,"href":"https:\/\/informativoelvalledeaguascalientes.online\/index.php?rest_route=\/wp\/v2\/media\/55099"}],"wp:attachment":[{"href":"https:\/\/informativoelvalledeaguascalientes.online\/index.php?rest_route=%2Fwp%2Fv2%2Fmedia&parent=55098"}],"wp:term":[{"taxonomy":"category","embeddable":true,"href":"https:\/\/informativoelvalledeaguascalientes.online\/index.php?rest_route=%2Fwp%2Fv2%2Fcategories&post=55098"},{"taxonomy":"post_tag","embeddable":true,"href":"https:\/\/informativoelvalledeaguascalientes.online\/index.php?rest_route=%2Fwp%2Fv2%2Ftags&post=55098"}],"curies":[{"name":"wp","href":"https:\/\/api.w.org\/{rel}","templated":true}]}}