{"id":54961,"date":"2024-04-11T11:57:01","date_gmt":"2024-04-11T17:57:01","guid":{"rendered":"https:\/\/informativoelvalledeaguascalientes.online\/?p=54961"},"modified":"2024-04-11T12:58:47","modified_gmt":"2024-04-11T18:58:47","slug":"reconoce-tere-jimenez-a-mujeres-que-apoyan-a-su-comunidad","status":"publish","type":"post","link":"https:\/\/informativoelvalledeaguascalientes.online\/?p=54961","title":{"rendered":"RECONOCE TERE JIM\u00c9NEZ A MUJERES QUE APOYAN A SU COMUNIDAD"},"content":{"rendered":"<p><strong><a href=\"https:\/\/www.facebook.com\/hashtag\/informativoelvalledeaguascalientes\">#informativoelvalledeaguascalientes<\/a><\/strong><\/p>\n<p><strong><a href=\"https:\/\/www.facebook.com\/hashtag\/novaradioaguascalientes\">#novaradioaguascalientes<\/a><\/strong><\/p>\n<p>#informativoelvalledeaguascalientesll<\/p>\n<p><strong><a href=\"https:\/\/www.facebook.com\/GobiernodeAguascalientes\">#ElGiganteDeMexico<\/a><\/strong><\/p>\n<p id=\"viewer-87e5a135\" class=\"-Zro6 -ZADH vVfzz AnCKd _57WYp\"><span class=\"d0767 vVfzz\">La gobernadora de Aguascalientes, Tere Jim\u00e9nez, asisti\u00f3 a las capacitaciones sobre desarrollo comunitario que recibi\u00f3 un grupo de mujeres en la Casa del Bien Com\u00fan del fraccionamiento Solidaridad.<\/span><\/p>\n<div id=\"viewer-wfruz137\" class=\"-Zro6 -ZADH vVfzz _57WYp\"><span class=\"d0767 vVfzz\">\u00a0<\/span><\/div>\n<p id=\"viewer-nv82n138\" class=\"-Zro6 -ZADH vVfzz AnCKd _57WYp\"><span class=\"d0767 vVfzz\">En su mensaje, la gobernadora felicit\u00f3 a las asistentes por ser agentes de cambio y seguirse preparando para ayudar a su comunidad.<\/span><\/p>\n<div id=\"viewer-yy1j1140\" class=\"-Zro6 -ZADH vVfzz _57WYp\"><span class=\"d0767 vVfzz\">\u00a0<\/span><\/div>\n<p id=\"viewer-b1w3h141\" class=\"-Zro6 -ZADH vVfzz AnCKd _57WYp\"><span class=\"d0767 vVfzz\">\u201cUstedes son un ejemplo a seguir, pues a diario se esfuerzan por mejorar su entorno, y me da mucho gusto que se capaciten para seguir mejorando d\u00eda a d\u00eda\u201d, mencion\u00f3 Tere Jim\u00e9nez.<\/span><\/p>\n<div id=\"viewer-dm84r143\" class=\"-Zro6 -ZADH vVfzz _57WYp\"><span class=\"d0767 vVfzz\">\u00a0<\/span><\/div>\n<p id=\"viewer-uf461144\" class=\"-Zro6 -ZADH vVfzz AnCKd _57WYp\"><span class=\"d0767 vVfzz\">Patricia Castillo Romero, titular de la Secretar\u00eda de Desarrollo Social, tambi\u00e9n reconoci\u00f3 a las asistentes; \u201custedes son la voz de las mujeres valientes, y se est\u00e1n capacitando todos los d\u00edas para mejorar su entorno\u201d, les dijo.<\/span><\/p>\n","protected":false},"excerpt":{"rendered":"<p>#informativoelvalledeaguascalientes #novaradioaguascalientes #informativoelvalledeaguascalientesll #ElGiganteDeMexico La gobernadora de Aguascalientes, Tere Jim\u00e9nez, asisti\u00f3 a las capacitaciones sobre desarrollo comunitario que recibi\u00f3 un grupo de mujeres en la Casa del Bien Com\u00fan del fraccionamiento Solidaridad. \u00a0 En su mensaje, la gobernadora felicit\u00f3 a las asistentes por ser agentes de cambio y seguirse preparando para ayudar a su comunidad. [&hellip;]<\/p>\n","protected":false},"author":1,"featured_media":54962,"comment_status":"closed","ping_status":"open","sticky":false,"template":"","format":"standard","meta":{"advanced_seo_description":"","jetpack_seo_html_title":"","jetpack_seo_noindex":false,"_jetpack_memberships_contains_paid_content":false,"footnotes":"","jetpack_publicize_message":"","jetpack_publicize_feature_enabled":true,"jetpack_social_post_already_shared":true,"jetpack_social_options":{"image_generator_settings":{"template":"highway","default_image_id":0,"font":"","enabled":false},"version":2}},"categories":[21,4],"tags":[22,615,320],"class_list":["post-54961","post","type-post","status-publish","format-standard","has-post-thumbnail","hentry","category-aguascalientes","category-gobierno-del-estado-aguascalientes","tag-aguascalientes","tag-gobierno-del-estado-de-aguascalientes","tag-tere-jimenez"],"jetpack_publicize_connections":[],"jetpack_featured_media_url":"https:\/\/i0.wp.com\/informativoelvalledeaguascalientes.online\/wp-content\/uploads\/2024\/04\/WhatsApp-Image-2024-04-10-at-21.00.31.jpeg?fit=1600%2C1068&ssl=1","jetpack-related-posts":[],"jetpack_sharing_enabled":true,"jetpack_likes_enabled":true,"_links":{"self":[{"href":"https:\/\/informativoelvalledeaguascalientes.online\/index.php?rest_route=\/wp\/v2\/posts\/54961","targetHints":{"allow":["GET"]}}],"collection":[{"href":"https:\/\/informativoelvalledeaguascalientes.online\/index.php?rest_route=\/wp\/v2\/posts"}],"about":[{"href":"https:\/\/informativoelvalledeaguascalientes.online\/index.php?rest_route=\/wp\/v2\/types\/post"}],"author":[{"embeddable":true,"href":"https:\/\/informativoelvalledeaguascalientes.online\/index.php?rest_route=\/wp\/v2\/users\/1"}],"replies":[{"embeddable":true,"href":"https:\/\/informativoelvalledeaguascalientes.online\/index.php?rest_route=%2Fwp%2Fv2%2Fcomments&post=54961"}],"version-history":[{"count":2,"href":"https:\/\/informativoelvalledeaguascalientes.online\/index.php?rest_route=\/wp\/v2\/posts\/54961\/revisions"}],"predecessor-version":[{"id":54994,"href":"https:\/\/informativoelvalledeaguascalientes.online\/index.php?rest_route=\/wp\/v2\/posts\/54961\/revisions\/54994"}],"wp:featuredmedia":[{"embeddable":true,"href":"https:\/\/informativoelvalledeaguascalientes.online\/index.php?rest_route=\/wp\/v2\/media\/54962"}],"wp:attachment":[{"href":"https:\/\/informativoelvalledeaguascalientes.online\/index.php?rest_route=%2Fwp%2Fv2%2Fmedia&parent=54961"}],"wp:term":[{"taxonomy":"category","embeddable":true,"href":"https:\/\/informativoelvalledeaguascalientes.online\/index.php?rest_route=%2Fwp%2Fv2%2Fcategories&post=54961"},{"taxonomy":"post_tag","embeddable":true,"href":"https:\/\/informativoelvalledeaguascalientes.online\/index.php?rest_route=%2Fwp%2Fv2%2Ftags&post=54961"}],"curies":[{"name":"wp","href":"https:\/\/api.w.org\/{rel}","templated":true}]}}