{"id":5487,"date":"2020-04-19T21:31:34","date_gmt":"2020-04-20T03:31:34","guid":{"rendered":"https:\/\/informativoelvalledeaguascalientes.online\/?p=5487"},"modified":"2020-04-19T21:31:34","modified_gmt":"2020-04-20T03:31:34","slug":"gobierno-del-estado-pondra-en-operacion-zona-estatal-de-recuperacion-para-pacientes-de-covid-19","status":"publish","type":"post","link":"https:\/\/informativoelvalledeaguascalientes.online\/?p=5487","title":{"rendered":"GOBIERNO DEL ESTADO PONDR\u00c1 EN OPERACI\u00d3N ZONA ESTATAL DE RECUPERACI\u00d3N PARA PACIENTES DE COVID-19"},"content":{"rendered":"<ul>\n<li dir=\"ltr\">\n<p dir=\"ltr\">Primera etapa de este espacio comprender\u00e1 la habilitaci\u00f3n de 30 camas, si la demanda lo exige, su cupo m\u00e1ximo ser\u00e1 de 150<\/p>\n<\/li>\n<li dir=\"ltr\">\n<p dir=\"ltr\">Proceso de ingreso ser\u00e1 voluntario, en donde el ISSEA ofrecer\u00e1 la posibilidad de confinamiento durante 14 d\u00edas a casos positivos de Coronavirus de todo el estado.<\/p>\n<\/li>\n<\/ul>\n<p>&nbsp;<\/p>\n<p dir=\"ltr\">Las acciones encabezadas y coordinadas por el gobernador Mart\u00edn Orozco Sandoval para mantener aplanada la curva de contagios por el Coronavirus, se ampl\u00edan con la puesta en marcha de la Zona Estatal de Recuperaci\u00f3n para Pacientes de COVID-19, espacio que en pr\u00f3ximos d\u00edas iniciar\u00e1 operaciones y cuya finalidad es el confinamiento voluntario de pacientes positivos con sintomatolog\u00eda o asintom\u00e1ticos por este pat\u00f3geno durante su periodo de cuarentena, esto para\u00a0 evitar que aquellas personas o familiares que vivan en el mismo domicilio u zonas habitacionales contiguas sean contagiadas.<\/p>\n<p>&nbsp;<\/p>\n<p dir=\"ltr\">Al respecto, Lorena del Roc\u00edo Romo Mart\u00ednez, jefa estatal de Enfermer\u00eda de Segundo Nivel del ISSEA, inform\u00f3 que en la primera etapa de esta zona recuperaci\u00f3n se habilitar\u00e1n 30 camas, sin embargo, si la demanda lo exige por una mayor propagaci\u00f3n del virus en el estado, el cupo m\u00e1ximo de este espacio ser\u00e1 de 150.<\/p>\n<p>&nbsp;<\/p>\n<p dir=\"ltr\">Mencion\u00f3 que el proceso de ingreso consistir\u00e1 en que tras el diagn\u00f3stico positivo por este virus, personal de salud ofrecer\u00e1 a los pacientes la posibilidad de confinamiento en esta zona de recuperaci\u00f3n, en donde tras su ingreso permanecer\u00e1 durante 14 d\u00edas en proceso de recuperaci\u00f3n, periodo durante el cual personal m\u00e9dico evaluar\u00e1 la evoluci\u00f3n de su estado cl\u00ednico para identificar si el virus ya no est\u00e1 activo en su organismo para poder dictaminar su salida.<\/p>\n<p>&nbsp;<\/p>\n<p dir=\"ltr\">Destac\u00f3 que los \u00fanicos requisitos para el ingreso voluntario de personas ser\u00eda vestimenta para ese periodo de cuarentena e insumos personales de limpieza, pues el ISSEA proporcionar\u00e1 los materiales para la sanitizaci\u00f3n y desinfecci\u00f3n de superficies y \u00e1reas de recuperaci\u00f3n.<\/p>\n<p>&nbsp;<\/p>\n<p dir=\"ltr\">Romo Mart\u00ednez agreg\u00f3 que en esta zona los pacientes positivos recibir\u00e1n los alimentos necesarios para su pronta recuperaci\u00f3n durante su cuarentena, por lo que se contempla que los servicios de comida, valoraci\u00f3n m\u00e9dica y estancia no tengan ning\u00fan costo.<\/p>\n<p>&nbsp;<\/p>\n<p dir=\"ltr\">Precis\u00f3 que en este centro estar\u00e1n colaborando de manera interdisciplinaria alrededor de 20 personas del \u00e1rea m\u00e9dica, pre-hospitalaria, de enfermer\u00eda, trabajo social, as\u00ed como de psicolog\u00eda, quienes atender\u00e1n diariamente el estado m\u00e9dico y psicol\u00f3gico de\u00a0 los casos positivos por este virus, por lo que se les otorgar\u00e1 todos los aditamentos necesarios para su protecci\u00f3n, como trajes de bioseguridad, gafas de protecci\u00f3n, caretas, cubrebocas, entre otros.<\/p>\n<p>&nbsp;<\/p>\n<p dir=\"ltr\">Cabe mencionar que esta zona de recuperaci\u00f3n comprende una dimensi\u00f3n aproximada de 3 mil metros cuadrados, en la que se cuentan con \u00e1reas verdes, comedor, sanitarios, y espacios abiertos.<\/p>\n","protected":false},"excerpt":{"rendered":"<p>Primera etapa de este espacio comprender\u00e1 la habilitaci\u00f3n de 30 camas, si la demanda lo exige, su cupo m\u00e1ximo ser\u00e1 de 150 Proceso de ingreso ser\u00e1 voluntario, en donde el ISSEA ofrecer\u00e1 la posibilidad de confinamiento durante 14 d\u00edas a casos positivos de Coronavirus de todo el estado. &nbsp; Las acciones encabezadas y coordinadas por [&hellip;]<\/p>\n","protected":false},"author":1,"featured_media":5488,"comment_status":"closed","ping_status":"open","sticky":false,"template":"","format":"standard","meta":{"advanced_seo_description":"","jetpack_seo_html_title":"","jetpack_seo_noindex":false,"_jetpack_memberships_contains_paid_content":false,"footnotes":"","jetpack_publicize_message":"","jetpack_publicize_feature_enabled":true,"jetpack_social_post_already_shared":true,"jetpack_social_options":{"image_generator_settings":{"template":"highway","default_image_id":0,"font":"","enabled":false},"version":2}},"categories":[21,4],"tags":[22,30],"class_list":["post-5487","post","type-post","status-publish","format-standard","has-post-thumbnail","hentry","category-aguascalientes","category-gobierno-del-estado-aguascalientes","tag-aguascalientes","tag-issea"],"jetpack_publicize_connections":[],"jetpack_featured_media_url":"https:\/\/i0.wp.com\/informativoelvalledeaguascalientes.online\/wp-content\/uploads\/2020\/04\/issea_unidad_19042020.jpg?fit=1078%2C631&ssl=1","jetpack-related-posts":[],"jetpack_sharing_enabled":true,"jetpack_likes_enabled":true,"_links":{"self":[{"href":"https:\/\/informativoelvalledeaguascalientes.online\/index.php?rest_route=\/wp\/v2\/posts\/5487","targetHints":{"allow":["GET"]}}],"collection":[{"href":"https:\/\/informativoelvalledeaguascalientes.online\/index.php?rest_route=\/wp\/v2\/posts"}],"about":[{"href":"https:\/\/informativoelvalledeaguascalientes.online\/index.php?rest_route=\/wp\/v2\/types\/post"}],"author":[{"embeddable":true,"href":"https:\/\/informativoelvalledeaguascalientes.online\/index.php?rest_route=\/wp\/v2\/users\/1"}],"replies":[{"embeddable":true,"href":"https:\/\/informativoelvalledeaguascalientes.online\/index.php?rest_route=%2Fwp%2Fv2%2Fcomments&post=5487"}],"version-history":[{"count":1,"href":"https:\/\/informativoelvalledeaguascalientes.online\/index.php?rest_route=\/wp\/v2\/posts\/5487\/revisions"}],"predecessor-version":[{"id":5489,"href":"https:\/\/informativoelvalledeaguascalientes.online\/index.php?rest_route=\/wp\/v2\/posts\/5487\/revisions\/5489"}],"wp:featuredmedia":[{"embeddable":true,"href":"https:\/\/informativoelvalledeaguascalientes.online\/index.php?rest_route=\/wp\/v2\/media\/5488"}],"wp:attachment":[{"href":"https:\/\/informativoelvalledeaguascalientes.online\/index.php?rest_route=%2Fwp%2Fv2%2Fmedia&parent=5487"}],"wp:term":[{"taxonomy":"category","embeddable":true,"href":"https:\/\/informativoelvalledeaguascalientes.online\/index.php?rest_route=%2Fwp%2Fv2%2Fcategories&post=5487"},{"taxonomy":"post_tag","embeddable":true,"href":"https:\/\/informativoelvalledeaguascalientes.online\/index.php?rest_route=%2Fwp%2Fv2%2Ftags&post=5487"}],"curies":[{"name":"wp","href":"https:\/\/api.w.org\/{rel}","templated":true}]}}